{"id":977,"date":"2024-11-29T21:26:34","date_gmt":"2024-11-29T21:26:34","guid":{"rendered":"https:\/\/patagoniarebeldeweb.com.ar\/?p=977"},"modified":"2024-11-29T21:27:32","modified_gmt":"2024-11-29T21:27:32","slug":"general-rodriguez","status":"publish","type":"post","link":"https:\/\/patagoniarebeldeweb.com.ar\/?p=977","title":{"rendered":"General Rodr\u00edguez"},"content":{"rendered":"\n<h2 class=\"wp-block-heading\"><strong>Fundaci\u00f3n<\/strong><\/h2>\n\n\n\n<p><strong>1864<\/strong><\/p>\n\n\n\n<p>La historia de la ciudad est\u00e1 ligada, desde sus comienzos, al ferrocarril. En el a\u00f1o 1864, el por ese entonces gobernador Eusebio Mariano Saavedra decret\u00f3 la fundaci\u00f3n del pueblo el 12 de mayo, sobre las bases de unas tierras donadas por Bernardo de Irigoyen, y le dio el nombre de General Rodr\u00edguez, en memoria de Don Mart\u00edn Rodr\u00edguez, ex gobernador de Buenos Aires entre los a\u00f1os 1820 y 1824. Asimismo, en este acto se autoriz\u00f3 tambi\u00e9n la instalaci\u00f3n de la Estaci\u00f3n del ferrocarril, hecho que favoreci\u00f3 el desarrollo del pueblo. <\/p>\n\n\n\n<h2 class=\"wp-block-heading\"><strong>Historia<\/strong><\/h2>\n\n\n\n<p><strong>1878<\/strong><\/p>\n\n\n\n<p>Catorce a\u00f1os despu\u00e9s, por Ley Provincial el 25 de Octubre de 1878 fue creado el Partido de General Rodr\u00edguez, sobre la base del pueblo del mismo nombre y con territorio desmembrado de la jurisdicci\u00f3n del Partido de Luj\u00e1n..<\/p>\n\n\n\n<p><strong>1881<\/strong><\/p>\n\n\n\n<p>Las primeras autoridades asumieron el 1 de Enero de 1881, con Juan Garrahan como Juez de Paz y Presidente de la Corporaci\u00f3n Municipal.<\/p>\n\n\n\n<figure class=\"wp-block-image size-large\"><img fetchpriority=\"high\" decoding=\"async\" width=\"1024\" height=\"768\" src=\"https:\/\/patagoniarebeldeweb.com.ar\/wp-content\/uploads\/2024\/11\/1-1-1024x768.jpg\" alt=\"\" class=\"wp-image-979\" srcset=\"https:\/\/patagoniarebeldeweb.com.ar\/wp-content\/uploads\/2024\/11\/1-1-1024x768.jpg 1024w, https:\/\/patagoniarebeldeweb.com.ar\/wp-content\/uploads\/2024\/11\/1-1-300x225.jpg 300w, https:\/\/patagoniarebeldeweb.com.ar\/wp-content\/uploads\/2024\/11\/1-1-768x576.jpg 768w, https:\/\/patagoniarebeldeweb.com.ar\/wp-content\/uploads\/2024\/11\/1-1-1536x1152.jpg 1536w, https:\/\/patagoniarebeldeweb.com.ar\/wp-content\/uploads\/2024\/11\/1-1-2048x1536.jpg 2048w\" sizes=\"(max-width: 1024px) 100vw, 1024px\" \/><\/figure>\n\n\n\n<h2 class=\"wp-block-heading\"><strong>Desarrollo<\/strong><\/h2>\n\n\n\n<p>Desde sus or\u00edgenes General Rodr\u00edguez conserva sus caracter\u00edsticas de tranquilidad y serenidad que la hace especialmente apta para el descanso y la recreaci\u00f3n.<\/p>\n\n\n\n<p>En su historia se convirti\u00f3 en el asiento de gran cantidad de fincas de fin de semana, favorecido por su clima, sus caracter\u00edsticas residenciales y sus facilidades de acceso. General Rodr\u00edguez evolucion\u00f3 hasta convertirse -en la actualidad- en un partido con una poblaci\u00f3n estimada de 130 mil habitantes.<\/p>\n\n\n\n<h2 class=\"wp-block-heading\"><strong>Ubicaci\u00f3n<\/strong><\/h2>\n\n\n\n<p>La ciudad de General Rodr\u00edguez se encuentra situada en el noreste de la provincia de Buenos Aires, a 55 kil\u00f3metros de la Ciudad Aut\u00f3noma de Buenos Aires y limita con los partidos de Pilar, Moreno, Marcos Paz, General Las Heras, Merlo y Luj\u00e1n. Debido a su geograf\u00eda urbana conserva a\u00fan rasgos t\u00edpicos de pueblo del interior de la provincia, tales como la ubicaci\u00f3n de la estaci\u00f3n de ferrocarril cercana a la plaza central, y en torno a esta, la iglesia, la comisar\u00eda y el edificio municipal.<\/p>\n\n\n\n<figure class=\"wp-block-image size-large\"><img decoding=\"async\" width=\"1280\" height=\"777\" src=\"https:\/\/patagoniarebeldeweb.com.ar\/wp-content\/uploads\/2024\/11\/2-1024x622.jpg\" alt=\"\" class=\"wp-image-980\" srcset=\"https:\/\/patagoniarebeldeweb.com.ar\/wp-content\/uploads\/2024\/11\/2-1024x622.jpg 1024w, https:\/\/patagoniarebeldeweb.com.ar\/wp-content\/uploads\/2024\/11\/2-300x182.jpg 300w, https:\/\/patagoniarebeldeweb.com.ar\/wp-content\/uploads\/2024\/11\/2-768x466.jpg 768w, https:\/\/patagoniarebeldeweb.com.ar\/wp-content\/uploads\/2024\/11\/2.jpg 1280w\" sizes=\"(max-width: 1280px) 100vw, 1280px\" \/><\/figure>\n\n\n\n<h2 class=\"wp-block-heading\"><strong>El escudo<\/strong><\/h2>\n\n\n\n<p>Los s\u00edmbolos del Escudo representan lo siguiente:<\/p>\n\n\n\n<ul class=\"wp-block-list\">\n<li><strong>La Pampa:<\/strong>\u00a0la argentinidad.<\/li>\n\n\n\n<li><strong>El sol:<\/strong>\u00a0la pujanza y el crecimiento.<\/li>\n\n\n\n<li><strong>La rueda:<\/strong>\u00a0la civilizaci\u00f3n.<\/li>\n\n\n\n<li><strong>El horizonte:<\/strong>\u00a0la l\u00ednea de frontera.<\/li>\n\n\n\n<li><strong>Dos lanzas:<\/strong>\u00a0las primeras armas de nuestros guerreros.<\/li>\n\n\n\n<li><strong>Los laureles que circulan el \u00f3valo:<\/strong>\u00a0significan gloria y victoria alcanzadas en las luchas nacionales.<\/li>\n\n\n\n<li><strong>Cinta Celeste y Blanca:<\/strong>\u00a0simboliza la Patria.<\/li>\n<\/ul>\n\n\n\n<p>Las dos tacuras que se cruzan sobre una rueda de carro se proyectan sobre un fondo que refleja fielmente el verdadero paisaje de la Ciudad, un sol brillante sobre un cielo celeste y abierto, y m\u00e1s abajo, una tierra verde, llana y serena.<\/p>\n\n\n\n<h2 class=\"wp-block-heading\"><strong>La <\/strong><strong>bandera<\/strong><strong><\/strong><\/h2>\n\n\n\n<p>Significado de los elementos que la componen:<\/p>\n\n\n\n<ul class=\"wp-block-list\">\n<li><strong>La Rueda:<\/strong>\u00a0representa el progreso econ\u00f3mico-social a trav\u00e9s de la historia.<\/li>\n\n\n\n<li><strong>El Engranaje:<\/strong>\u00a0toma el color del sol, simbolizando la luz del saber que dio lugar al desarrollo industrial en beneficio del desarrollo social. Ambos -la rueda y el engranaje- representan el progreso econ\u00f3mico y el desarrollo social, por otro lado, vincula y unifica a la bandera con los s\u00edmbolos patrios que nos identifican a nivel nacional y provincial.<\/li>\n\n\n\n<li><strong>El Tarro Lechero:<\/strong>\u00a0representa a la industria l\u00e1ctea desde la producci\u00f3n hasta el procesamiento de sus productos, esto significo el impulso econ\u00f3mico que permiti\u00f3 al partido desarrollarse demogr\u00e1ficamente en los \u00faltimos a\u00f1os.<\/li>\n<\/ul>\n\n\n\n<p>De los colores:<\/p>\n\n\n\n<ul class=\"wp-block-list\">\n<li><strong>El verde:<\/strong>\u00a0sostiene la composici\u00f3n, volvi\u00e9ndose indispensable, ya que el distrito se considera la puerta de entrada a la Pampa H\u00fameda, convirtiendo a la zona en suelo propicio para la industria l\u00e1ctea (entre otras) que depende del clima.<\/li>\n\n\n\n<li><strong>El blanco:<\/strong>\u00a0representa a la pureza, por ello se vuelve necesario, ya que nuestro distrito es favorecido geogr\u00e1ficamente ya que se ubica a mayor altura sobre el nivel del mar que sus distritos vecinos, distingui\u00e9ndose de ellos por su aire limpio y fresco, aun en veranos incandescentes.<\/li>\n\n\n\n<li><strong>El amarillo:\u00a0<\/strong>unifica esta bandera propuesta, con la insignia nacional y provincial.<\/li>\n\n\n\n<li><strong>El rojo:\u00a0<\/strong>representa al sue\u00f1o de un pa\u00eds federal, sue\u00f1o que se pone en marcha a trav\u00e9s de los hombres y mujeres que luchan con pasi\u00f3n (tambi\u00e9n el rojo) porque est\u00e1n convencidos que se puede construir un futuro mejor.<\/li>\n\n\n\n<li><strong>El negro:<\/strong>\u00a0enmarca las formas, las sostiene y no es casual, al contrario, representa a los hombres y mujeres que, de manera directa o indirecta dieron su vida en defensa de sus ideales.<\/li>\n<\/ul>\n\n\n\n<h2 class=\"wp-block-heading\"><strong>Wikipedia<\/strong><\/h2>\n\n\n\n<h2 class=\"wp-block-heading\"><strong>Descripci\u00f3n de General Rodr\u00edguez en Wikipedia<\/strong><\/h2>\n\n\n\n<p><strong>General Rodr\u00edguez<\/strong>&nbsp;es una ciudad&nbsp;<a href=\"https:\/\/es.wikipedia.org\/wiki\/Argentina\">argentina<\/a>, siendo la&nbsp;<a href=\"https:\/\/es.wikipedia.org\/wiki\/Capital_(pol%C3%ADtica)\">cabecera<\/a>&nbsp;del&nbsp;<a href=\"https:\/\/es.wikipedia.org\/wiki\/Partido_de_General_Rodr%C3%ADguez\">partido hom\u00f3nimo<\/a>&nbsp;situado en la&nbsp;<a href=\"https:\/\/es.wikipedia.org\/wiki\/Provincia_de_Buenos_Aires\">provincia de Buenos Aires<\/a>. Se localiza en la&nbsp;<a href=\"https:\/\/es.wikipedia.org\/wiki\/Zona_Oeste_del_Gran_Buenos_Aires\">zona oeste del \u00e1rea metropolitana de Buenos Aires<\/a>, a 32&nbsp;<a href=\"https:\/\/es.wikipedia.org\/wiki\/Kil%C3%B3metro\">kil\u00f3metros<\/a>&nbsp;de su acceso m\u00e1s cercano a la&nbsp;<a href=\"https:\/\/es.wikipedia.org\/wiki\/Ciudad_Aut%C3%B3noma_de_Buenos_Aires\">Ciudad Aut\u00f3noma de Buenos Aires<\/a>.<a href=\"https:\/\/es.wikipedia.org\/wiki\/General_Rodr%C3%ADguez#cite_note-3\"><sup>3<\/sup><\/a><\/p>\n\n\n\n<p>Esta ciudad es conocida por la f\u00e1brica de l\u00e1cteos&nbsp;<a href=\"https:\/\/es.wikipedia.org\/wiki\/La_Seren%C3%ADsima\">La Seren\u00edsima<\/a>, una empresa exportadora de productos y reconocida como la principal del mercado nacional. La f\u00e1brica es fuente de trabajo para la ciudad y las localidades aleda\u00f1as, y es responsable de hacer de General Rodr\u00edguez un punto fuerte de la&nbsp;<a href=\"https:\/\/es.wikipedia.org\/wiki\/Econom%C3%ADa_(ciencia_econ%C3%B3mica)\">econom\u00eda<\/a>&nbsp;regional. Debido a esto, esta ciudad es muy pr\u00f3spera dentro de la&nbsp;<a href=\"https:\/\/es.wikipedia.org\/wiki\/Zona_Oeste_del_Gran_Buenos_Aires\">zona oeste del AMBA<\/a>.<\/p>\n\n\n\n<figure class=\"wp-block-image aligncenter size-full\"><img decoding=\"async\" width=\"640\" height=\"480\" src=\"https:\/\/patagoniarebeldeweb.com.ar\/wp-content\/uploads\/2024\/11\/4.jpg\" alt=\"\" class=\"wp-image-981\" srcset=\"https:\/\/patagoniarebeldeweb.com.ar\/wp-content\/uploads\/2024\/11\/4.jpg 640w, https:\/\/patagoniarebeldeweb.com.ar\/wp-content\/uploads\/2024\/11\/4-300x225.jpg 300w\" sizes=\"(max-width: 640px) 100vw, 640px\" \/><\/figure>\n\n\n\n<p><strong>Toponimia<\/strong><\/p>\n\n\n\n<p>La ciudad lleva el nombre en honor al&nbsp;<a href=\"https:\/\/es.wikipedia.org\/wiki\/Militar\">militar<\/a>&nbsp;de la&nbsp;<a href=\"https:\/\/es.wikipedia.org\/wiki\/Guerra_de_la_Independencia_Argentina\">Guerra de la Independencia Argentina<\/a>&nbsp;y&nbsp;<a href=\"https:\/\/es.wikipedia.org\/wiki\/Gobernador_de_la_provincia_de_Buenos_Aires\">gobernador de la provincia de Buenos Aires<\/a>, general&nbsp;<a href=\"https:\/\/es.wikipedia.org\/wiki\/Mart%C3%ADn_Rodr%C3%ADguez\">Mart\u00edn Rodr\u00edguez<\/a>.<\/p>\n\n\n\n<p><strong>Historia<\/strong><\/p>\n\n\n\n<ul class=\"wp-block-list\">\n<li>En 1775 encontramos el primer antecedente de una poblaci\u00f3n en el lugar por una posta de correos y diligencia instalada en lo que se conoc\u00eda como\u00a0<strong>Ca\u00f1ada de Escobar<\/strong>, administrada por Lorenzo Peralta, raz\u00f3n por la cual tambi\u00e9n se conoc\u00eda al lugar como\u00a0<strong>Posta de Peralta<\/strong>.<\/li>\n\n\n\n<li>La llegada del ferrocarril en 1864 signific\u00f3 el fin de la posta de correos pero el comienzo del pueblo con la apertura de la estaci\u00f3n General Rodr\u00edguez a medio camino entre\u00a0<a href=\"https:\/\/es.wikipedia.org\/wiki\/Moreno_(Buenos_Aires)\">Moreno<\/a>\u00a0y\u00a0<a href=\"https:\/\/es.wikipedia.org\/wiki\/Luj%C3%A1n\">Luj\u00e1n<\/a>. Ese mismo a\u00f1o se fund\u00f3 el pueblo sobre las bases de unas tierras donadas por\u00a0<a href=\"https:\/\/es.wikipedia.org\/wiki\/Bernardo_de_Irigoyen\">Bernardo de Irigoyen<\/a>, Manuela G\u00f3mez y Manuela Maison, la traza fue realizada por el arquitecto Otto Arnin.<\/li>\n\n\n\n<li>El ferrocarril signific\u00f3 un gran impulso y avance para el poblado, que pronto tendr\u00eda su primera capilla (1871) y se independizar\u00eda del\u00a0<a href=\"https:\/\/es.wikipedia.org\/wiki\/Partido_de_Luj%C3%A1n\">partido de Luj\u00e1n<\/a>\u00a0en 1878. Como dato curioso, Bernardo de Irigoyen pose\u00eda en el lugar una estancia de descanso, en la cual se plantaron los primeros\u00a0<a href=\"https:\/\/es.wikipedia.org\/wiki\/Eucalipto\">eucaliptos<\/a>\u00a0del pa\u00eds.<\/li>\n\n\n\n<li>El 1 de enero de 1881 asumieron las primeras autoridades locales, siendo el Sr. Juan Garrahan nombrado como\u00a0<a href=\"https:\/\/es.wikipedia.org\/wiki\/Juez_de_paz\">juez de paz<\/a>\u00a0y presidente de la corporaci\u00f3n municipal.<\/li>\n\n\n\n<li>En 1929 se radica definitivamente el establecimiento industrial que contribuir\u00eda en buena parte al desarrollo de General Rodr\u00edguez y La Naci\u00f3n: la empresa\u00a0<a href=\"https:\/\/es.wikipedia.org\/wiki\/Industria_l%C3%A1ctea\">l\u00e1ctea<\/a>\u00a0<a href=\"https:\/\/es.wikipedia.org\/wiki\/La_Seren%C3%ADsima\">La Seren\u00edsima<\/a>.<\/li>\n<\/ul>\n\n\n\n<p><strong>Geograf\u00eda<\/strong><\/p>\n\n\n\n<p><strong>Ubicaci\u00f3n<\/strong><\/p>\n\n\n\n<p>El partido se encuentra en el noreste de la&nbsp;<a href=\"https:\/\/es.wikipedia.org\/wiki\/Provincia_de_Buenos_Aires\">provincia de Buenos Aires<\/a>, a 51&nbsp;kil\u00f3metros al oeste de la&nbsp;<a href=\"https:\/\/es.wikipedia.org\/wiki\/Buenos_Aires\">Ciudad de Buenos Aires<\/a>, lindando con los partidos de&nbsp;<a href=\"https:\/\/es.wikipedia.org\/wiki\/Partido_de_Pilar\">Pilar<\/a>,&nbsp;<a href=\"https:\/\/es.wikipedia.org\/wiki\/Partido_de_Moreno\">Moreno<\/a>,&nbsp;<a href=\"https:\/\/es.wikipedia.org\/wiki\/Partido_de_Marcos_Paz\">Marcos Paz<\/a>,&nbsp;<a href=\"https:\/\/es.wikipedia.org\/wiki\/Partido_de_General_Las_Heras\">General Las Heras<\/a>,&nbsp;<a href=\"https:\/\/es.wikipedia.org\/wiki\/Partido_de_Merlo\">Merlo<\/a>&nbsp;y&nbsp;<a href=\"https:\/\/es.wikipedia.org\/wiki\/Partido_de_Luj%C3%A1n\">Luj\u00e1n<\/a>. La geograf\u00eda f\u00edsica del lugar corresponde a llanura pampeana bonaerense urbanizada con abundante&nbsp;<a href=\"https:\/\/es.wikipedia.org\/wiki\/Naturaleza\">Naturaleza<\/a>.<\/p>\n\n\n\n<figure class=\"wp-block-image size-full\"><img loading=\"lazy\" decoding=\"async\" width=\"920\" height=\"613\" src=\"https:\/\/patagoniarebeldeweb.com.ar\/wp-content\/uploads\/2024\/11\/7.jpg\" alt=\"\" class=\"wp-image-982\" srcset=\"https:\/\/patagoniarebeldeweb.com.ar\/wp-content\/uploads\/2024\/11\/7.jpg 920w, https:\/\/patagoniarebeldeweb.com.ar\/wp-content\/uploads\/2024\/11\/7-300x200.jpg 300w, https:\/\/patagoniarebeldeweb.com.ar\/wp-content\/uploads\/2024\/11\/7-768x512.jpg 768w\" sizes=\"(max-width: 920px) 100vw, 920px\" \/><\/figure>\n\n\n\n<p><strong>Poblaci\u00f3n<\/strong><\/p>\n\n\n\n<ul class=\"wp-block-list\">\n<li>Seg\u00fan estimaciones para enero de 2019 la poblaci\u00f3n era de 110.487 habitantes .<a href=\"https:\/\/es.wikipedia.org\/wiki\/General_Rodr%C3%ADguez#cite_note-4\"><sup>4<\/sup><\/a><\/li>\n\n\n\n<li>Poblaci\u00f3n 1991\u00a0: 43,383 habitantes (<a href=\"https:\/\/es.wikipedia.org\/wiki\/Instituto_Nacional_de_Estad%C3%ADstica_y_Censos_(Argentina)\">Indec<\/a>,\u00a0<a href=\"https:\/\/es.wikipedia.org\/wiki\/Censo_argentino_de_1991\">1991<\/a>)<\/li>\n\n\n\n<li>Poblaci\u00f3n 2001\u00a0: 61,931 habitantes (<a href=\"https:\/\/es.wikipedia.org\/wiki\/Instituto_Nacional_de_Estad%C3%ADstica_y_Censos_(Argentina)\">Indec<\/a>,\u00a0<a href=\"https:\/\/es.wikipedia.org\/wiki\/Censo_argentino_de_2001\">2001<\/a>)<\/li>\n\n\n\n<li>Poblaci\u00f3n 2010\u00a0: 81,491 habitantes (<a href=\"https:\/\/es.wikipedia.org\/wiki\/Instituto_Nacional_de_Estad%C3%ADstica_y_Censos_(Argentina)\">Indec<\/a>,\u00a0<a href=\"https:\/\/es.wikipedia.org\/wiki\/Censo_argentino_de_2010\">2010<\/a>)<\/li>\n\n\n\n<li>Poblaci\u00f3n 2022\u00a0: 143,491 habitantes (<a href=\"https:\/\/es.wikipedia.org\/wiki\/Instituto_Nacional_de_Estad%C3%ADstica_y_Censos_(Argentina)\">Indec<\/a>,\u00a0<a href=\"https:\/\/es.wikipedia.org\/wiki\/Censo_argentino_de_2022\">2022<\/a>)<\/li>\n<\/ul>\n\n\n\n<p><strong>Agricultura y ganader\u00eda<\/strong><\/p>\n\n\n\n<ul class=\"wp-block-list\">\n<li>Trigo: superficie sembrada: 1000\u00a0<a href=\"https:\/\/es.wikipedia.org\/wiki\/Ha\">ha<\/a>\u00a0Producci\u00f3n total: 3969 t<\/li>\n\n\n\n<li>Ma\u00edz: superficie sembrada: 400 ha Producci\u00f3n total: 2555 t<\/li>\n\n\n\n<li>Girasol: superficie sembrada: 110 ha Producci\u00f3n total: 196 t<\/li>\n\n\n\n<li>Soja: superficie sembrada: 1898 ha Producci\u00f3n total: 57965 t<\/li>\n\n\n\n<li>Ganado bovino: 24196 cabezas<\/li>\n\n\n\n<li>Producci\u00f3n av\u00edcola<\/li>\n<\/ul>\n\n\n\n<p><strong>Deportes<\/strong><\/p>\n\n\n\n<ul class=\"wp-block-list\">\n<li>Situado en una de las mejores zonas de campo de la regi\u00f3n, ostenta en su extensi\u00f3n los principales clubes de polo del pa\u00eds.<\/li>\n<\/ul>\n\n\n\n<p>Uno de los clubes m\u00e1s importantes de General Rodr\u00edguez es La Ellerstina Polo Club, que al ganar de la Triple Corona en el 2010 lograr entrar a la historia del polo como uno de los 5 equipos que lograron obtener los tres t\u00edtulos m\u00e1s importantes (Tortugas, Palermo, Hurlingham) por segunda vez. La \u00faltima hab\u00eda sido en el a\u00f1o 1994.<\/p>\n\n\n\n<p>Dentro de los clubes deportivos tradicionales cabe destacar la existencia del&nbsp;<a href=\"https:\/\/es.wikipedia.org\/wiki\/Club_Deportivo_y_Mutual_Leandro_N._Alem\">Club Deportivo y Mutual Leandro N. Alem<\/a>, de larga trayectoria en el ascenso. En esta ciudad se encontraba tambi\u00e9n la sede del&nbsp;<a href=\"https:\/\/es.wikipedia.org\/wiki\/Club_Atl%C3%A9tico,_Social_y_Deportivo_Camioneros\">Club Atl\u00e9tico, Social y Deportivo Camioneros<\/a>, que en 2014 termin\u00f3 fijando su sede con la inauguraci\u00f3n de su estadio en la ciudad de&nbsp;<a href=\"https:\/\/es.wikipedia.org\/wiki\/Nueve_de_Abril\">Nueve de Abril<\/a>. Este \u00faltimo, se hab\u00eda formado gracias al accionar del Sindicato de Camioneros y mayoritariamente, por empleados de&nbsp;<a href=\"https:\/\/es.wikipedia.org\/wiki\/La_Seren%C3%ADsima\">La Seren\u00edsima<\/a>.<\/p>\n\n\n\n<p>Adem\u00e1s, el jugador&nbsp;<a href=\"https:\/\/es.wikipedia.org\/wiki\/Daniel_Cordone\">Daniel &#8220;El Lobo&#8221; Cordone<\/a>&nbsp;(exjugador de V\u00e9lez S\u00e1rfield, San Lorenzo y Newcastle, entre otros, y actual DT del Club Leandro N. Alem) es originario del partido de General Rodr\u00edguez.<\/p>\n\n\n\n<p>En el \u00e1mbito del&nbsp;<a href=\"https:\/\/es.wikipedia.org\/wiki\/Levantamiento_de_potencia\">Powerlifting<\/a>&nbsp;se encuentran como Campe\u00f3n Nacional de&nbsp;<a href=\"https:\/\/es.wikipedia.org\/wiki\/Peso_muerto\">Deadlift<\/a>, Nicol\u00e1s Javier Giglio del Gimnasio&nbsp;<a href=\"https:\/\/es.wikipedia.org\/wiki\/Vulcano_(mitolog%C3%ADa)\">Vulcano<\/a>&nbsp;en la categor\u00eda 82,5 kg logrando&nbsp;<a href=\"https:\/\/es.wikipedia.org\/wiki\/R%C3%A9cord_mundial\">R\u00e9cord<\/a>&nbsp;Nacional de 250,5 kg.<\/p>\n\n\n\n<p>Posee, sobre la Ruta Provincial N.\u00ba 6 el Aer\u00f3dromo p\u00fablico &#8220;Ildefonso Durana&#8221;, sede de la Asociaci\u00f3n Argentina de aviaci\u00f3n experimental, siendo el aer\u00f3dromo p\u00fablico &#8220;No Controlado&#8221; de mayor actividad en todo el pa\u00eds y posiblemente de toda Sudam\u00e9rica.<\/p>\n\n\n\n<figure class=\"wp-block-image size-full\"><img loading=\"lazy\" decoding=\"async\" width=\"940\" height=\"623\" src=\"https:\/\/patagoniarebeldeweb.com.ar\/wp-content\/uploads\/2024\/11\/7-1.jpg\" alt=\"\" class=\"wp-image-983\" srcset=\"https:\/\/patagoniarebeldeweb.com.ar\/wp-content\/uploads\/2024\/11\/7-1.jpg 940w, https:\/\/patagoniarebeldeweb.com.ar\/wp-content\/uploads\/2024\/11\/7-1-300x199.jpg 300w, https:\/\/patagoniarebeldeweb.com.ar\/wp-content\/uploads\/2024\/11\/7-1-768x509.jpg 768w\" sizes=\"(max-width: 940px) 100vw, 940px\" \/><\/figure>\n\n\n\n<p><strong>Medios de transporte y v\u00edas de acceso<\/strong><\/p>\n\n\n\n<ul class=\"wp-block-list\">\n<li>Nacionales: Autopista del Oeste, RN 7.<\/li>\n\n\n\n<li>Provinciales: RP 6, RP 7, RP 24, RP 28.<\/li>\n\n\n\n<li>\u00d3mnibus: l\u00ednea local\u00a0<a href=\"https:\/\/es.wikipedia.org\/wiki\/L%C3%ADnea_500_(General_Rodriguez)\">500<\/a>\u00a0Transporte &#8220;La Perlita&#8221;<\/li>\n\n\n\n<li>\u00d3mnibus interurbano Luj\u00e1n &#8211; Palermo X Autopista L\u00ednea 57<\/li>\n\n\n\n<li>\u00d3mnibus interurbano Mercedes &#8211; Palermo X Autopista l\u00ednea 57<\/li>\n\n\n\n<li>\u00d3mnibus interurbano Moreno &#8211; General Rodr\u00edguez Transporte &#8220;La Perlita&#8221; l\u00ednea 422 Once l\u00ednea 57<\/li>\n\n\n\n<li>\u00d3mnibus interurbano Luj\u00e1n &#8211; Escobar l\u00ednea 276<\/li>\n\n\n\n<li>\u00d3mnibus Interurbano Carmen de Areco &#8211; Escobar l\u00ednea 276<\/li>\n\n\n\n<li>\u00d3mnibus interurbano Luj\u00e1n &#8211; Gral. Lemos l\u00ednea 365<\/li>\n\n\n\n<li>\u00d3mnibus interurbano Moreno &#8211; Luj\u00e1n l\u00ednea 203 &#8211; por Acceso Oeste<\/li>\n\n\n\n<li>\u00d3mnibus interurbano Moreno &#8211; General Rodr\u00edguez Transporte &#8220;La Perlita&#8221; l\u00ednea 422<\/li>\n\n\n\n<li>\u00d3mnibus interurbano Ituzaing\u00f3 &#8211; General Rodr\u00edguez Transporte &#8220;La Perlita&#8221; l\u00ednea 422<\/li>\n\n\n\n<li>Ferrocarril: L\u00ednea Sarmiento &#8211;\u00a0<a href=\"https:\/\/es.wikipedia.org\/wiki\/Trenes_Argentinos_Operaciones\">Trenes Argentinos Operaciones<\/a>\u00a0&#8211; Ramal Moreno &#8211; Mercedes<\/li>\n\n\n\n<li>\u00d3mnibus Larga Distancia Liniers &#8211;\u00a0<a href=\"https:\/\/es.wikipedia.org\/wiki\/Paso_de_los_Libres\">Paso de los Libres<\/a>\u00a0(<a href=\"https:\/\/es.wikipedia.org\/wiki\/Provincia_de_Corrientes\">provincia de Corrientes<\/a>) empresa San Jos\u00e9<\/li>\n\n\n\n<li>\u00d3mnibus interurbano Country Banco Provincia &#8211; Moreno Transporte &#8220;La Perlita&#8221; l\u00ednea 422<\/li>\n\n\n\n<li>\u00d3mnibus interurbano Lujan &#8211; Las Heras l\u00ednea 322<\/li>\n\n\n\n<li>\u00d3mnibus interurbano Luj\u00e1n &#8211; Moreno X Ruta 7 l\u00ednea 410<\/li>\n\n\n\n<li>\u00d3mnibus interurbano Navarro &#8211; Luj\u00e1n &#8211; Once X Autopista l\u00ednea 57<\/li>\n\n\n\n<li>\u00d3mnibus interurbano Luj\u00e1n &#8211; Moreno X Autopista l\u00ednea 57<\/li>\n\n\n\n<li>\u00d3mnibus interurbano Luj\u00e1n &#8211; Cazador l\u00ednea 276<\/li>\n\n\n\n<li>\u00d3mnibus interurbano General Rodr\u00edguez &#8211; Cazador l\u00ednea 276<\/li>\n\n\n\n<li>\u00d3mnibus interurbano General Rodr\u00edguez &#8211; Pilar l\u00ednea 276<\/li>\n\n\n\n<li>\u00d3mnibus interurbano General Rodr\u00edguez &#8211; Escobar l\u00ednea 276<\/li>\n\n\n\n<li>\u00d3mnibus interurbano General Rodr\u00edguez &#8211; Carmen de Areco l\u00ednea 276<\/li>\n\n\n\n<li>\u00d3mnibus interurbano Luj\u00e1n &#8211; San Andr\u00e9s de Giles l\u00ednea 276<\/li>\n\n\n\n<li>\u00d3mnibus interurbano General Rodr\u00edguez &#8211; Stefani l\u00ednea 365<\/li>\n\n\n\n<li>\u00d3mnibus interurbano General Rodr\u00edguez &#8211; Jos\u00e9 C. Paz l\u00ednea 365<\/li>\n\n\n\n<li>\u00d3mnibus interurbano Luj\u00e1n &#8211; Stefani l\u00ednea 365<\/li>\n\n\n\n<li>\u00d3mnibus interurbano Luj\u00e1n &#8211; Jos\u00e9 C. Paz l\u00ednea 365<\/li>\n\n\n\n<li>\u00d3mnibus interurbano General Rodr\u00edguez &#8211; Lemos l\u00ednea 365<\/li>\n\n\n\n<li>\u00d3mnibus interurbano Padua &#8211; G\u00fcemes l\u00ednea 327<\/li>\n\n\n\n<li>\u00d3mnibus interurbano Merlo &#8211; G\u00fcemes X Villa Escobar l\u00ednea 327<\/li>\n\n\n\n<li>\u00d3mnibus interurbano Mercedes &#8211; Moreno X Autopista l\u00ednea 57<\/li>\n\n\n\n<li>\u00d3mnibus interurbano Luj\u00e1n &#8211; Once X Autopista L\u00ednea 57<\/li>\n<\/ul>\n\n\n\n<p><strong>Hermanamientos<\/strong><\/p>\n\n\n\n<p>La ciudad de General Rodr\u00edguez no tiene hermanamientos.<\/p>\n\n\n\n<ul class=\"wp-block-list\">\n<li>Antes de conformarse en pueblo el lugar era un solitario paraje, llamado \u201cCa\u00f1ada de Escobar\u201d, que se encontraba atravesado por un arroyo del mismo nombre. En este paraje hab\u00eda una posta que ofrec\u00eda comida y alojamiento a los viajeros durante los siglos XVIII y XIX. El 27 de enero de 1812, camino a Rosario, Manuel Belgrano pas\u00f3 por este camino y se dice que permaneci\u00f3 alrededor de 24 horas en nuestra posta. Esto sucedi\u00f3 un mes antes del izamiento de la primera bandera celeste y blanca que tuvo lugar el 27 de febrero a orillas del r\u00edo Paran\u00e1. Este acontecimiento se encuentra registrado en su Diario de Marcha.<\/li>\n\n\n\n<li>En 1853, Bernardo de Irigoyen fund\u00f3 la estancia \u00abLa Choza\u00bb, ubicada actualmente sobre la ruta provincial 24, kil\u00f3metro 7. Bernardo sol\u00eda escapar de la gran ciudad y venir a descansar en este lugar que le inspiraba tranquilidad. El campo hab\u00eda sido heredado de su padre, se trataba de una herencia que compart\u00eda con sus hermanos Ferm\u00edn y Luis. Irigoyen fue uno de los principales promotores de la fundaci\u00f3n de General Rodr\u00edguez: en 1864, por ejemplo, don\u00f3 tierras para el trazado del pueblo.<\/li>\n\n\n\n<li>El 12 de mayo de 1864 el gobernador Eusebio Mariano Saavedra, a trav\u00e9s de un decreto, autoriz\u00f3 la instalaci\u00f3n de la estaci\u00f3n del ferrocarril, acontecimiento que favoreci\u00f3 la formaci\u00f3n de un pueblo, en el punto intermedio entre Moreno y Luj\u00e1n. Saavedra le dio el nombre de General Rodr\u00edguez, en memoria a Don Mart\u00edn Rodr\u00edguez, un hombre que tuvo una actuaci\u00f3n destacada en la lucha contra las Invasiones Inglesas, en el proceso de la Revoluci\u00f3n de Mayo y en la Guerra de Independencia de la Argentina. Adem\u00e1s, entre 1820 y 1824 se desempe\u00f1\u00f3 como gobernador de Buenos Aires.<\/li>\n\n\n\n<li>El 15 de julio de 1900 naci\u00f3 en nuestro partido Enrique Cad\u00edcamo, el poeta, compositor y escritor argentino, autor de m\u00e1s de 800 temas entre tangos, milongas, candombes y otros ritmos. Vivi\u00f3 hasta los cinco a\u00f1os en un campo de General Rodr\u00edguez y luego se mud\u00f3 con su familia a la ciudad de Luj\u00e1n.<\/li>\n\n\n\n<li>El primer templo de General Rodr\u00edguez fue construido por la comisi\u00f3n directiva del Ferrocarril del Oeste ya que este organismo pertenec\u00eda al gobierno provincial. Fue emplazado en 1871 en el centro de la plaza que, en ese entonces, comprend\u00eda cuatro manzanas. Aproximadamente en 1890 se construye la torre del templo y dos a\u00f1os despu\u00e9s son colocadas las campanas. El 3 de enero de 1900 la Capilla \u201cNuestra Se\u00f1ora del Carmen\u201d es promovida a Parroquia y el primer cura p\u00e1rroco de nuestra ciudad fue Luis Meabe. Cabe destacar que en la gran mayor\u00eda de las ciudades la iglesia se ubica frente a la plaza, sin embargo, la de General Rodr\u00edguez es una de las pocas de la provincia de Buenos Aires que se encuentra en medio de la plaza.<\/li>\n\n\n\n<li>El 3 de mayo de 1916 se inaugur\u00f3 el Hospital \u201cVicente L\u00f3pez y Planes\u201d, de la Sociedad de Beneficencia de la Capital Federal. Desde sus inicios este establecimiento se encarg\u00f3 de asistir a las mujeres y ni\u00f1os que ten\u00edan tuberculosis. Este Hospital de Tisiolog\u00eda cumpli\u00f3 un rol fundamental en la pol\u00edtica sanitaria del pa\u00eds ya que no s\u00f3lo aisl\u00f3 a los enfermos, sino que, adem\u00e1s, llev\u00f3 adelante investigaciones cient\u00edficas para tratar la enfermedad. Tal es as\u00ed que, en 1970, gracias a la disminuci\u00f3n de internaciones con esta patolog\u00eda, se decide la apertura a hospital general para los vecinos de General Rodr\u00edguez. Luego, en 1992 fue recategorizado a Hospital Interzonal General de Agudos (HIGA), convirti\u00e9ndose en un centro de referencia para derivaciones de la Regi\u00f3n Sanitaria 7ma. B, zona que comprende las localidades de Luj\u00e1n, Merlo, Marcos Paz, Las Heras y Moreno.<\/li>\n\n\n\n<li>Desde 1910, los tambos van a constituir la principal actividad econ\u00f3mica del partido. Tal es as\u00ed que, en 1923, la Sociedad Rural Argentina realiza el Primer Concurso Regional de Vacas Lecheras, en las instalaciones de la Feria de Eduardo Jolly. La mayor\u00eda de los participantes eran tamberos locales y para la premiaci\u00f3n fueron tenidas en cuenta las caracter\u00edsticas lecheras y el tipo de raza de las vacas expuestas. A medida que pasaban los a\u00f1os, General Rodr\u00edguez empezaba a ser conocido por ser el principal lugar de producci\u00f3n de leche. Por eso, en 1927, los hermanos Antonino y Jos\u00e9 Mastellone se instalan para dedicarse a la elaboraci\u00f3n de quesos de tipo italiano. El 29 de octubre de 1929, Antonino Mastellone contrajo matrimonio con Teresa Aiello. Ese d\u00eda es considerado oficialmente como la fecha de fundaci\u00f3n de La Seren\u00edsima. Se le puso ese nombre en honor a la escuadrilla de aviones denominada \u00abLa Seren\u00edssima\u00bb, que comandaba el poeta italiano Gabrielle D\u2019Anunzio durante la Primera Guerra Mundial. Esta escuadrilla hab\u00eda sobrevolado la ciudad de Viena y, en vez de arrojar bombas, lanz\u00f3 panfletos convocando la paz mundial.<\/li>\n\n\n\n<li>El 11 de agosto de 1932 naci\u00f3 en nuestra ciudad H\u00e9ctor El\u00edas Bonzo, militar de la Armada Argentina y comandante del crucero ARA General Belgrano, hundido durante la guerra de Malvinas. Vivi\u00f3 su infancia y juventud ac\u00e1, curs\u00f3 sus estudios en la Escuela N\u00b01. Sobrevivi\u00f3 al hundimiento y luego de su retiro de la actividad militar contribuy\u00f3 a organizar la Asociaci\u00f3n Amigos del Crucero General Belgrano. Los descendientes de Bonzo siguen viviendo en nuestra localidad.<\/li>\n\n\n\n<li>En nuestra ciudad estuvo residiendo Manuel de Falla durante la d\u00e9cada del \u00b440, uno de los exponentes espa\u00f1oles m\u00e1s importantes de la primera mitad del siglo XX. Exactamente en el a\u00f1o 1939, cuando se inicia la dictadura de Francisco Franco, se exili\u00f3 en nuestro pa\u00eds. Luego, se fue a vivir a Alta Gracia, provincia de C\u00f3rdoba, donde finalmente fallece en 1946 tras sufrir un paro cardiorrespiratorio. Entre sus obras, compuso \u00f3peras, obras para orquesta, ballets, para coro, piano y guitarra. Varios conservatorios, museos y centros culturales, tanto en Espa\u00f1a como en Argentina, llevan su nombre.<\/li>\n\n\n\n<li>En 1941 fue inaugurado el Hospital Nacional \u201cBaldomero Sommer\u201d, como Sanatorio \u2013 Colonia Buenos Aires. Lleva este nombre en homenaje a un dermat\u00f3logo y lepr\u00f3logo argentino que dedic\u00f3 gran parte de su vida a estudiar y difundir conocimientos sobre esta enfermedad. Es una de las cinco instituciones que se construyeron en Argentina a partir de la sanci\u00f3n de la Ley Nacional de Profilaxis y Tratamiento de la Lepra. Esta normativa establec\u00eda el aislamiento hospitalario obligatorio como tambi\u00e9n la creaci\u00f3n de sanatorios-colonias en zonas rurales. Adem\u00e1s de ser un Centro de Referencia Nacional en Lepra, el hospital fue extendiendo su perfil de atenci\u00f3n hacia otras patolog\u00edas y servicios. Hoy es reconocido por ser un centro asistencial de mediana \u2013 alta complejidad, polivalente y con integraci\u00f3n en red.<\/li>\n\n\n\n<li>El primer cine de nuestro distrito funcion\u00f3 durante principios del siglo XX en la Sociedad Uni\u00f3n Italiana de Socorros Mutuos. Por ese entonces, el cine era mudo y las proyecciones estaban acompa\u00f1adas de m\u00fasica en vivo. El lugar donde se encontraba emplazado este edificio es donde hoy funciona la radio \u201cEl Vecinal\u201d. Luego, el cine pas\u00f3 a estar ubicado sobre la Avenida Espa\u00f1a, frente a donde se encontraba el Instituto General Mart\u00edn Rodr\u00edguez, donde ahora hay un supermercado chino. En ese espacio funcion\u00f3 entre los a\u00f1os 1950 y 1980. Se trataba de una sala grande con una capacidad para alrededor de 300 personas que funcionaba bajo la modalidad de cine continuado. El espectador pod\u00eda entrar o salir cuando quisiera: si se perd\u00eda el inicio pod\u00eda quedarse en la sala y esperar a que la pel\u00edcula empezara de nuevo. Por d\u00eda eran proyectadas dos pel\u00edculas argentinas.<\/li>\n\n\n\n<li>Siguiendo la historia del cine en General Rodr\u00edguez tambi\u00e9n podemos mencionar que la pel\u00edcula \u201cHip\u00f3lito y Evita\u201d de 1973, tambi\u00e9n conocida como \u201cCuando el amor llega\u201d, fue filmada totalmente en nuestra ciudad. Se filmaron escenas en la plaza, en la estaci\u00f3n del ferrocarril, la comisar\u00eda, la municipalidad, entre otros lugares. Sin embargo, muchos de los espacios que se muestran han sufrido grandes cambios en comparaci\u00f3n a la actualidad.<\/li>\n\n\n\n<li>Otro de los lugares importantes de trabajo que tuvo nuestra ciudad en sus inicios fue el \u201cMatadero Municipal\u201d, que estaba ubicado donde hoy est\u00e1 el \u201cCorral\u00f3n Municipal\u201d. Abastec\u00eda de carne a todo el pueblo y era una de las principales fuentes de trabajo de la zona.<\/li>\n\n\n\n<li>General Rodr\u00edguez fue el primer partido de la provincia de Buenos Aires en tener a una intendenta mujer: Pura Chalde de L\u00f3pez Jove. Sin embargo, este acontecimiento se dio en un contexto de golpe de estado y no como producto de un proceso electoral democr\u00e1tico y participativo. Su asunci\u00f3n se produjo luego de una intensa protesta de los vecinos, titulada como el rodrigazo, que se opon\u00edan a que Silvestre Lorenzo reemplazara a Jorge Berlusconi, el jefe comunal electo en 1966. Luego del reclamo en la puerta de la Municipalidad, las autoridades intermedias locales de mayor poder, como el Rotary Club, la C\u00e1mara Empresaria y La Seren\u00edsima, acordaron y propusieron el nombre de la docente Pura Chalde. En 1973, a trav\u00e9s de las primeras elecciones libres y democr\u00e1ticas que se realizaban desde 1951, se puso fin a la dictadura militar autodenominada Revoluci\u00f3n Argentina y Pura Chalde termin\u00f3 su interinato de facto.<\/li>\n\n\n\n<li>El 12 de junio de 1982 el Papa Juan Pablo II pasa por nuestra ciudad cuando va camino a Luj\u00e1n en un tren especial. Alrededor de las 16 horas pas\u00f3 frente a la estaci\u00f3n, aunque no se detuvo. Cientos de personas llevaban en sus manos banderas papales y lo saludaban desde los rieles. La visita del Pont\u00edfice en nuestro pa\u00eds dur\u00f3 tan solo 31 horas y se dio durante el conflicto de Malvinas. D\u00edas antes, el Papa hab\u00eda visitado Gran Breta\u00f1a y luego fue convencido de viajar a nuestro pa\u00eds para mostrar su cercan\u00eda a las dos partes involucradas en la guerra.<\/li>\n\n\n\n<li>El primer monumento de todo el pa\u00eds en homenajear a Malvinas, sus H\u00e9roes y Veteranos, se inaugur\u00f3 el 17 de agosto de 1982 en General Rodr\u00edguez. Se encuentra ubicado en la Avenida Bernardo de Irigoyen y su intersecci\u00f3n con la Avenida San Mart\u00edn. Su inauguraci\u00f3n se realiz\u00f3 en el marco de los actos recordatorios del 132\u00b0 aniversario del fallecimiento del General Jos\u00e9 de San Mart\u00edn. Fue construido por el escultor Carlos Balestrini y simboliza a la rep\u00fablica recibiendo con un abrazo a su hijo que regresa de la guerra.<\/li>\n\n\n\n<li>El 10 de mayo de 1993 hubo una importante tormenta de granizo en nuestra ciudad que caus\u00f3 importantes da\u00f1os. Cerca de las 10 de la ma\u00f1ana comenz\u00f3 el temporal caracterizado por un granizo grande y persistente que sorprendi\u00f3 a los vecinos y vecinas de General Rodr\u00edguez. Muchos lo comparan con las pel\u00edculas de ciencia ficci\u00f3n debido a la magnitud y violencia del evento clim\u00e1tico. El granizo era de tal tama\u00f1o que cort\u00f3 cables de electricidad, tel\u00e9fono, aboll\u00f3 autos y muchas personas resultaron heridas. Esa misma ma\u00f1ana un circo daba funci\u00f3n para alumnos de primaria, el granizo fue tan fuerte que desarm\u00f3 por completo la carpa y puso en p\u00e1nico a los animales que terminaron corriendo por las calles de la ciudad. Muchos consideran este hecho como la peor tormenta de la historia de General Rodr\u00edguez.<\/li>\n\n\n\n<li>El 18 de octubre de 1995 el Rey Juan Carlos I de Espa\u00f1a visit\u00f3 nuestra ciudad junto a Carlos Menem, entonces presidente. Esta visita se dio en el marco de la inauguraci\u00f3n de una planta de Gas Natural en nuestra ciudad. El rey estuvo en nuestro pa\u00eds cuatro d\u00edas con motivo de la V Cumbre Iberoamericana de Presidentes y Jefes de Estado que sesion\u00f3 en Bariloche. Esta amistad se forja en un contexto de pol\u00edticas neoliberales que incluy\u00f3 la privatizaci\u00f3n de los servicios p\u00fablicos, como el Gas Natural por parte de una firma espa\u00f1ola.<\/li>\n\n\n\n<li>Oscar Ismael Poltronieri, veterano de guerra de Malvinas y \u00fanico soldado conscripto en recibir la m\u00e1xima condecoraci\u00f3n militar en Argentina, vivi\u00f3 varios a\u00f1os en nuestra ciudad. Luego de la guerra permaneci\u00f3 en el anonimato, como tantos de nuestros h\u00e9roes, y durante un tiempo trabaj\u00f3 como remisero y vendedor ambulante. En los noventa, ingres\u00f3 a trabajar en La Seren\u00edsima, donde se desempe\u00f1\u00f3 como trabajador lechero por m\u00e1s de quince a\u00f1os. En junio de 2014, fue distinguido por la entonces presidenta Cristina Fern\u00e1ndez de Kirchner, en la inauguraci\u00f3n del Museo de las Islas Malvinas. Actualmente se encuentra viviendo en Mercedes, su ciudad natal.<\/li>\n\n\n\n<li>Todos los 16 de julio se celebran las Fiestas Patronales por el D\u00eda de la Virgen del Carmen, Patrona de General Rodr\u00edguez. Se trata de una fecha que est\u00e1 estrechamente unida a la historia de nuestra identidad. Antes se realizaban multitudinarias procesiones en donde participaban los vecinos de Rodr\u00edguez y pero tambi\u00e9n de otros partidos cercanos. Era una celebraci\u00f3n tan popular y especial que, incluso, muchas mujeres preparaban con anticipaci\u00f3n sus vestidos confeccionados por las modistas para lucirlos durante esa jornada.<\/li>\n<\/ul>\n\n\n\n<ul class=\"wp-block-list\">\n<li><em>Esta reconstrucci\u00f3n fue posible gracias a los aportes del Museo Municipal \u201cDr. Bernardo de Irigoyen\u201d, su Directora Mirna Santill\u00e1n y a Zulma Bressani, destacada vecina del distrito.<\/em><\/li>\n<\/ul>\n","protected":false},"excerpt":{"rendered":"<p>Fundaci\u00f3n 1864 La historia de la ciudad est\u00e1 ligada, desde sus comienzos, al ferrocarril. En&#8230;<\/p>\n","protected":false},"author":1,"featured_media":978,"comment_status":"open","ping_status":"open","sticky":false,"template":"","format":"standard","meta":{"footnotes":""},"categories":[29],"tags":[],"class_list":["post-977","post","type-post","status-publish","format-standard","has-post-thumbnail","hentry","category-historia"],"yoast_head":"<!-- This site is optimized with the Yoast SEO plugin v27.2 - https:\/\/yoast.com\/product\/yoast-seo-wordpress\/ -->\n<title>General Rodr\u00edguez | Patagonia Rebelde<\/title>\n<meta name=\"robots\" content=\"index, follow, max-snippet:-1, max-image-preview:large, max-video-preview:-1\" \/>\n<link rel=\"canonical\" href=\"https:\/\/patagoniarebeldeweb.com.ar\/?p=977\" \/>\n<meta property=\"og:locale\" content=\"es_ES\" \/>\n<meta property=\"og:type\" content=\"article\" \/>\n<meta property=\"og:title\" content=\"General Rodr\u00edguez | Patagonia Rebelde\" \/>\n<meta property=\"og:description\" content=\"Fundaci\u00f3n 1864 La historia de la ciudad est\u00e1 ligada, desde sus comienzos, al ferrocarril. En...\" \/>\n<meta property=\"og:url\" content=\"https:\/\/patagoniarebeldeweb.com.ar\/?p=977\" \/>\n<meta property=\"og:site_name\" content=\"Patagonia Rebelde\" \/>\n<meta property=\"article:publisher\" content=\"https:\/\/www.facebook.com\/patagoniarebeldeweb\/\" \/>\n<meta property=\"article:published_time\" content=\"2024-11-29T21:26:34+00:00\" \/>\n<meta property=\"article:modified_time\" content=\"2024-11-29T21:27:32+00:00\" \/>\n<meta property=\"og:image\" content=\"https:\/\/patagoniarebeldeweb.com.ar\/wp-content\/uploads\/2024\/11\/encabezado-naturaleza.png\" \/>\n\t<meta property=\"og:image:width\" content=\"843\" \/>\n\t<meta property=\"og:image:height\" content=\"479\" \/>\n\t<meta property=\"og:image:type\" content=\"image\/png\" \/>\n<meta name=\"author\" content=\"admin\" \/>\n<meta name=\"twitter:card\" content=\"summary_large_image\" \/>\n<meta name=\"twitter:label1\" content=\"Escrito por\" \/>\n\t<meta name=\"twitter:data1\" content=\"admin\" \/>\n\t<meta name=\"twitter:label2\" content=\"Tiempo de lectura\" \/>\n\t<meta name=\"twitter:data2\" content=\"21 minutos\" \/>\n<script type=\"application\/ld+json\" class=\"yoast-schema-graph\">{\"@context\":\"https:\/\/schema.org\",\"@graph\":[{\"@type\":\"Article\",\"@id\":\"https:\/\/patagoniarebeldeweb.com.ar\/?p=977#article\",\"isPartOf\":{\"@id\":\"https:\/\/patagoniarebeldeweb.com.ar\/?p=977\"},\"author\":{\"name\":\"admin\",\"@id\":\"https:\/\/patagoniarebeldeweb.com.ar\/#\/schema\/person\/e293fd079db65aaa1c67b010d4a45452\"},\"headline\":\"General Rodr\u00edguez\",\"datePublished\":\"2024-11-29T21:26:34+00:00\",\"dateModified\":\"2024-11-29T21:27:32+00:00\",\"mainEntityOfPage\":{\"@id\":\"https:\/\/patagoniarebeldeweb.com.ar\/?p=977\"},\"wordCount\":4206,\"commentCount\":0,\"publisher\":{\"@id\":\"https:\/\/patagoniarebeldeweb.com.ar\/#organization\"},\"image\":{\"@id\":\"https:\/\/patagoniarebeldeweb.com.ar\/?p=977#primaryimage\"},\"thumbnailUrl\":\"https:\/\/patagoniarebeldeweb.com.ar\/wp-content\/uploads\/2024\/11\/encabezado-naturaleza.png\",\"articleSection\":[\"Historia\"],\"inLanguage\":\"es-AR\",\"potentialAction\":[{\"@type\":\"CommentAction\",\"name\":\"Comment\",\"target\":[\"https:\/\/patagoniarebeldeweb.com.ar\/?p=977#respond\"]}]},{\"@type\":\"WebPage\",\"@id\":\"https:\/\/patagoniarebeldeweb.com.ar\/?p=977\",\"url\":\"https:\/\/patagoniarebeldeweb.com.ar\/?p=977\",\"name\":\"General Rodr\u00edguez | Patagonia Rebelde\",\"isPartOf\":{\"@id\":\"https:\/\/patagoniarebeldeweb.com.ar\/#website\"},\"primaryImageOfPage\":{\"@id\":\"https:\/\/patagoniarebeldeweb.com.ar\/?p=977#primaryimage\"},\"image\":{\"@id\":\"https:\/\/patagoniarebeldeweb.com.ar\/?p=977#primaryimage\"},\"thumbnailUrl\":\"https:\/\/patagoniarebeldeweb.com.ar\/wp-content\/uploads\/2024\/11\/encabezado-naturaleza.png\",\"datePublished\":\"2024-11-29T21:26:34+00:00\",\"dateModified\":\"2024-11-29T21:27:32+00:00\",\"breadcrumb\":{\"@id\":\"https:\/\/patagoniarebeldeweb.com.ar\/?p=977#breadcrumb\"},\"inLanguage\":\"es-AR\",\"potentialAction\":[{\"@type\":\"ReadAction\",\"target\":[\"https:\/\/patagoniarebeldeweb.com.ar\/?p=977\"]}]},{\"@type\":\"ImageObject\",\"inLanguage\":\"es-AR\",\"@id\":\"https:\/\/patagoniarebeldeweb.com.ar\/?p=977#primaryimage\",\"url\":\"https:\/\/patagoniarebeldeweb.com.ar\/wp-content\/uploads\/2024\/11\/encabezado-naturaleza.png\",\"contentUrl\":\"https:\/\/patagoniarebeldeweb.com.ar\/wp-content\/uploads\/2024\/11\/encabezado-naturaleza.png\",\"width\":843,\"height\":479},{\"@type\":\"BreadcrumbList\",\"@id\":\"https:\/\/patagoniarebeldeweb.com.ar\/?p=977#breadcrumb\",\"itemListElement\":[{\"@type\":\"ListItem\",\"position\":1,\"name\":\"Portada\",\"item\":\"https:\/\/patagoniarebeldeweb.com.ar\/\"},{\"@type\":\"ListItem\",\"position\":2,\"name\":\"General Rodr\u00edguez\"}]},{\"@type\":\"WebSite\",\"@id\":\"https:\/\/patagoniarebeldeweb.com.ar\/#website\",\"url\":\"https:\/\/patagoniarebeldeweb.com.ar\/\",\"name\":\"Patagonia Rebelde\",\"description\":\"Toda la info de General Rodr\u00edguez\",\"publisher\":{\"@id\":\"https:\/\/patagoniarebeldeweb.com.ar\/#organization\"},\"alternateName\":\"Patagonia Rebelde web\",\"potentialAction\":[{\"@type\":\"SearchAction\",\"target\":{\"@type\":\"EntryPoint\",\"urlTemplate\":\"https:\/\/patagoniarebeldeweb.com.ar\/?s={search_term_string}\"},\"query-input\":{\"@type\":\"PropertyValueSpecification\",\"valueRequired\":true,\"valueName\":\"search_term_string\"}}],\"inLanguage\":\"es-AR\"},{\"@type\":\"Organization\",\"@id\":\"https:\/\/patagoniarebeldeweb.com.ar\/#organization\",\"name\":\"Patagonia Rebelde\",\"alternateName\":\"Patagonia Rebelde web\",\"url\":\"https:\/\/patagoniarebeldeweb.com.ar\/\",\"logo\":{\"@type\":\"ImageObject\",\"inLanguage\":\"es-AR\",\"@id\":\"https:\/\/patagoniarebeldeweb.com.ar\/#\/schema\/logo\/image\/\",\"url\":\"https:\/\/patagoniarebeldeweb.com.ar\/wp-content\/uploads\/2024\/11\/logo-si.png\",\"contentUrl\":\"https:\/\/patagoniarebeldeweb.com.ar\/wp-content\/uploads\/2024\/11\/logo-si.png\",\"width\":460,\"height\":139,\"caption\":\"Patagonia Rebelde\"},\"image\":{\"@id\":\"https:\/\/patagoniarebeldeweb.com.ar\/#\/schema\/logo\/image\/\"},\"sameAs\":[\"https:\/\/www.facebook.com\/patagoniarebeldeweb\/\",\"https:\/\/www.youtube.com\/@edgardomiller\"]},{\"@type\":\"Person\",\"@id\":\"https:\/\/patagoniarebeldeweb.com.ar\/#\/schema\/person\/e293fd079db65aaa1c67b010d4a45452\",\"name\":\"admin\",\"image\":{\"@type\":\"ImageObject\",\"inLanguage\":\"es-AR\",\"@id\":\"https:\/\/secure.gravatar.com\/avatar\/aee4690e6ac4e427fd6efdc77149c35418ee5cc06426f4da7bc3ec412f507eb1?s=96&d=mm&r=g\",\"url\":\"https:\/\/secure.gravatar.com\/avatar\/aee4690e6ac4e427fd6efdc77149c35418ee5cc06426f4da7bc3ec412f507eb1?s=96&d=mm&r=g\",\"contentUrl\":\"https:\/\/secure.gravatar.com\/avatar\/aee4690e6ac4e427fd6efdc77149c35418ee5cc06426f4da7bc3ec412f507eb1?s=96&d=mm&r=g\",\"caption\":\"admin\"},\"sameAs\":[\"https:\/\/patagoniarebeldeweb.com.ar\"],\"url\":\"https:\/\/patagoniarebeldeweb.com.ar\/?author=1\"}]}<\/script>\n<!-- \/ Yoast SEO plugin. -->","yoast_head_json":{"title":"General Rodr\u00edguez | Patagonia Rebelde","robots":{"index":"index","follow":"follow","max-snippet":"max-snippet:-1","max-image-preview":"max-image-preview:large","max-video-preview":"max-video-preview:-1"},"canonical":"https:\/\/patagoniarebeldeweb.com.ar\/?p=977","og_locale":"es_ES","og_type":"article","og_title":"General Rodr\u00edguez | Patagonia Rebelde","og_description":"Fundaci\u00f3n 1864 La historia de la ciudad est\u00e1 ligada, desde sus comienzos, al ferrocarril. En...","og_url":"https:\/\/patagoniarebeldeweb.com.ar\/?p=977","og_site_name":"Patagonia Rebelde","article_publisher":"https:\/\/www.facebook.com\/patagoniarebeldeweb\/","article_published_time":"2024-11-29T21:26:34+00:00","article_modified_time":"2024-11-29T21:27:32+00:00","og_image":[{"width":843,"height":479,"url":"https:\/\/patagoniarebeldeweb.com.ar\/wp-content\/uploads\/2024\/11\/encabezado-naturaleza.png","type":"image\/png"}],"author":"admin","twitter_card":"summary_large_image","twitter_misc":{"Escrito por":"admin","Tiempo de lectura":"21 minutos"},"schema":{"@context":"https:\/\/schema.org","@graph":[{"@type":"Article","@id":"https:\/\/patagoniarebeldeweb.com.ar\/?p=977#article","isPartOf":{"@id":"https:\/\/patagoniarebeldeweb.com.ar\/?p=977"},"author":{"name":"admin","@id":"https:\/\/patagoniarebeldeweb.com.ar\/#\/schema\/person\/e293fd079db65aaa1c67b010d4a45452"},"headline":"General Rodr\u00edguez","datePublished":"2024-11-29T21:26:34+00:00","dateModified":"2024-11-29T21:27:32+00:00","mainEntityOfPage":{"@id":"https:\/\/patagoniarebeldeweb.com.ar\/?p=977"},"wordCount":4206,"commentCount":0,"publisher":{"@id":"https:\/\/patagoniarebeldeweb.com.ar\/#organization"},"image":{"@id":"https:\/\/patagoniarebeldeweb.com.ar\/?p=977#primaryimage"},"thumbnailUrl":"https:\/\/patagoniarebeldeweb.com.ar\/wp-content\/uploads\/2024\/11\/encabezado-naturaleza.png","articleSection":["Historia"],"inLanguage":"es-AR","potentialAction":[{"@type":"CommentAction","name":"Comment","target":["https:\/\/patagoniarebeldeweb.com.ar\/?p=977#respond"]}]},{"@type":"WebPage","@id":"https:\/\/patagoniarebeldeweb.com.ar\/?p=977","url":"https:\/\/patagoniarebeldeweb.com.ar\/?p=977","name":"General Rodr\u00edguez | Patagonia Rebelde","isPartOf":{"@id":"https:\/\/patagoniarebeldeweb.com.ar\/#website"},"primaryImageOfPage":{"@id":"https:\/\/patagoniarebeldeweb.com.ar\/?p=977#primaryimage"},"image":{"@id":"https:\/\/patagoniarebeldeweb.com.ar\/?p=977#primaryimage"},"thumbnailUrl":"https:\/\/patagoniarebeldeweb.com.ar\/wp-content\/uploads\/2024\/11\/encabezado-naturaleza.png","datePublished":"2024-11-29T21:26:34+00:00","dateModified":"2024-11-29T21:27:32+00:00","breadcrumb":{"@id":"https:\/\/patagoniarebeldeweb.com.ar\/?p=977#breadcrumb"},"inLanguage":"es-AR","potentialAction":[{"@type":"ReadAction","target":["https:\/\/patagoniarebeldeweb.com.ar\/?p=977"]}]},{"@type":"ImageObject","inLanguage":"es-AR","@id":"https:\/\/patagoniarebeldeweb.com.ar\/?p=977#primaryimage","url":"https:\/\/patagoniarebeldeweb.com.ar\/wp-content\/uploads\/2024\/11\/encabezado-naturaleza.png","contentUrl":"https:\/\/patagoniarebeldeweb.com.ar\/wp-content\/uploads\/2024\/11\/encabezado-naturaleza.png","width":843,"height":479},{"@type":"BreadcrumbList","@id":"https:\/\/patagoniarebeldeweb.com.ar\/?p=977#breadcrumb","itemListElement":[{"@type":"ListItem","position":1,"name":"Portada","item":"https:\/\/patagoniarebeldeweb.com.ar\/"},{"@type":"ListItem","position":2,"name":"General Rodr\u00edguez"}]},{"@type":"WebSite","@id":"https:\/\/patagoniarebeldeweb.com.ar\/#website","url":"https:\/\/patagoniarebeldeweb.com.ar\/","name":"Patagonia Rebelde","description":"Toda la info de General Rodr\u00edguez","publisher":{"@id":"https:\/\/patagoniarebeldeweb.com.ar\/#organization"},"alternateName":"Patagonia Rebelde web","potentialAction":[{"@type":"SearchAction","target":{"@type":"EntryPoint","urlTemplate":"https:\/\/patagoniarebeldeweb.com.ar\/?s={search_term_string}"},"query-input":{"@type":"PropertyValueSpecification","valueRequired":true,"valueName":"search_term_string"}}],"inLanguage":"es-AR"},{"@type":"Organization","@id":"https:\/\/patagoniarebeldeweb.com.ar\/#organization","name":"Patagonia Rebelde","alternateName":"Patagonia Rebelde web","url":"https:\/\/patagoniarebeldeweb.com.ar\/","logo":{"@type":"ImageObject","inLanguage":"es-AR","@id":"https:\/\/patagoniarebeldeweb.com.ar\/#\/schema\/logo\/image\/","url":"https:\/\/patagoniarebeldeweb.com.ar\/wp-content\/uploads\/2024\/11\/logo-si.png","contentUrl":"https:\/\/patagoniarebeldeweb.com.ar\/wp-content\/uploads\/2024\/11\/logo-si.png","width":460,"height":139,"caption":"Patagonia Rebelde"},"image":{"@id":"https:\/\/patagoniarebeldeweb.com.ar\/#\/schema\/logo\/image\/"},"sameAs":["https:\/\/www.facebook.com\/patagoniarebeldeweb\/","https:\/\/www.youtube.com\/@edgardomiller"]},{"@type":"Person","@id":"https:\/\/patagoniarebeldeweb.com.ar\/#\/schema\/person\/e293fd079db65aaa1c67b010d4a45452","name":"admin","image":{"@type":"ImageObject","inLanguage":"es-AR","@id":"https:\/\/secure.gravatar.com\/avatar\/aee4690e6ac4e427fd6efdc77149c35418ee5cc06426f4da7bc3ec412f507eb1?s=96&d=mm&r=g","url":"https:\/\/secure.gravatar.com\/avatar\/aee4690e6ac4e427fd6efdc77149c35418ee5cc06426f4da7bc3ec412f507eb1?s=96&d=mm&r=g","contentUrl":"https:\/\/secure.gravatar.com\/avatar\/aee4690e6ac4e427fd6efdc77149c35418ee5cc06426f4da7bc3ec412f507eb1?s=96&d=mm&r=g","caption":"admin"},"sameAs":["https:\/\/patagoniarebeldeweb.com.ar"],"url":"https:\/\/patagoniarebeldeweb.com.ar\/?author=1"}]}},"featured_image_urls":{"full":["https:\/\/patagoniarebeldeweb.com.ar\/wp-content\/uploads\/2024\/11\/encabezado-naturaleza.png",843,479,false],"thumbnail":["https:\/\/patagoniarebeldeweb.com.ar\/wp-content\/uploads\/2024\/11\/encabezado-naturaleza-150x150.png",150,150,true],"medium":["https:\/\/patagoniarebeldeweb.com.ar\/wp-content\/uploads\/2024\/11\/encabezado-naturaleza-300x170.png",300,170,true],"medium_large":["https:\/\/patagoniarebeldeweb.com.ar\/wp-content\/uploads\/2024\/11\/encabezado-naturaleza-768x436.png",640,363,true],"large":["https:\/\/patagoniarebeldeweb.com.ar\/wp-content\/uploads\/2024\/11\/encabezado-naturaleza.png",640,364,false],"1536x1536":["https:\/\/patagoniarebeldeweb.com.ar\/wp-content\/uploads\/2024\/11\/encabezado-naturaleza.png",843,479,false],"2048x2048":["https:\/\/patagoniarebeldeweb.com.ar\/wp-content\/uploads\/2024\/11\/encabezado-naturaleza.png",843,479,false],"enternews-slider-full":["https:\/\/patagoniarebeldeweb.com.ar\/wp-content\/uploads\/2024\/11\/encabezado-naturaleza.png",843,479,false],"enternews-featured":["https:\/\/patagoniarebeldeweb.com.ar\/wp-content\/uploads\/2024\/11\/encabezado-naturaleza.png",843,479,false],"enternews-medium":["https:\/\/patagoniarebeldeweb.com.ar\/wp-content\/uploads\/2024\/11\/encabezado-naturaleza-720x475.png",720,475,true]},"author_info":{"display_name":"admin","author_link":"https:\/\/patagoniarebeldeweb.com.ar\/?author=1"},"category_info":"<a href=\"https:\/\/patagoniarebeldeweb.com.ar\/?cat=29\" rel=\"category\">Historia<\/a>","tag_info":"Historia","comment_count":"0","_links":{"self":[{"href":"https:\/\/patagoniarebeldeweb.com.ar\/index.php?rest_route=\/wp\/v2\/posts\/977","targetHints":{"allow":["GET"]}}],"collection":[{"href":"https:\/\/patagoniarebeldeweb.com.ar\/index.php?rest_route=\/wp\/v2\/posts"}],"about":[{"href":"https:\/\/patagoniarebeldeweb.com.ar\/index.php?rest_route=\/wp\/v2\/types\/post"}],"author":[{"embeddable":true,"href":"https:\/\/patagoniarebeldeweb.com.ar\/index.php?rest_route=\/wp\/v2\/users\/1"}],"replies":[{"embeddable":true,"href":"https:\/\/patagoniarebeldeweb.com.ar\/index.php?rest_route=%2Fwp%2Fv2%2Fcomments&post=977"}],"version-history":[{"count":2,"href":"https:\/\/patagoniarebeldeweb.com.ar\/index.php?rest_route=\/wp\/v2\/posts\/977\/revisions"}],"predecessor-version":[{"id":985,"href":"https:\/\/patagoniarebeldeweb.com.ar\/index.php?rest_route=\/wp\/v2\/posts\/977\/revisions\/985"}],"wp:featuredmedia":[{"embeddable":true,"href":"https:\/\/patagoniarebeldeweb.com.ar\/index.php?rest_route=\/wp\/v2\/media\/978"}],"wp:attachment":[{"href":"https:\/\/patagoniarebeldeweb.com.ar\/index.php?rest_route=%2Fwp%2Fv2%2Fmedia&parent=977"}],"wp:term":[{"taxonomy":"category","embeddable":true,"href":"https:\/\/patagoniarebeldeweb.com.ar\/index.php?rest_route=%2Fwp%2Fv2%2Fcategories&post=977"},{"taxonomy":"post_tag","embeddable":true,"href":"https:\/\/patagoniarebeldeweb.com.ar\/index.php?rest_route=%2Fwp%2Fv2%2Ftags&post=977"}],"curies":[{"name":"wp","href":"https:\/\/api.w.org\/{rel}","templated":true}]}}