{"id":2105,"date":"2026-01-26T17:55:23","date_gmt":"2026-01-26T20:55:23","guid":{"rendered":"https:\/\/patagoniarebeldeweb.com.ar\/?p=2105"},"modified":"2026-01-26T17:55:26","modified_gmt":"2026-01-26T20:55:26","slug":"caso-bastian-los-conductores-del-utv-y-la-amarok-dieron-positivo-en-los-test-de-alcoholemia","status":"publish","type":"post","link":"https:\/\/patagoniarebeldeweb.com.ar\/?p=2105","title":{"rendered":"Caso Basti\u00e1n: los conductores del UTV y la Amarok dieron positivo en los test de alcoholemia"},"content":{"rendered":"\n<h4 class=\"wp-block-heading\">(Policiales). -El hombre que iba en la camioneta dio 0,21, mientras que dio 0,41 la mujer que manejaba el veh\u00edculo en el que iba el nene. En la provincia de Buenos Aires rige la ley de alcohol cero.<\/h4>\n\n\n\n<p>Este lunes se conocieron los resultados de una prueba clave para el&nbsp;<a href=\"https:\/\/www.clarin.com\/sociedad\/salud-bastian-vuelven-operar-nino-gravemente-herido-choque-frontera-pinamar_0_NTFjQ6EtDj.html\" target=\"_blank\" rel=\"noreferrer noopener\">caso de Basti\u00e1n<\/a>, el nene de 8 a\u00f1os que qued\u00f3 gravemente herido en el choque entre la camioneta y el UTV en Pinamar. Se trata de ex\u00e1menes que arrojaron que&nbsp;<strong>ambos conductores ten\u00edan alcohol en sangre.<\/strong><\/p>\n\n\n\n<p>El hombre que iba al volante de la camioneta Amarok la camioneta dio 0,21 gr\/l de sangre, mientras que la mujer que conduc\u00eda el UTV en el que viajaba Basti\u00e1n -una amiga del pap\u00e1 del nene- dio 0,41.<\/p>\n\n\n\n<p>En la provincia de Buenos Aires&nbsp;<strong>rige la ley de alcohol cero<\/strong>, por lo que ambos habr\u00edan estado en infracci\u00f3n. En otras jurisdicciones hay un valor m\u00e1ximo (en la Ciudad es 0,5 para veh\u00edculos particulares y 0,2 para motos).<\/p>\n\n\n\n<p>En el expediente por el caso Basti\u00e1n hay tres personas imputadas de lesiones culposas agravadas: el conductor de la Amarok, la mujer que manejaba el UTV y el padre de Basti\u00e1n. Podr\u00eda realizarse una contraprueba.<\/p>\n\n\n\n<p>Los ex\u00e1menes de sangre apuntan a identificar responsabilidades en el choque que tuvo lugar el lunes 12 de enero en La Frontera, en el partido de Pinamar. En el UTV viajaban, adem\u00e1s de la conductora y Basti\u00e1n, el pap\u00e1 del nene y otros dos chicos. Basti\u00e1n viajaba a upa de su padre, sin medidas de seguridad.<\/p>\n\n\n\n<p>El chico recibi\u00f3 RCP y primeras asistencias de Melina Santill\u00e1n, pediatra intensivista; y de Juan Jos\u00e9 Torres, cirujano. Ambos estaban en Pinamar de vacaciones. Ese lunes a la noche se estaban yendo de la playa cuando vieron revuelo, decidieron frenar y encontraron a Basti\u00e1n tendido en el suelo.<\/p>\n\n\n\n<p>El nene sufir\u00f3 lesiones severas, qued\u00f3 internado en terapia intensiva y fue sometido a m\u00faltiples operaciones. Primero, en Pinamar, donde le detectaron una hemorragia abdominal a ra\u00edz de un fuerte golpe en el h\u00edgado. Luego, por la gravedad de su cuadro de salud, fue trasladado a Mar del Plata. All\u00ed, con una tomograf\u00eda, le diagnosticaron m\u00faltiples fracturas de cr\u00e1neo.<\/p>\n\n\n\n<p>El s\u00e1bado, en una nueva operaci\u00f3n, \u00abse le realiz\u00f3 una fijaci\u00f3n cervical y posteriormente una traqueostomia\u00bb, informaron desde el Ministerio de Salud de la provincia de Buenos Aires.<\/p>\n\n\n\n<p>Basti\u00e1n estaba en Pinamar de vacaciones con su pap\u00e1. \u00abVienen como todos los a\u00f1os, con un grupo de familia, amigos\u00bb, dijo Macarena, la mam\u00e1 del nene, que al momento del accidente estaba en Buenos Aires.<\/p>\n\n\n\n<p>Seg\u00fan lleg\u00f3 a relatarle su ex pareja, \u00abestaban dando una \u00faltima vuelta con los nenes\u00bb para luego emprender el regreso a la casa en la que est\u00e1n parando en Pinamar. Entonces, explic\u00f3, \u00abesta camioneta 4\u00d74 choca de frente con ellos\u00bb, dijo la mujer en una entrevista poco despu\u00e9s del choque.<\/p>\n\n\n\n<p>En tanto, las autoridades de Pinamar apuntaron contra los adultos. \u201cLos tres chicos iban atr\u00e1s, sin cintur\u00f3n de seguridad, en un UTV para cuatro personas, y al veh\u00edculo todav\u00eda le sobraba un ocupante\u201d, explic\u00f3 Sebasti\u00e1n Berardone, secretario de Seguridad. Y agreg\u00f3: \u201cEl chico vol\u00f3 adentro de la jaula y el golpe fue contra el fierro\u201d.<\/p>\n\n\n\n<p>Agencia Prensa C\u00edvica<\/p>\n\n\n\n<p>Editor: EM<\/p>\n","protected":false},"excerpt":{"rendered":"<p>(Policiales). -El hombre que iba en la camioneta dio 0,21, mientras que dio 0,41 la&#8230;<\/p>\n","protected":false},"author":1,"featured_media":2106,"comment_status":"open","ping_status":"open","sticky":false,"template":"","format":"standard","meta":{"footnotes":""},"categories":[37,25],"tags":[],"class_list":["post-2105","post","type-post","status-publish","format-standard","has-post-thumbnail","hentry","category-actualidad","category-destacadas"],"yoast_head":"<!-- This site is optimized with the Yoast SEO plugin v27.2 - https:\/\/yoast.com\/product\/yoast-seo-wordpress\/ -->\n<title>Caso Basti\u00e1n: los conductores del UTV y la Amarok dieron positivo en los test de alcoholemia | Patagonia Rebelde<\/title>\n<meta name=\"robots\" content=\"index, follow, max-snippet:-1, max-image-preview:large, max-video-preview:-1\" \/>\n<link rel=\"canonical\" href=\"https:\/\/patagoniarebeldeweb.com.ar\/?p=2105\" \/>\n<meta property=\"og:locale\" content=\"es_ES\" \/>\n<meta property=\"og:type\" content=\"article\" \/>\n<meta property=\"og:title\" content=\"Caso Basti\u00e1n: los conductores del UTV y la Amarok dieron positivo en los test de alcoholemia | Patagonia Rebelde\" \/>\n<meta property=\"og:description\" content=\"(Policiales). -El hombre que iba en la camioneta dio 0,21, mientras que dio 0,41 la...\" \/>\n<meta property=\"og:url\" content=\"https:\/\/patagoniarebeldeweb.com.ar\/?p=2105\" \/>\n<meta property=\"og:site_name\" content=\"Patagonia Rebelde\" \/>\n<meta property=\"article:publisher\" content=\"https:\/\/www.facebook.com\/patagoniarebeldeweb\/\" \/>\n<meta property=\"article:published_time\" content=\"2026-01-26T20:55:23+00:00\" \/>\n<meta property=\"article:modified_time\" content=\"2026-01-26T20:55:26+00:00\" \/>\n<meta property=\"og:image\" content=\"https:\/\/patagoniarebeldeweb.com.ar\/wp-content\/uploads\/2026\/01\/AMAROK-PINAMAR.jpg\" \/>\n\t<meta property=\"og:image:width\" content=\"720\" \/>\n\t<meta property=\"og:image:height\" content=\"706\" \/>\n\t<meta property=\"og:image:type\" content=\"image\/jpeg\" \/>\n<meta name=\"author\" content=\"admin\" \/>\n<meta name=\"twitter:card\" content=\"summary_large_image\" \/>\n<meta name=\"twitter:label1\" content=\"Escrito por\" \/>\n\t<meta name=\"twitter:data1\" content=\"admin\" \/>\n\t<meta name=\"twitter:label2\" content=\"Tiempo de lectura\" \/>\n\t<meta name=\"twitter:data2\" content=\"3 minutos\" \/>\n<script type=\"application\/ld+json\" class=\"yoast-schema-graph\">{\"@context\":\"https:\/\/schema.org\",\"@graph\":[{\"@type\":\"Article\",\"@id\":\"https:\/\/patagoniarebeldeweb.com.ar\/?p=2105#article\",\"isPartOf\":{\"@id\":\"https:\/\/patagoniarebeldeweb.com.ar\/?p=2105\"},\"author\":{\"name\":\"admin\",\"@id\":\"https:\/\/patagoniarebeldeweb.com.ar\/#\/schema\/person\/e293fd079db65aaa1c67b010d4a45452\"},\"headline\":\"Caso Basti\u00e1n: los conductores del UTV y la Amarok dieron positivo en los test de alcoholemia\",\"datePublished\":\"2026-01-26T20:55:23+00:00\",\"dateModified\":\"2026-01-26T20:55:26+00:00\",\"mainEntityOfPage\":{\"@id\":\"https:\/\/patagoniarebeldeweb.com.ar\/?p=2105\"},\"wordCount\":586,\"commentCount\":0,\"publisher\":{\"@id\":\"https:\/\/patagoniarebeldeweb.com.ar\/#organization\"},\"image\":{\"@id\":\"https:\/\/patagoniarebeldeweb.com.ar\/?p=2105#primaryimage\"},\"thumbnailUrl\":\"https:\/\/patagoniarebeldeweb.com.ar\/wp-content\/uploads\/2026\/01\/AMAROK-PINAMAR.jpg\",\"articleSection\":[\"ACTUALIDAD\",\"Destacadas\"],\"inLanguage\":\"es-AR\",\"potentialAction\":[{\"@type\":\"CommentAction\",\"name\":\"Comment\",\"target\":[\"https:\/\/patagoniarebeldeweb.com.ar\/?p=2105#respond\"]}]},{\"@type\":\"WebPage\",\"@id\":\"https:\/\/patagoniarebeldeweb.com.ar\/?p=2105\",\"url\":\"https:\/\/patagoniarebeldeweb.com.ar\/?p=2105\",\"name\":\"Caso Basti\u00e1n: los conductores del UTV y la Amarok dieron positivo en los test de alcoholemia | Patagonia Rebelde\",\"isPartOf\":{\"@id\":\"https:\/\/patagoniarebeldeweb.com.ar\/#website\"},\"primaryImageOfPage\":{\"@id\":\"https:\/\/patagoniarebeldeweb.com.ar\/?p=2105#primaryimage\"},\"image\":{\"@id\":\"https:\/\/patagoniarebeldeweb.com.ar\/?p=2105#primaryimage\"},\"thumbnailUrl\":\"https:\/\/patagoniarebeldeweb.com.ar\/wp-content\/uploads\/2026\/01\/AMAROK-PINAMAR.jpg\",\"datePublished\":\"2026-01-26T20:55:23+00:00\",\"dateModified\":\"2026-01-26T20:55:26+00:00\",\"breadcrumb\":{\"@id\":\"https:\/\/patagoniarebeldeweb.com.ar\/?p=2105#breadcrumb\"},\"inLanguage\":\"es-AR\",\"potentialAction\":[{\"@type\":\"ReadAction\",\"target\":[\"https:\/\/patagoniarebeldeweb.com.ar\/?p=2105\"]}]},{\"@type\":\"ImageObject\",\"inLanguage\":\"es-AR\",\"@id\":\"https:\/\/patagoniarebeldeweb.com.ar\/?p=2105#primaryimage\",\"url\":\"https:\/\/patagoniarebeldeweb.com.ar\/wp-content\/uploads\/2026\/01\/AMAROK-PINAMAR.jpg\",\"contentUrl\":\"https:\/\/patagoniarebeldeweb.com.ar\/wp-content\/uploads\/2026\/01\/AMAROK-PINAMAR.jpg\",\"width\":720,\"height\":706},{\"@type\":\"BreadcrumbList\",\"@id\":\"https:\/\/patagoniarebeldeweb.com.ar\/?p=2105#breadcrumb\",\"itemListElement\":[{\"@type\":\"ListItem\",\"position\":1,\"name\":\"Portada\",\"item\":\"https:\/\/patagoniarebeldeweb.com.ar\/\"},{\"@type\":\"ListItem\",\"position\":2,\"name\":\"Caso Basti\u00e1n: los conductores del UTV y la Amarok dieron positivo en los test de alcoholemia\"}]},{\"@type\":\"WebSite\",\"@id\":\"https:\/\/patagoniarebeldeweb.com.ar\/#website\",\"url\":\"https:\/\/patagoniarebeldeweb.com.ar\/\",\"name\":\"Patagonia Rebelde\",\"description\":\"Toda la info de General Rodr\u00edguez\",\"publisher\":{\"@id\":\"https:\/\/patagoniarebeldeweb.com.ar\/#organization\"},\"alternateName\":\"Patagonia Rebelde web\",\"potentialAction\":[{\"@type\":\"SearchAction\",\"target\":{\"@type\":\"EntryPoint\",\"urlTemplate\":\"https:\/\/patagoniarebeldeweb.com.ar\/?s={search_term_string}\"},\"query-input\":{\"@type\":\"PropertyValueSpecification\",\"valueRequired\":true,\"valueName\":\"search_term_string\"}}],\"inLanguage\":\"es-AR\"},{\"@type\":\"Organization\",\"@id\":\"https:\/\/patagoniarebeldeweb.com.ar\/#organization\",\"name\":\"Patagonia Rebelde\",\"alternateName\":\"Patagonia Rebelde web\",\"url\":\"https:\/\/patagoniarebeldeweb.com.ar\/\",\"logo\":{\"@type\":\"ImageObject\",\"inLanguage\":\"es-AR\",\"@id\":\"https:\/\/patagoniarebeldeweb.com.ar\/#\/schema\/logo\/image\/\",\"url\":\"https:\/\/patagoniarebeldeweb.com.ar\/wp-content\/uploads\/2024\/11\/logo-si.png\",\"contentUrl\":\"https:\/\/patagoniarebeldeweb.com.ar\/wp-content\/uploads\/2024\/11\/logo-si.png\",\"width\":460,\"height\":139,\"caption\":\"Patagonia Rebelde\"},\"image\":{\"@id\":\"https:\/\/patagoniarebeldeweb.com.ar\/#\/schema\/logo\/image\/\"},\"sameAs\":[\"https:\/\/www.facebook.com\/patagoniarebeldeweb\/\",\"https:\/\/www.youtube.com\/@edgardomiller\"]},{\"@type\":\"Person\",\"@id\":\"https:\/\/patagoniarebeldeweb.com.ar\/#\/schema\/person\/e293fd079db65aaa1c67b010d4a45452\",\"name\":\"admin\",\"image\":{\"@type\":\"ImageObject\",\"inLanguage\":\"es-AR\",\"@id\":\"https:\/\/secure.gravatar.com\/avatar\/aee4690e6ac4e427fd6efdc77149c35418ee5cc06426f4da7bc3ec412f507eb1?s=96&d=mm&r=g\",\"url\":\"https:\/\/secure.gravatar.com\/avatar\/aee4690e6ac4e427fd6efdc77149c35418ee5cc06426f4da7bc3ec412f507eb1?s=96&d=mm&r=g\",\"contentUrl\":\"https:\/\/secure.gravatar.com\/avatar\/aee4690e6ac4e427fd6efdc77149c35418ee5cc06426f4da7bc3ec412f507eb1?s=96&d=mm&r=g\",\"caption\":\"admin\"},\"sameAs\":[\"https:\/\/patagoniarebeldeweb.com.ar\"],\"url\":\"https:\/\/patagoniarebeldeweb.com.ar\/?author=1\"}]}<\/script>\n<!-- \/ Yoast SEO plugin. -->","yoast_head_json":{"title":"Caso Basti\u00e1n: los conductores del UTV y la Amarok dieron positivo en los test de alcoholemia | Patagonia Rebelde","robots":{"index":"index","follow":"follow","max-snippet":"max-snippet:-1","max-image-preview":"max-image-preview:large","max-video-preview":"max-video-preview:-1"},"canonical":"https:\/\/patagoniarebeldeweb.com.ar\/?p=2105","og_locale":"es_ES","og_type":"article","og_title":"Caso Basti\u00e1n: los conductores del UTV y la Amarok dieron positivo en los test de alcoholemia | Patagonia Rebelde","og_description":"(Policiales). -El hombre que iba en la camioneta dio 0,21, mientras que dio 0,41 la...","og_url":"https:\/\/patagoniarebeldeweb.com.ar\/?p=2105","og_site_name":"Patagonia Rebelde","article_publisher":"https:\/\/www.facebook.com\/patagoniarebeldeweb\/","article_published_time":"2026-01-26T20:55:23+00:00","article_modified_time":"2026-01-26T20:55:26+00:00","og_image":[{"width":720,"height":706,"url":"https:\/\/patagoniarebeldeweb.com.ar\/wp-content\/uploads\/2026\/01\/AMAROK-PINAMAR.jpg","type":"image\/jpeg"}],"author":"admin","twitter_card":"summary_large_image","twitter_misc":{"Escrito por":"admin","Tiempo de lectura":"3 minutos"},"schema":{"@context":"https:\/\/schema.org","@graph":[{"@type":"Article","@id":"https:\/\/patagoniarebeldeweb.com.ar\/?p=2105#article","isPartOf":{"@id":"https:\/\/patagoniarebeldeweb.com.ar\/?p=2105"},"author":{"name":"admin","@id":"https:\/\/patagoniarebeldeweb.com.ar\/#\/schema\/person\/e293fd079db65aaa1c67b010d4a45452"},"headline":"Caso Basti\u00e1n: los conductores del UTV y la Amarok dieron positivo en los test de alcoholemia","datePublished":"2026-01-26T20:55:23+00:00","dateModified":"2026-01-26T20:55:26+00:00","mainEntityOfPage":{"@id":"https:\/\/patagoniarebeldeweb.com.ar\/?p=2105"},"wordCount":586,"commentCount":0,"publisher":{"@id":"https:\/\/patagoniarebeldeweb.com.ar\/#organization"},"image":{"@id":"https:\/\/patagoniarebeldeweb.com.ar\/?p=2105#primaryimage"},"thumbnailUrl":"https:\/\/patagoniarebeldeweb.com.ar\/wp-content\/uploads\/2026\/01\/AMAROK-PINAMAR.jpg","articleSection":["ACTUALIDAD","Destacadas"],"inLanguage":"es-AR","potentialAction":[{"@type":"CommentAction","name":"Comment","target":["https:\/\/patagoniarebeldeweb.com.ar\/?p=2105#respond"]}]},{"@type":"WebPage","@id":"https:\/\/patagoniarebeldeweb.com.ar\/?p=2105","url":"https:\/\/patagoniarebeldeweb.com.ar\/?p=2105","name":"Caso Basti\u00e1n: los conductores del UTV y la Amarok dieron positivo en los test de alcoholemia | Patagonia Rebelde","isPartOf":{"@id":"https:\/\/patagoniarebeldeweb.com.ar\/#website"},"primaryImageOfPage":{"@id":"https:\/\/patagoniarebeldeweb.com.ar\/?p=2105#primaryimage"},"image":{"@id":"https:\/\/patagoniarebeldeweb.com.ar\/?p=2105#primaryimage"},"thumbnailUrl":"https:\/\/patagoniarebeldeweb.com.ar\/wp-content\/uploads\/2026\/01\/AMAROK-PINAMAR.jpg","datePublished":"2026-01-26T20:55:23+00:00","dateModified":"2026-01-26T20:55:26+00:00","breadcrumb":{"@id":"https:\/\/patagoniarebeldeweb.com.ar\/?p=2105#breadcrumb"},"inLanguage":"es-AR","potentialAction":[{"@type":"ReadAction","target":["https:\/\/patagoniarebeldeweb.com.ar\/?p=2105"]}]},{"@type":"ImageObject","inLanguage":"es-AR","@id":"https:\/\/patagoniarebeldeweb.com.ar\/?p=2105#primaryimage","url":"https:\/\/patagoniarebeldeweb.com.ar\/wp-content\/uploads\/2026\/01\/AMAROK-PINAMAR.jpg","contentUrl":"https:\/\/patagoniarebeldeweb.com.ar\/wp-content\/uploads\/2026\/01\/AMAROK-PINAMAR.jpg","width":720,"height":706},{"@type":"BreadcrumbList","@id":"https:\/\/patagoniarebeldeweb.com.ar\/?p=2105#breadcrumb","itemListElement":[{"@type":"ListItem","position":1,"name":"Portada","item":"https:\/\/patagoniarebeldeweb.com.ar\/"},{"@type":"ListItem","position":2,"name":"Caso Basti\u00e1n: los conductores del UTV y la Amarok dieron positivo en los test de alcoholemia"}]},{"@type":"WebSite","@id":"https:\/\/patagoniarebeldeweb.com.ar\/#website","url":"https:\/\/patagoniarebeldeweb.com.ar\/","name":"Patagonia Rebelde","description":"Toda la info de General Rodr\u00edguez","publisher":{"@id":"https:\/\/patagoniarebeldeweb.com.ar\/#organization"},"alternateName":"Patagonia Rebelde web","potentialAction":[{"@type":"SearchAction","target":{"@type":"EntryPoint","urlTemplate":"https:\/\/patagoniarebeldeweb.com.ar\/?s={search_term_string}"},"query-input":{"@type":"PropertyValueSpecification","valueRequired":true,"valueName":"search_term_string"}}],"inLanguage":"es-AR"},{"@type":"Organization","@id":"https:\/\/patagoniarebeldeweb.com.ar\/#organization","name":"Patagonia Rebelde","alternateName":"Patagonia Rebelde web","url":"https:\/\/patagoniarebeldeweb.com.ar\/","logo":{"@type":"ImageObject","inLanguage":"es-AR","@id":"https:\/\/patagoniarebeldeweb.com.ar\/#\/schema\/logo\/image\/","url":"https:\/\/patagoniarebeldeweb.com.ar\/wp-content\/uploads\/2024\/11\/logo-si.png","contentUrl":"https:\/\/patagoniarebeldeweb.com.ar\/wp-content\/uploads\/2024\/11\/logo-si.png","width":460,"height":139,"caption":"Patagonia Rebelde"},"image":{"@id":"https:\/\/patagoniarebeldeweb.com.ar\/#\/schema\/logo\/image\/"},"sameAs":["https:\/\/www.facebook.com\/patagoniarebeldeweb\/","https:\/\/www.youtube.com\/@edgardomiller"]},{"@type":"Person","@id":"https:\/\/patagoniarebeldeweb.com.ar\/#\/schema\/person\/e293fd079db65aaa1c67b010d4a45452","name":"admin","image":{"@type":"ImageObject","inLanguage":"es-AR","@id":"https:\/\/secure.gravatar.com\/avatar\/aee4690e6ac4e427fd6efdc77149c35418ee5cc06426f4da7bc3ec412f507eb1?s=96&d=mm&r=g","url":"https:\/\/secure.gravatar.com\/avatar\/aee4690e6ac4e427fd6efdc77149c35418ee5cc06426f4da7bc3ec412f507eb1?s=96&d=mm&r=g","contentUrl":"https:\/\/secure.gravatar.com\/avatar\/aee4690e6ac4e427fd6efdc77149c35418ee5cc06426f4da7bc3ec412f507eb1?s=96&d=mm&r=g","caption":"admin"},"sameAs":["https:\/\/patagoniarebeldeweb.com.ar"],"url":"https:\/\/patagoniarebeldeweb.com.ar\/?author=1"}]}},"featured_image_urls":{"full":["https:\/\/patagoniarebeldeweb.com.ar\/wp-content\/uploads\/2026\/01\/AMAROK-PINAMAR.jpg",720,706,false],"thumbnail":["https:\/\/patagoniarebeldeweb.com.ar\/wp-content\/uploads\/2026\/01\/AMAROK-PINAMAR-150x150.jpg",150,150,true],"medium":["https:\/\/patagoniarebeldeweb.com.ar\/wp-content\/uploads\/2026\/01\/AMAROK-PINAMAR-300x294.jpg",300,294,true],"medium_large":["https:\/\/patagoniarebeldeweb.com.ar\/wp-content\/uploads\/2026\/01\/AMAROK-PINAMAR.jpg",640,628,false],"large":["https:\/\/patagoniarebeldeweb.com.ar\/wp-content\/uploads\/2026\/01\/AMAROK-PINAMAR.jpg",640,628,false],"1536x1536":["https:\/\/patagoniarebeldeweb.com.ar\/wp-content\/uploads\/2026\/01\/AMAROK-PINAMAR.jpg",720,706,false],"2048x2048":["https:\/\/patagoniarebeldeweb.com.ar\/wp-content\/uploads\/2026\/01\/AMAROK-PINAMAR.jpg",720,706,false],"enternews-slider-full":["https:\/\/patagoniarebeldeweb.com.ar\/wp-content\/uploads\/2026\/01\/AMAROK-PINAMAR.jpg",720,706,false],"enternews-featured":["https:\/\/patagoniarebeldeweb.com.ar\/wp-content\/uploads\/2026\/01\/AMAROK-PINAMAR.jpg",720,706,false],"enternews-medium":["https:\/\/patagoniarebeldeweb.com.ar\/wp-content\/uploads\/2026\/01\/AMAROK-PINAMAR-720x475.jpg",720,475,true]},"author_info":{"display_name":"admin","author_link":"https:\/\/patagoniarebeldeweb.com.ar\/?author=1"},"category_info":"<a href=\"https:\/\/patagoniarebeldeweb.com.ar\/?cat=37\" rel=\"category\">ACTUALIDAD<\/a> <a href=\"https:\/\/patagoniarebeldeweb.com.ar\/?cat=25\" rel=\"category\">Destacadas<\/a>","tag_info":"Destacadas","comment_count":"0","_links":{"self":[{"href":"https:\/\/patagoniarebeldeweb.com.ar\/index.php?rest_route=\/wp\/v2\/posts\/2105","targetHints":{"allow":["GET"]}}],"collection":[{"href":"https:\/\/patagoniarebeldeweb.com.ar\/index.php?rest_route=\/wp\/v2\/posts"}],"about":[{"href":"https:\/\/patagoniarebeldeweb.com.ar\/index.php?rest_route=\/wp\/v2\/types\/post"}],"author":[{"embeddable":true,"href":"https:\/\/patagoniarebeldeweb.com.ar\/index.php?rest_route=\/wp\/v2\/users\/1"}],"replies":[{"embeddable":true,"href":"https:\/\/patagoniarebeldeweb.com.ar\/index.php?rest_route=%2Fwp%2Fv2%2Fcomments&post=2105"}],"version-history":[{"count":1,"href":"https:\/\/patagoniarebeldeweb.com.ar\/index.php?rest_route=\/wp\/v2\/posts\/2105\/revisions"}],"predecessor-version":[{"id":2107,"href":"https:\/\/patagoniarebeldeweb.com.ar\/index.php?rest_route=\/wp\/v2\/posts\/2105\/revisions\/2107"}],"wp:featuredmedia":[{"embeddable":true,"href":"https:\/\/patagoniarebeldeweb.com.ar\/index.php?rest_route=\/wp\/v2\/media\/2106"}],"wp:attachment":[{"href":"https:\/\/patagoniarebeldeweb.com.ar\/index.php?rest_route=%2Fwp%2Fv2%2Fmedia&parent=2105"}],"wp:term":[{"taxonomy":"category","embeddable":true,"href":"https:\/\/patagoniarebeldeweb.com.ar\/index.php?rest_route=%2Fwp%2Fv2%2Fcategories&post=2105"},{"taxonomy":"post_tag","embeddable":true,"href":"https:\/\/patagoniarebeldeweb.com.ar\/index.php?rest_route=%2Fwp%2Fv2%2Ftags&post=2105"}],"curies":[{"name":"wp","href":"https:\/\/api.w.org\/{rel}","templated":true}]}}