{"id":2093,"date":"2026-01-24T20:03:32","date_gmt":"2026-01-24T23:03:32","guid":{"rendered":"https:\/\/patagoniarebeldeweb.com.ar\/?p=2093"},"modified":"2026-01-24T20:03:36","modified_gmt":"2026-01-24T23:03:36","slug":"a-29-anos-del-asesinato-de-cabezas-el-mensaje-de-un-crimen","status":"publish","type":"post","link":"https:\/\/patagoniarebeldeweb.com.ar\/?p=2093","title":{"rendered":"A 29 a\u00f1os del asesinato de Cabezas: el mensaje de un crimen"},"content":{"rendered":"\n<h4 class=\"wp-block-heading\">Por Dr. Alejandro Vecchi.- No es solo memoria hist\u00f3rica: es una vacuna c\u00edvica contra ese s\u00edndrome que reaparece cuando la democracia se debilita.<\/h4>\n\n\n\n<p>1997 no pas\u00f3: advirti\u00f3. No fue una anomal\u00eda ni un exceso aislado del sistema democr\u00e1tico; fue el momento en que la democracia argentina qued\u00f3 brutalmente expuesta. El asesinato de un fot\u00f3grafo no constituy\u00f3 solo un crimen atroz: fue un mensaje mafioso, claro y disciplinador, dirigido a quienes investigan, preguntan y se niegan a aceptar el silencio como norma. Cuando el periodismo cumple su funci\u00f3n real \u2014mirar donde no se quiere que se mire\u2014 deja de ser tolerado y pasa a ser un estorbo.<\/p>\n\n\n\n<p>Veintinueve a\u00f1os despu\u00e9s, el crimen m\u00e1s terrible de la democracia sigue diciendo lo mismo: cuando se combinan una polic\u00eda autonomizada, un poder econ\u00f3mico invisible y una pol\u00edtica en disputa, la violencia no es un accidente, es un m\u00e9todo. Durante demasiado tiempo se crey\u00f3 vivir en una normalidad aparente, en una calma ficticia sostenida por la presunci\u00f3n de regularidad institucional. Pero no era paz: era silencio antes del derrumbe. La realidad irrumpi\u00f3 de golpe y lo hizo con una brutalidad que nadie pudo seguir ignorando.<\/p>\n\n\n\n<p>No fue solo un ataque contra una persona. Fue un ataque directo al periodismo de investigaci\u00f3n, al derecho de la sociedad a saber y a la idea misma de que el poder debe rendir cuentas. Por eso 1997 no pertenece al pasado: sigue operando como advertencia en el presente.<\/p>\n\n\n\n<p>Ese crimen no ocurri\u00f3 en el vac\u00edo ni fue obra de una desviaci\u00f3n individual. Naci\u00f3 de un contexto preciso, reconocible y peligroso: un entramado de intereses econ\u00f3micos opacos, estructuras estatales degradadas y disputas pol\u00edticas que transformaron la investigaci\u00f3n en un campo de batalla. Nada de esto fue improvisado.<\/p>\n\n\n\n<p>El 25 de enero de 1997 no ocurri\u00f3 \u201cun crimen\u201d. Ocurri\u00f3 una demostraci\u00f3n de poder. Jos\u00e9 Luis Cabezas, fot\u00f3grafo de la revista&nbsp;<em>Noticias<\/em>, fue secuestrado, torturado, asesinado y luego incendiado dentro de un autom\u00f3vil. La escena no fue solo para matar: fue para dejar marca, para que el mensaje quedara escrito en el cuerpo, en el fuego y en la memoria p\u00fablica. Eso es lo que vuelve al caso una bisagra en la historia argentina: no es el homicidio de un individuo, sino un ataque a una funci\u00f3n social esencial: mirar, registrar y publicar all\u00ed donde esa mirada se vuelve intolerable para un poder que exige invisibilidad.<\/p>\n\n\n\n<p>Ese punto, en la Argentina de los a\u00f1os noventa, tuvo nombre propio. La cobertura period\u00edstica y los registros de \u00e9poca son consistentes en un dato decisivo: la fotograf\u00eda que expuso a Alfredo Yabr\u00e1n, la que rompi\u00f3 el pacto de anonimato, fue publicada menos de un a\u00f1o antes del asesinato. La relaci\u00f3n no se explica por casualidades, sino por l\u00f3gica de sistema: cuando un actor con redes, recursos y miedo administrado es sacado a la luz, el costo se paga en sangre.<\/p>\n\n\n\n<p>Hab\u00eda se\u00f1ales previas. En diciembre de 1996,&nbsp;<em>Noticias<\/em>&nbsp;public\u00f3 la investigaci\u00f3n de Edi Zunino y Joe Goldman titulada \u201cLa ESMA de Yabr\u00e1n\u201d. No fue un t\u00edtulo ret\u00f3rico: el art\u00edculo denunciaba el reciclaje de hombres del aparato represivo y la existencia de dispositivos privados de control que remit\u00edan a las zonas m\u00e1s oscuras del Estado. Un mes despu\u00e9s, el fot\u00f3grafo de esa misma revista apareci\u00f3 quemado. Esa continuidad temporal no es met\u00e1fora: es contexto.<\/p>\n\n\n\n<p>En paralelo, la pol\u00edtica ya hab\u00eda tocado el nervio. Domingo Cavallo hab\u00eda denunciado p\u00fablicamente a Yabr\u00e1n en 1996; esa disputa form\u00f3 parte del conflicto que termin\u00f3 con su salida del gobierno. Ocho meses despu\u00e9s, Cabezas estaba muerto. El patr\u00f3n es simple y feroz: cuando se nombra lo que no debe ser nombrado, el sistema se defiende.<\/p>\n\n\n\n<p>Por eso 1997 no es una fecha para recordar: es una fecha para entender.<\/p>\n\n\n\n<p>El caso Cabezas expone una verdad que se repite en la historia argentina: el Estado formal discute; el Estado real opera. Y cuando opera, lo hace con herramientas antiguas y eficaces: intimidaci\u00f3n, disciplina, silencios comprados y miedo administrado. De all\u00ed nace un grito que no fue consigna ni marketing moral, sino advertencia institucional: \u201cNo se olviden de Cabezas\u201d. Porque cuando se olvida, se repite.<\/p>\n\n\n\n<p><strong>El tablero en llamas.<\/strong>&nbsp;El asesinato de Jos\u00e9 Luis Cabezas no irrumpe en un vac\u00edo. Ocurre en un pa\u00eds pol\u00edticamente incendiado, donde el poder formal discute el futuro mientras el poder real administra el presente. En 1996\u20131997, la Argentina vive una guerra interna no declarada dentro del peronismo: Carlos Menem y Eduardo Duhalde ya no comparten horizonte. La sucesi\u00f3n presidencial de 1999 empieza a ordenarlo todo: alianzas, silencios, tolerancias y, sobre todo, zonas liberadas.<\/p>\n\n\n\n<p>Menem conserva el control del Estado nacional, pero Duhalde gobierna la provincia de Buenos Aires, el territorio donde se concentra la polic\u00eda m\u00e1s numerosa, m\u00e1s aut\u00f3noma y m\u00e1s penetrada por l\u00f3gicas de recaudaci\u00f3n. Esa fractura explica algo central: nadie manda del todo, y cuando nadie manda del todo, mandan las redes. El caso Cabezas estalla en ese interregno, donde el poder pol\u00edtico est\u00e1 en disputa y el poder f\u00e1ctico opera sin supervisi\u00f3n efectiva.<\/p>\n\n\n\n<p>En ese clima, la denuncia de Cavallo contra Yabr\u00e1n no fue un exabrupto aislado: fue un misil en medio de la interna. Cavallo rompe una regla no escrita \u2014nombrar al poder econ\u00f3mico-policial\u2014 y el sistema reacciona con una l\u00f3gica conocida: expulsi\u00f3n pol\u00edtica primero, disciplinamiento simb\u00f3lico despu\u00e9s. La secuencia es inc\u00f3moda pero verificable: julio de 1996, Cavallo fuera del gobierno; enero de 1997, Cabezas asesinado. No hay que probar conspiraciones para advertir patrones.<\/p>\n\n\n\n<p>La provincia de Buenos Aires, mientras tanto, es el escenario donde esa tensi\u00f3n se vuelve material. La polic\u00eda bonaerense de los 90 no es una fuerza subordinada: es un actor pol\u00edtico-econ\u00f3mico con caja propia, v\u00ednculos empresariales, control territorial y capacidad de presi\u00f3n. Investiga, recauda y decide. Ese modelo, heredado hist\u00f3ricamente, tolerado y funcional, entra en crisis cuando el crimen de Cabezas expone al mundo una verdad dom\u00e9stica: la polic\u00eda no solo falla, tambi\u00e9n gobierna.<\/p>\n\n\n\n<p>Dicho sin eufemismos: en 1997, la Argentina entendi\u00f3, a un costo alt\u00edsimo, que la democracia no se defiende solo con elecciones, sino con instituciones capaces de controlar a quienes portan armas, informaci\u00f3n y miedo. El crimen de Cabezas es el punto donde esa verdad se vuelve inocultable.<\/p>\n\n\n\n<p>La indignaci\u00f3n popular alcanz\u00f3 el m\u00e1ximo de ebullici\u00f3n cuando se supo que, el mismo d\u00eda en que ante el Juzgado Criminal de Dolores que investigaba el crimen el representante legal de la querella que representaba a los padres, hermana, esposa e hijos de Jos\u00e9 Luis hab\u00eda pedido la detenci\u00f3n de Yabr\u00e1n y sus c\u00f3mplices por considerarlo el principal sospechoso de ser el autor intelectual del asesinato, el presidente de la Naci\u00f3n ordenaba recibirlo en la Casa Rosada. El final de la reuni\u00f3n consta en las redes sociales.<\/p>\n\n\n\n<p><strong>S\u00edndrome de Estocolmo democr\u00e1tico.<\/strong>&nbsp;Cuando una sociedad es expuesta durante a\u00f1os a fracasos estructurales, a promesas incumplidas, a crisis c\u00edclicas y a una sensaci\u00f3n persistente de indefensi\u00f3n, comienza a aceptar \u2014y a veces justificar\u2014 formas de poder que no se legitiman por sus logros democr\u00e1ticos, sino por contraste con un pasado presentado como a\u00fan peor.<\/p>\n\n\n\n<p>All\u00ed aparece la captaci\u00f3n emocional permanente. El poder ya no se sostiene por la eficacia institucional, la calidad republicana o el respeto por las reglas, sino por una dicotom\u00eda falsa: orden o caos, nosotros o el abismo, lealtad o cat\u00e1strofe. No se convence desde el m\u00e9rito; se retiene desde el miedo. No se gobierna desde el \u00e9xito propio; se administra el fracaso ajeno.<\/p>\n\n\n\n<p>En ese esquema, la paradoja se vuelve norma. Se toleran ciertas mafias y se condenan otras. Se relativizan abusos si provienen del \u201clado correcto\u201d. Se justifican pr\u00e1cticas opacas en nombre de una supuesta estabilidad. El poder no necesita ya ocultarse del todo: le alcanza con redefinir el umbral de lo tolerable. La v\u00edctima, el ciudadano, no defiende al victimario porque lo ame, sino porque teme perder el precario equilibrio que cree haber alcanzado.<\/p>\n\n\n\n<p>La democracia, en este punto, enfrenta su mayor desaf\u00edo silencioso. No el golpe expl\u00edcito, no la ruptura formal, sino la naturalizaci\u00f3n del contrasentido. La aceptaci\u00f3n gradual de que el poder no rinda cuentas, de que algunas reglas sean optativas, de que ciertos l\u00edmites puedan correrse \u201cpor esta vez\u201d. El s\u00edndrome de Estocolmo pol\u00edtico no se manifiesta en adhesiones fan\u00e1ticas, sino en resignaciones razonables, en silencios explicables, en indulgencias selectivas.<\/p>\n\n\n\n<p>Le\u00eddo as\u00ed, el caso Cabezas vuelve a interpelar desde otro \u00e1ngulo. Porque el crimen no solo busc\u00f3 eliminar una mirada inc\u00f3moda, sino advertir sobre los costos de no adaptarse. El mensaje era claro: hay l\u00edmites que no deben cruzarse, verdades que conviene no mirar, poderes con los que es mejor convivir. La reacci\u00f3n social de entonces fue romper ese hechizo. Recordar que no hay estabilidad posible cuando se negocia la verdad.<\/p>\n\n\n\n<p>Tal vez por eso, a casi tres d\u00e9cadas, el homenaje a Cabezas no es solo memoria hist\u00f3rica. Es una vacuna c\u00edvica contra ese s\u00edndrome sutil que reaparece cuando la democracia se debilita: la tentaci\u00f3n de confundir protecci\u00f3n con sometimiento, gobernabilidad con silencio, orden con renuncia.<\/p>\n\n\n\n<p>Cuando una sociedad naturaliza la captaci\u00f3n emocional del poder, el primer da\u00f1o no es institucional: es perceptivo. Se pierde la capacidad de distinguir entre protecci\u00f3n y sometimiento, entre orden y silencio impuesto. En ese punto, la democracia no cae: se anestesia. Y lo hace aceptando que mirar demasiado, preguntar de m\u00e1s o documentar lo inc\u00f3modo puede ser visto como una provocaci\u00f3n innecesaria.<\/p>\n\n\n\n<p>All\u00ed es donde el s\u00edndrome de Estocolmo pol\u00edtico revela su costado m\u00e1s peligroso: no necesita justificar la violencia; le alcanza con relativizarla. No exige adhesi\u00f3n expl\u00edcita; se conforma con la tolerancia selectiva. El poder ya no debe demostrar legitimidad propia: le basta con se\u00f1alar un pasado peor, un enemigo m\u00e1s ca\u00f3tico, un miedo m\u00e1s grande.<\/p>\n\n\n\n<p>El caso Cabezas irrumpe precisamente en ese punto de inflexi\u00f3n. No como excepci\u00f3n, sino como advertencia. Porque cuando la mirada independiente se vuelve intolerable, cuando el periodismo deja de ser control y pasa a ser riesgo, el problema ya no es la prensa: es la violaci\u00f3n de los l\u00edmites mismos del sistema.<\/p>\n\n\n\n<p>Desde ah\u00ed, el homenaje deja de ser memoria y se convierte en frontera.<\/p>\n\n\n\n<p><strong>La advertencia que sigue ardiendo.<\/strong>&nbsp;El asesinato de Jos\u00e9 Luis Cabezas no busc\u00f3 silenciar una nota. Busc\u00f3 disciplinar una funci\u00f3n. El mensaje no fue solo para&nbsp;<em>Noticias<\/em>&nbsp;ni para el periodismo: fue para cualquiera que osara hacer visible lo que el poder hab\u00eda decidido no mostrar.<\/p>\n\n\n\n<p>Por eso la foto no es un detalle anecd\u00f3tico: es un acto institucional. Fotografiar, en ese contexto, fue ejercer control democr\u00e1tico cuando las otras instancias \u2014pol\u00edticas, policiales, judiciales\u2014 hab\u00edan fallado o mirado hacia otro lado.<\/p>\n\n\n\n<p>La Argentina ya conoc\u00eda esta l\u00f3gica. La historia la repite con distintos nombres y distintas v\u00edctimas: cuando el poder se vuelve opaco, la primera frontera que intenta quebrar es la mirada. Ayer fue el fot\u00f3grafo; hoy puede ser el fiscal, el juez, el perito, el testigo. El m\u00e9todo es el mismo: aislar, estigmatizar, intimidar, quebrar. El caso Cabezas lo mostr\u00f3 con una crudeza que volvi\u00f3 imposible seguir fingiendo que se trataba de \u201cexcesos\u201d o \u201cdesbordes\u201d.<\/p>\n\n\n\n<p>Por eso el cierre no puede ser nost\u00e1lgico. \u201cNo se olviden de Cabezas\u201d no es un lema conmemorativo; es una instrucci\u00f3n institucional. Olvidar no es un acto pasivo: es una forma activa de habilitar la repetici\u00f3n. Cada vez que se naturaliza la violencia contra quien investiga, pregunta o documenta, el Estado se achica y el poder real se agranda.<\/p>\n\n\n\n<p>El crimen de 1997 dej\u00f3 una ense\u00f1anza que incomoda a todos los gobiernos, sin excepci\u00f3n: las instituciones no se defienden declam\u00e1ndolas, sino aceptando que el control duele. Duele cuando la prensa expone. Duele cuando la justicia investiga. Duele cuando se le quita autonom\u00eda a las fuerzas armadas del Estado. Pero ese dolor es el precio m\u00ednimo de la democracia. El costo de no pagarlo es infinitamente mayor.<\/p>\n\n\n\n<p>Cabezas no muri\u00f3 por una foto. Muri\u00f3 porque esa foto rompi\u00f3 un pacto de silencio. Y los pactos de silencio son la materia prima de todas las mafias, grandes o peque\u00f1as, estatales o privadas. La quema del cuerpo fue el intento final de borrar la prueba. Fracas\u00f3. Eso s\u00ed fracas\u00f3. Porque lo que no pudieron quemar fue la conciencia social de que algo se hab\u00eda roto para siempre.<\/p>\n\n\n\n<p>Veintinueve a\u00f1os despu\u00e9s, el homenaje no consiste en repetir su nombre, sino en sostener el l\u00edmite que su muerte traz\u00f3. Cada vez que ese l\u00edmite se corre, el fuego vuelve a acercarse.<\/p>\n\n\n\n<p>Cada vez que se lo defiende, Cabezas sigue mirando.<\/p>\n\n\n\n<p>Nota de la redacci\u00f3n: Alejandro Vecchi fue el abogado querellante que represento a la familia de Jos\u00e9 Luis Cabezas durante la investigaci\u00f3n judicial.-<\/p>\n\n\n\n<ul class=\"wp-block-list\">\n<li><a href=\"https:\/\/patagoniarebeldedigital.com.ar\/actualidad\/encontraron-los-restos-del-sacerdote-camilo-torres\/\"><\/a><\/li>\n<\/ul>\n","protected":false},"excerpt":{"rendered":"<p>Por Dr. Alejandro Vecchi.- No es solo memoria hist\u00f3rica: es una vacuna c\u00edvica contra ese&#8230;<\/p>\n","protected":false},"author":1,"featured_media":2094,"comment_status":"open","ping_status":"open","sticky":false,"template":"","format":"standard","meta":{"footnotes":""},"categories":[36],"tags":[],"class_list":["post-2093","post","type-post","status-publish","format-standard","has-post-thumbnail","hentry","category-recientes"],"yoast_head":"<!-- This site is optimized with the Yoast SEO plugin v27.2 - https:\/\/yoast.com\/product\/yoast-seo-wordpress\/ -->\n<title>A 29 a\u00f1os del asesinato de Cabezas: el mensaje de un crimen | Patagonia Rebelde<\/title>\n<meta name=\"robots\" content=\"index, follow, max-snippet:-1, max-image-preview:large, max-video-preview:-1\" \/>\n<link rel=\"canonical\" href=\"https:\/\/patagoniarebeldeweb.com.ar\/?p=2093\" \/>\n<meta property=\"og:locale\" content=\"es_ES\" \/>\n<meta property=\"og:type\" content=\"article\" \/>\n<meta property=\"og:title\" content=\"A 29 a\u00f1os del asesinato de Cabezas: el mensaje de un crimen | Patagonia Rebelde\" \/>\n<meta property=\"og:description\" content=\"Por Dr. Alejandro Vecchi.- No es solo memoria hist\u00f3rica: es una vacuna c\u00edvica contra ese...\" \/>\n<meta property=\"og:url\" content=\"https:\/\/patagoniarebeldeweb.com.ar\/?p=2093\" \/>\n<meta property=\"og:site_name\" content=\"Patagonia Rebelde\" \/>\n<meta property=\"article:publisher\" content=\"https:\/\/www.facebook.com\/patagoniarebeldeweb\/\" \/>\n<meta property=\"article:published_time\" content=\"2026-01-24T23:03:32+00:00\" \/>\n<meta property=\"article:modified_time\" content=\"2026-01-24T23:03:36+00:00\" \/>\n<meta property=\"og:image\" content=\"https:\/\/patagoniarebeldeweb.com.ar\/wp-content\/uploads\/2026\/01\/JOSE-LUIS-CABEZAS-1.jpg\" \/>\n\t<meta property=\"og:image:width\" content=\"1280\" \/>\n\t<meta property=\"og:image:height\" content=\"720\" \/>\n\t<meta property=\"og:image:type\" content=\"image\/jpeg\" \/>\n<meta name=\"author\" content=\"admin\" \/>\n<meta name=\"twitter:card\" content=\"summary_large_image\" \/>\n<meta name=\"twitter:label1\" content=\"Escrito por\" \/>\n\t<meta name=\"twitter:data1\" content=\"admin\" \/>\n\t<meta name=\"twitter:label2\" content=\"Tiempo de lectura\" \/>\n\t<meta name=\"twitter:data2\" content=\"10 minutos\" \/>\n<script type=\"application\/ld+json\" class=\"yoast-schema-graph\">{\"@context\":\"https:\/\/schema.org\",\"@graph\":[{\"@type\":\"Article\",\"@id\":\"https:\/\/patagoniarebeldeweb.com.ar\/?p=2093#article\",\"isPartOf\":{\"@id\":\"https:\/\/patagoniarebeldeweb.com.ar\/?p=2093\"},\"author\":{\"name\":\"admin\",\"@id\":\"https:\/\/patagoniarebeldeweb.com.ar\/#\/schema\/person\/e293fd079db65aaa1c67b010d4a45452\"},\"headline\":\"A 29 a\u00f1os del asesinato de Cabezas: el mensaje de un crimen\",\"datePublished\":\"2026-01-24T23:03:32+00:00\",\"dateModified\":\"2026-01-24T23:03:36+00:00\",\"mainEntityOfPage\":{\"@id\":\"https:\/\/patagoniarebeldeweb.com.ar\/?p=2093\"},\"wordCount\":2263,\"commentCount\":0,\"publisher\":{\"@id\":\"https:\/\/patagoniarebeldeweb.com.ar\/#organization\"},\"image\":{\"@id\":\"https:\/\/patagoniarebeldeweb.com.ar\/?p=2093#primaryimage\"},\"thumbnailUrl\":\"https:\/\/patagoniarebeldeweb.com.ar\/wp-content\/uploads\/2026\/01\/JOSE-LUIS-CABEZAS-1.jpg\",\"articleSection\":[\"RECIENTES\"],\"inLanguage\":\"es-AR\",\"potentialAction\":[{\"@type\":\"CommentAction\",\"name\":\"Comment\",\"target\":[\"https:\/\/patagoniarebeldeweb.com.ar\/?p=2093#respond\"]}]},{\"@type\":\"WebPage\",\"@id\":\"https:\/\/patagoniarebeldeweb.com.ar\/?p=2093\",\"url\":\"https:\/\/patagoniarebeldeweb.com.ar\/?p=2093\",\"name\":\"A 29 a\u00f1os del asesinato de Cabezas: el mensaje de un crimen | Patagonia Rebelde\",\"isPartOf\":{\"@id\":\"https:\/\/patagoniarebeldeweb.com.ar\/#website\"},\"primaryImageOfPage\":{\"@id\":\"https:\/\/patagoniarebeldeweb.com.ar\/?p=2093#primaryimage\"},\"image\":{\"@id\":\"https:\/\/patagoniarebeldeweb.com.ar\/?p=2093#primaryimage\"},\"thumbnailUrl\":\"https:\/\/patagoniarebeldeweb.com.ar\/wp-content\/uploads\/2026\/01\/JOSE-LUIS-CABEZAS-1.jpg\",\"datePublished\":\"2026-01-24T23:03:32+00:00\",\"dateModified\":\"2026-01-24T23:03:36+00:00\",\"breadcrumb\":{\"@id\":\"https:\/\/patagoniarebeldeweb.com.ar\/?p=2093#breadcrumb\"},\"inLanguage\":\"es-AR\",\"potentialAction\":[{\"@type\":\"ReadAction\",\"target\":[\"https:\/\/patagoniarebeldeweb.com.ar\/?p=2093\"]}]},{\"@type\":\"ImageObject\",\"inLanguage\":\"es-AR\",\"@id\":\"https:\/\/patagoniarebeldeweb.com.ar\/?p=2093#primaryimage\",\"url\":\"https:\/\/patagoniarebeldeweb.com.ar\/wp-content\/uploads\/2026\/01\/JOSE-LUIS-CABEZAS-1.jpg\",\"contentUrl\":\"https:\/\/patagoniarebeldeweb.com.ar\/wp-content\/uploads\/2026\/01\/JOSE-LUIS-CABEZAS-1.jpg\",\"width\":1280,\"height\":720},{\"@type\":\"BreadcrumbList\",\"@id\":\"https:\/\/patagoniarebeldeweb.com.ar\/?p=2093#breadcrumb\",\"itemListElement\":[{\"@type\":\"ListItem\",\"position\":1,\"name\":\"Portada\",\"item\":\"https:\/\/patagoniarebeldeweb.com.ar\/\"},{\"@type\":\"ListItem\",\"position\":2,\"name\":\"A 29 a\u00f1os del asesinato de Cabezas: el mensaje de un crimen\"}]},{\"@type\":\"WebSite\",\"@id\":\"https:\/\/patagoniarebeldeweb.com.ar\/#website\",\"url\":\"https:\/\/patagoniarebeldeweb.com.ar\/\",\"name\":\"Patagonia Rebelde\",\"description\":\"Toda la info de General Rodr\u00edguez\",\"publisher\":{\"@id\":\"https:\/\/patagoniarebeldeweb.com.ar\/#organization\"},\"alternateName\":\"Patagonia Rebelde web\",\"potentialAction\":[{\"@type\":\"SearchAction\",\"target\":{\"@type\":\"EntryPoint\",\"urlTemplate\":\"https:\/\/patagoniarebeldeweb.com.ar\/?s={search_term_string}\"},\"query-input\":{\"@type\":\"PropertyValueSpecification\",\"valueRequired\":true,\"valueName\":\"search_term_string\"}}],\"inLanguage\":\"es-AR\"},{\"@type\":\"Organization\",\"@id\":\"https:\/\/patagoniarebeldeweb.com.ar\/#organization\",\"name\":\"Patagonia Rebelde\",\"alternateName\":\"Patagonia Rebelde web\",\"url\":\"https:\/\/patagoniarebeldeweb.com.ar\/\",\"logo\":{\"@type\":\"ImageObject\",\"inLanguage\":\"es-AR\",\"@id\":\"https:\/\/patagoniarebeldeweb.com.ar\/#\/schema\/logo\/image\/\",\"url\":\"https:\/\/patagoniarebeldeweb.com.ar\/wp-content\/uploads\/2024\/11\/logo-si.png\",\"contentUrl\":\"https:\/\/patagoniarebeldeweb.com.ar\/wp-content\/uploads\/2024\/11\/logo-si.png\",\"width\":460,\"height\":139,\"caption\":\"Patagonia Rebelde\"},\"image\":{\"@id\":\"https:\/\/patagoniarebeldeweb.com.ar\/#\/schema\/logo\/image\/\"},\"sameAs\":[\"https:\/\/www.facebook.com\/patagoniarebeldeweb\/\",\"https:\/\/www.youtube.com\/@edgardomiller\"]},{\"@type\":\"Person\",\"@id\":\"https:\/\/patagoniarebeldeweb.com.ar\/#\/schema\/person\/e293fd079db65aaa1c67b010d4a45452\",\"name\":\"admin\",\"image\":{\"@type\":\"ImageObject\",\"inLanguage\":\"es-AR\",\"@id\":\"https:\/\/secure.gravatar.com\/avatar\/aee4690e6ac4e427fd6efdc77149c35418ee5cc06426f4da7bc3ec412f507eb1?s=96&d=mm&r=g\",\"url\":\"https:\/\/secure.gravatar.com\/avatar\/aee4690e6ac4e427fd6efdc77149c35418ee5cc06426f4da7bc3ec412f507eb1?s=96&d=mm&r=g\",\"contentUrl\":\"https:\/\/secure.gravatar.com\/avatar\/aee4690e6ac4e427fd6efdc77149c35418ee5cc06426f4da7bc3ec412f507eb1?s=96&d=mm&r=g\",\"caption\":\"admin\"},\"sameAs\":[\"https:\/\/patagoniarebeldeweb.com.ar\"],\"url\":\"https:\/\/patagoniarebeldeweb.com.ar\/?author=1\"}]}<\/script>\n<!-- \/ Yoast SEO plugin. -->","yoast_head_json":{"title":"A 29 a\u00f1os del asesinato de Cabezas: el mensaje de un crimen | Patagonia Rebelde","robots":{"index":"index","follow":"follow","max-snippet":"max-snippet:-1","max-image-preview":"max-image-preview:large","max-video-preview":"max-video-preview:-1"},"canonical":"https:\/\/patagoniarebeldeweb.com.ar\/?p=2093","og_locale":"es_ES","og_type":"article","og_title":"A 29 a\u00f1os del asesinato de Cabezas: el mensaje de un crimen | Patagonia Rebelde","og_description":"Por Dr. Alejandro Vecchi.- No es solo memoria hist\u00f3rica: es una vacuna c\u00edvica contra ese...","og_url":"https:\/\/patagoniarebeldeweb.com.ar\/?p=2093","og_site_name":"Patagonia Rebelde","article_publisher":"https:\/\/www.facebook.com\/patagoniarebeldeweb\/","article_published_time":"2026-01-24T23:03:32+00:00","article_modified_time":"2026-01-24T23:03:36+00:00","og_image":[{"width":1280,"height":720,"url":"https:\/\/patagoniarebeldeweb.com.ar\/wp-content\/uploads\/2026\/01\/JOSE-LUIS-CABEZAS-1.jpg","type":"image\/jpeg"}],"author":"admin","twitter_card":"summary_large_image","twitter_misc":{"Escrito por":"admin","Tiempo de lectura":"10 minutos"},"schema":{"@context":"https:\/\/schema.org","@graph":[{"@type":"Article","@id":"https:\/\/patagoniarebeldeweb.com.ar\/?p=2093#article","isPartOf":{"@id":"https:\/\/patagoniarebeldeweb.com.ar\/?p=2093"},"author":{"name":"admin","@id":"https:\/\/patagoniarebeldeweb.com.ar\/#\/schema\/person\/e293fd079db65aaa1c67b010d4a45452"},"headline":"A 29 a\u00f1os del asesinato de Cabezas: el mensaje de un crimen","datePublished":"2026-01-24T23:03:32+00:00","dateModified":"2026-01-24T23:03:36+00:00","mainEntityOfPage":{"@id":"https:\/\/patagoniarebeldeweb.com.ar\/?p=2093"},"wordCount":2263,"commentCount":0,"publisher":{"@id":"https:\/\/patagoniarebeldeweb.com.ar\/#organization"},"image":{"@id":"https:\/\/patagoniarebeldeweb.com.ar\/?p=2093#primaryimage"},"thumbnailUrl":"https:\/\/patagoniarebeldeweb.com.ar\/wp-content\/uploads\/2026\/01\/JOSE-LUIS-CABEZAS-1.jpg","articleSection":["RECIENTES"],"inLanguage":"es-AR","potentialAction":[{"@type":"CommentAction","name":"Comment","target":["https:\/\/patagoniarebeldeweb.com.ar\/?p=2093#respond"]}]},{"@type":"WebPage","@id":"https:\/\/patagoniarebeldeweb.com.ar\/?p=2093","url":"https:\/\/patagoniarebeldeweb.com.ar\/?p=2093","name":"A 29 a\u00f1os del asesinato de Cabezas: el mensaje de un crimen | Patagonia Rebelde","isPartOf":{"@id":"https:\/\/patagoniarebeldeweb.com.ar\/#website"},"primaryImageOfPage":{"@id":"https:\/\/patagoniarebeldeweb.com.ar\/?p=2093#primaryimage"},"image":{"@id":"https:\/\/patagoniarebeldeweb.com.ar\/?p=2093#primaryimage"},"thumbnailUrl":"https:\/\/patagoniarebeldeweb.com.ar\/wp-content\/uploads\/2026\/01\/JOSE-LUIS-CABEZAS-1.jpg","datePublished":"2026-01-24T23:03:32+00:00","dateModified":"2026-01-24T23:03:36+00:00","breadcrumb":{"@id":"https:\/\/patagoniarebeldeweb.com.ar\/?p=2093#breadcrumb"},"inLanguage":"es-AR","potentialAction":[{"@type":"ReadAction","target":["https:\/\/patagoniarebeldeweb.com.ar\/?p=2093"]}]},{"@type":"ImageObject","inLanguage":"es-AR","@id":"https:\/\/patagoniarebeldeweb.com.ar\/?p=2093#primaryimage","url":"https:\/\/patagoniarebeldeweb.com.ar\/wp-content\/uploads\/2026\/01\/JOSE-LUIS-CABEZAS-1.jpg","contentUrl":"https:\/\/patagoniarebeldeweb.com.ar\/wp-content\/uploads\/2026\/01\/JOSE-LUIS-CABEZAS-1.jpg","width":1280,"height":720},{"@type":"BreadcrumbList","@id":"https:\/\/patagoniarebeldeweb.com.ar\/?p=2093#breadcrumb","itemListElement":[{"@type":"ListItem","position":1,"name":"Portada","item":"https:\/\/patagoniarebeldeweb.com.ar\/"},{"@type":"ListItem","position":2,"name":"A 29 a\u00f1os del asesinato de Cabezas: el mensaje de un crimen"}]},{"@type":"WebSite","@id":"https:\/\/patagoniarebeldeweb.com.ar\/#website","url":"https:\/\/patagoniarebeldeweb.com.ar\/","name":"Patagonia Rebelde","description":"Toda la info de General Rodr\u00edguez","publisher":{"@id":"https:\/\/patagoniarebeldeweb.com.ar\/#organization"},"alternateName":"Patagonia Rebelde web","potentialAction":[{"@type":"SearchAction","target":{"@type":"EntryPoint","urlTemplate":"https:\/\/patagoniarebeldeweb.com.ar\/?s={search_term_string}"},"query-input":{"@type":"PropertyValueSpecification","valueRequired":true,"valueName":"search_term_string"}}],"inLanguage":"es-AR"},{"@type":"Organization","@id":"https:\/\/patagoniarebeldeweb.com.ar\/#organization","name":"Patagonia Rebelde","alternateName":"Patagonia Rebelde web","url":"https:\/\/patagoniarebeldeweb.com.ar\/","logo":{"@type":"ImageObject","inLanguage":"es-AR","@id":"https:\/\/patagoniarebeldeweb.com.ar\/#\/schema\/logo\/image\/","url":"https:\/\/patagoniarebeldeweb.com.ar\/wp-content\/uploads\/2024\/11\/logo-si.png","contentUrl":"https:\/\/patagoniarebeldeweb.com.ar\/wp-content\/uploads\/2024\/11\/logo-si.png","width":460,"height":139,"caption":"Patagonia Rebelde"},"image":{"@id":"https:\/\/patagoniarebeldeweb.com.ar\/#\/schema\/logo\/image\/"},"sameAs":["https:\/\/www.facebook.com\/patagoniarebeldeweb\/","https:\/\/www.youtube.com\/@edgardomiller"]},{"@type":"Person","@id":"https:\/\/patagoniarebeldeweb.com.ar\/#\/schema\/person\/e293fd079db65aaa1c67b010d4a45452","name":"admin","image":{"@type":"ImageObject","inLanguage":"es-AR","@id":"https:\/\/secure.gravatar.com\/avatar\/aee4690e6ac4e427fd6efdc77149c35418ee5cc06426f4da7bc3ec412f507eb1?s=96&d=mm&r=g","url":"https:\/\/secure.gravatar.com\/avatar\/aee4690e6ac4e427fd6efdc77149c35418ee5cc06426f4da7bc3ec412f507eb1?s=96&d=mm&r=g","contentUrl":"https:\/\/secure.gravatar.com\/avatar\/aee4690e6ac4e427fd6efdc77149c35418ee5cc06426f4da7bc3ec412f507eb1?s=96&d=mm&r=g","caption":"admin"},"sameAs":["https:\/\/patagoniarebeldeweb.com.ar"],"url":"https:\/\/patagoniarebeldeweb.com.ar\/?author=1"}]}},"featured_image_urls":{"full":["https:\/\/patagoniarebeldeweb.com.ar\/wp-content\/uploads\/2026\/01\/JOSE-LUIS-CABEZAS-1.jpg",1280,720,false],"thumbnail":["https:\/\/patagoniarebeldeweb.com.ar\/wp-content\/uploads\/2026\/01\/JOSE-LUIS-CABEZAS-1-150x150.jpg",150,150,true],"medium":["https:\/\/patagoniarebeldeweb.com.ar\/wp-content\/uploads\/2026\/01\/JOSE-LUIS-CABEZAS-1-300x169.jpg",300,169,true],"medium_large":["https:\/\/patagoniarebeldeweb.com.ar\/wp-content\/uploads\/2026\/01\/JOSE-LUIS-CABEZAS-1-768x432.jpg",640,360,true],"large":["https:\/\/patagoniarebeldeweb.com.ar\/wp-content\/uploads\/2026\/01\/JOSE-LUIS-CABEZAS-1-1024x576.jpg",640,360,true],"1536x1536":["https:\/\/patagoniarebeldeweb.com.ar\/wp-content\/uploads\/2026\/01\/JOSE-LUIS-CABEZAS-1.jpg",1280,720,false],"2048x2048":["https:\/\/patagoniarebeldeweb.com.ar\/wp-content\/uploads\/2026\/01\/JOSE-LUIS-CABEZAS-1.jpg",1280,720,false],"enternews-slider-full":["https:\/\/patagoniarebeldeweb.com.ar\/wp-content\/uploads\/2026\/01\/JOSE-LUIS-CABEZAS-1.jpg",1280,720,false],"enternews-featured":["https:\/\/patagoniarebeldeweb.com.ar\/wp-content\/uploads\/2026\/01\/JOSE-LUIS-CABEZAS-1-1024x576.jpg",1024,576,true],"enternews-medium":["https:\/\/patagoniarebeldeweb.com.ar\/wp-content\/uploads\/2026\/01\/JOSE-LUIS-CABEZAS-1-720x475.jpg",720,475,true]},"author_info":{"display_name":"admin","author_link":"https:\/\/patagoniarebeldeweb.com.ar\/?author=1"},"category_info":"<a href=\"https:\/\/patagoniarebeldeweb.com.ar\/?cat=36\" rel=\"category\">RECIENTES<\/a>","tag_info":"RECIENTES","comment_count":"0","_links":{"self":[{"href":"https:\/\/patagoniarebeldeweb.com.ar\/index.php?rest_route=\/wp\/v2\/posts\/2093","targetHints":{"allow":["GET"]}}],"collection":[{"href":"https:\/\/patagoniarebeldeweb.com.ar\/index.php?rest_route=\/wp\/v2\/posts"}],"about":[{"href":"https:\/\/patagoniarebeldeweb.com.ar\/index.php?rest_route=\/wp\/v2\/types\/post"}],"author":[{"embeddable":true,"href":"https:\/\/patagoniarebeldeweb.com.ar\/index.php?rest_route=\/wp\/v2\/users\/1"}],"replies":[{"embeddable":true,"href":"https:\/\/patagoniarebeldeweb.com.ar\/index.php?rest_route=%2Fwp%2Fv2%2Fcomments&post=2093"}],"version-history":[{"count":1,"href":"https:\/\/patagoniarebeldeweb.com.ar\/index.php?rest_route=\/wp\/v2\/posts\/2093\/revisions"}],"predecessor-version":[{"id":2095,"href":"https:\/\/patagoniarebeldeweb.com.ar\/index.php?rest_route=\/wp\/v2\/posts\/2093\/revisions\/2095"}],"wp:featuredmedia":[{"embeddable":true,"href":"https:\/\/patagoniarebeldeweb.com.ar\/index.php?rest_route=\/wp\/v2\/media\/2094"}],"wp:attachment":[{"href":"https:\/\/patagoniarebeldeweb.com.ar\/index.php?rest_route=%2Fwp%2Fv2%2Fmedia&parent=2093"}],"wp:term":[{"taxonomy":"category","embeddable":true,"href":"https:\/\/patagoniarebeldeweb.com.ar\/index.php?rest_route=%2Fwp%2Fv2%2Fcategories&post=2093"},{"taxonomy":"post_tag","embeddable":true,"href":"https:\/\/patagoniarebeldeweb.com.ar\/index.php?rest_route=%2Fwp%2Fv2%2Ftags&post=2093"}],"curies":[{"name":"wp","href":"https:\/\/api.w.org\/{rel}","templated":true}]}}