{"id":1992,"date":"2026-01-02T22:51:31","date_gmt":"2026-01-03T01:51:31","guid":{"rendered":"https:\/\/patagoniarebeldeweb.com.ar\/?p=1992"},"modified":"2026-01-02T22:51:35","modified_gmt":"2026-01-03T01:51:35","slug":"elisa-carrio-denuncio-un-operativo-judicial-mafioso-contra-el-principal-denunciante-de-la-corrupcion-en-la-afa","status":"publish","type":"post","link":"https:\/\/patagoniarebeldeweb.com.ar\/?p=1992","title":{"rendered":"Elisa Carri\u00f3 denunci\u00f3 un \u201coperativo judicial mafioso\u201d contra el principal denunciante de la corrupci\u00f3n en la AFA"},"content":{"rendered":"\n<h4 class=\"wp-block-heading\">La l\u00edder de la Coalici\u00f3n C\u00edvica se hizo presente en la casa del dirigente de su partido Mat\u00edas Yofe en Pilar donde la polic\u00eda bonaerense realiza un allanamiento. Afirm\u00f3 que hasta ahora no le mostraron la orden de allanamiento y amenazaron a su esposa con quitarle su beba, entre otras irregularidades.<\/h4>\n\n\n\n<p>La l\u00edder de la Coalici\u00f3n C\u00edvica Elisa Carri\u00f3 denunci\u00f3 este viernes la puesta en marcha de&nbsp;<strong>\u201cun operativo judicial-policial mafioso\u201d<\/strong>&nbsp;contra la casa de su dirigente Mat\u00edas Yofe, el principal denunciante de la mansi\u00f3n de Pilar atribuida al Tesorero de la AFA, Pablo Toviggino.<\/p>\n\n\n\n<p>Lo hizo al hacerse presente en un operativo en la casa de Yofe en Pilar ordenado por el fiscal&nbsp;<strong>German Camafreitas<\/strong>&nbsp;por una falsa denuncia de extorsi\u00f3n contra Yofe.<\/p>\n\n\n\n<p>Por su parte,\u00a0este medio\u00a0habl\u00f3 con Yofe, quien se encuentra en Mar del Plata con dos de sus hijos, y denunci\u00f3 una<strong>\u00a0&#8220;persecuci\u00f3n pol\u00edtica aberrante apoyada por un sector de la Justicia&#8221;.<\/strong><\/p>\n\n\n\n<p>Yofe cont\u00f3 que efectivos de la Polic\u00eda Bonaerense llegaron este mediod\u00eda a su casa y le pidieron a su esposa poder entrar para hacer una requisa. La mujer pidi\u00f3 que esperen a que llegaron los abogados. Entonces,&nbsp;<strong>&#8220;a los gritos, la amenazaron con esposarla y sacarla a nuestra beba de 4 meses&#8221;.<\/strong><\/p>\n\n\n\n<p>En un comunicado, Carri\u00f3, abogada, con patrocinio letrado de la Dra Albana Zoppolo, ambas abogadas defensoras del Mat\u00edas Yofe y su esposa, denunciante contra el ex ministro de transporte Jorge D\u00b4Onofrio tanto en el juzgado federal de Campa\u00f1a, ante la fiscal\u00eda del Fiscal Alberto Garganta de la Plata. El temor de Carri\u00f3 es, adem\u00e1s, que de los celulares y la computadora secuestrados&nbsp;<strong>se extraigan datos de las denuncias que hizo Yofe sobre la AFA y luego se filtren.<\/strong><\/p>\n\n\n\n<p>Por el cual Matias Yofe \u201ctiene custodia por amenaza de muerte en su contra y la muerte dudosa del perro&#8221; al que tiraron destripado frente a su casa. Adem\u00e1s, hay un prefecto que custodia el barrio por esa situaci\u00f3n de intimidaci\u00f3n en la que vive hace unos meses. La custodia se la puso el juez Marcelo Aguinsky.<\/p>\n\n\n\n<p>Sin embargo, \u201c la polic\u00eda de la provincia y prefectura naval argentina est\u00e1 actualmente allanando la casa de Yofe con violencia institucional\u201d y en forma ilegal porque no se present\u00f3 \u201cel jefe del operativo policial y est\u00e1n reteniendo indebidamente a su esposa y a su hija de 4 meses, desde hace m\u00e1s de 1 hora\u201d.<\/p>\n\n\n\n<p>Carri\u00f3, presente en el lugar dijo <strong>,<\/strong>\u00a0que los polic\u00edas no mostraron \u201c\u00f3rdenes de allanamiento en un claro acto de violencia institucional y de g\u00e9nero que no tiene precedentes\u201d.<\/p>\n\n\n\n<p>La denuncia por el allanamiento \u201ctendr\u00eda que ver con el sr D\u00b4Onofrio,ser cosa risible que el sr fiscal a todas luces deber\u00eda entender porque est\u00e1 procesado en todas las causas, que tienen que ver con los bolsos de dinero que estar\u00eda involucrado Massa y todo est\u00e1 denunciado ante el fiscal Garganta\u201d.<\/p>\n\n\n\n<p>\u201cPor lo que vengo a denunciar una falsa denuncia y violencia a la familia de Yofe, que al momento el sr fiscal no me contesta, que el encargado del allanamiento no se hace presente, y hay 2 personas privadas de la libertad lo que viola tratados internacionales de Derechos Humanos, tratado contra toda violaci\u00f3n de derechos de la mujer, tratados de derecho del ni\u00f1os, con prevenci\u00f3n en la la Constituci\u00f3n Nacional en el art 75 inc 22 de la Constituci\u00f3n&#8221;, agreg\u00f3 Carri\u00f3.<\/p>\n\n\n\n<p>\u201cPor lo que exijo se permita la salida de la esposa de Yofe y su bebe y se haga presente la figura del sr fiscal y del jefe del operativo. Con copia al fiscal gral del juzgado de campa\u00f1a\u201d, finaliz\u00f3 Carri\u00f3.<\/p>\n\n\n\n<p>La causa se abri\u00f3 por una denuncia de un chofer de D&#8217;nofrio que afirm\u00f3 haber sido &#8220;amenazado&#8221; meses atr\u00e1s por Yofe y otra personal para que declare como testigo en la causa por negocios con las fotos multas. El fiscal del caso tras el allanamiento secuestr\u00f3 dos celulares y una computadora y tratar\u00eda de solo extraer datos de los d\u00edas en que se concretaron las supuestas amenazas y no el resto del contenido de los dispositivos, se\u00f1alaron a<strong>\u00a0<\/strong>la prensa\u00a0fuentes judiciales.<\/p>\n\n\n\n<p>En noviembre pasado, el juez federal de Campana, Adri\u00e1n Gonz\u00e1lez Charvay, proces\u00f3 a D&#8217;Onofrio, ex ministro de Transporte bonaerense, por presunto lavado de activos de origen il\u00edcito. Adem\u00e1s, el magistrado orden\u00f3 un embargo por $350 millones, en base&nbsp;<strong>a una denuncia impulsada por Yofe y Carrio<\/strong>.<\/p>\n\n\n\n<p>La medida incluy\u00f3 a Facundo Asensio, ex director de Fiscalizaci\u00f3n y Control de la Direcci\u00f3n Provincial de Verificaci\u00f3n T\u00e9cnica Vehicular, con un embargo de $300 millones. Ambos continuar\u00e1n en libertad y mantienen la inhibici\u00f3n general de bienes dispuesta en marzo de 2025.<\/p>\n\n\n\n<p>La denominada &#8220;megacausa&#8221; derivada de maniobras en el cobro de fotomultas que tiene como principal apuntado al dirigente massista ex ministro de Axel Kicillof mantiene dos expedientes paralelos que investigan delitos diferentes en tribunales distintos. Una, en el fuero federal por lavado de activos y otra por asociacion il\u00edcita y otros delitos en los Tribunales penales de La Plata.<\/p>\n\n\n\n<p>La investigaci\u00f3n se inici\u00f3 el 5 de septiembre de 2024, luego de una denuncia que se\u00f1alaba a D&#8217;Onofrio y a la concejal de Pilar,<strong>&nbsp;Claudia Pombo, de liderar una estructura criminal destinada a sustraer fondos de las multas de tr\u00e1nsito y la VTV en la provincia de Buenos Aires<\/strong>. Los fondos se habr\u00edan invertido en bienes muebles e inmuebles mediante prestanombres o interpuestas personas.<\/p>\n\n\n\n<p>Editor: EM<\/p>\n\n\n\n<p>AGP<\/p>\n","protected":false},"excerpt":{"rendered":"<p>La l\u00edder de la Coalici\u00f3n C\u00edvica se hizo presente en la casa del dirigente de&#8230;<\/p>\n","protected":false},"author":1,"featured_media":1993,"comment_status":"open","ping_status":"open","sticky":false,"template":"","format":"standard","meta":{"footnotes":""},"categories":[34],"tags":[],"class_list":["post-1992","post","type-post","status-publish","format-standard","has-post-thumbnail","hentry","category-politica"],"yoast_head":"<!-- This site is optimized with the Yoast SEO plugin v27.2 - https:\/\/yoast.com\/product\/yoast-seo-wordpress\/ -->\n<title>Elisa Carri\u00f3 denunci\u00f3 un \u201coperativo judicial mafioso\u201d contra el principal denunciante de la corrupci\u00f3n en la AFA | Patagonia Rebelde<\/title>\n<meta name=\"robots\" content=\"index, follow, max-snippet:-1, max-image-preview:large, max-video-preview:-1\" \/>\n<link rel=\"canonical\" href=\"https:\/\/patagoniarebeldeweb.com.ar\/?p=1992\" \/>\n<meta property=\"og:locale\" content=\"es_ES\" \/>\n<meta property=\"og:type\" content=\"article\" \/>\n<meta property=\"og:title\" content=\"Elisa Carri\u00f3 denunci\u00f3 un \u201coperativo judicial mafioso\u201d contra el principal denunciante de la corrupci\u00f3n en la AFA | Patagonia Rebelde\" \/>\n<meta property=\"og:description\" content=\"La l\u00edder de la Coalici\u00f3n C\u00edvica se hizo presente en la casa del dirigente de...\" \/>\n<meta property=\"og:url\" content=\"https:\/\/patagoniarebeldeweb.com.ar\/?p=1992\" \/>\n<meta property=\"og:site_name\" content=\"Patagonia Rebelde\" \/>\n<meta property=\"article:publisher\" content=\"https:\/\/www.facebook.com\/patagoniarebeldeweb\/\" \/>\n<meta property=\"article:published_time\" content=\"2026-01-03T01:51:31+00:00\" \/>\n<meta property=\"article:modified_time\" content=\"2026-01-03T01:51:35+00:00\" \/>\n<meta property=\"og:image\" content=\"https:\/\/patagoniarebeldeweb.com.ar\/wp-content\/uploads\/2026\/01\/CARRIO-AFA.jpg\" \/>\n\t<meta property=\"og:image:width\" content=\"1256\" \/>\n\t<meta property=\"og:image:height\" content=\"620\" \/>\n\t<meta property=\"og:image:type\" content=\"image\/jpeg\" \/>\n<meta name=\"author\" content=\"admin\" \/>\n<meta name=\"twitter:card\" content=\"summary_large_image\" \/>\n<meta name=\"twitter:label1\" content=\"Escrito por\" \/>\n\t<meta name=\"twitter:data1\" content=\"admin\" \/>\n\t<meta name=\"twitter:label2\" content=\"Tiempo de lectura\" \/>\n\t<meta name=\"twitter:data2\" content=\"5 minutos\" \/>\n<script type=\"application\/ld+json\" class=\"yoast-schema-graph\">{\"@context\":\"https:\/\/schema.org\",\"@graph\":[{\"@type\":\"Article\",\"@id\":\"https:\/\/patagoniarebeldeweb.com.ar\/?p=1992#article\",\"isPartOf\":{\"@id\":\"https:\/\/patagoniarebeldeweb.com.ar\/?p=1992\"},\"author\":{\"name\":\"admin\",\"@id\":\"https:\/\/patagoniarebeldeweb.com.ar\/#\/schema\/person\/e293fd079db65aaa1c67b010d4a45452\"},\"headline\":\"Elisa Carri\u00f3 denunci\u00f3 un \u201coperativo judicial mafioso\u201d contra el principal denunciante de la corrupci\u00f3n en la AFA\",\"datePublished\":\"2026-01-03T01:51:31+00:00\",\"dateModified\":\"2026-01-03T01:51:35+00:00\",\"mainEntityOfPage\":{\"@id\":\"https:\/\/patagoniarebeldeweb.com.ar\/?p=1992\"},\"wordCount\":972,\"commentCount\":0,\"publisher\":{\"@id\":\"https:\/\/patagoniarebeldeweb.com.ar\/#organization\"},\"image\":{\"@id\":\"https:\/\/patagoniarebeldeweb.com.ar\/?p=1992#primaryimage\"},\"thumbnailUrl\":\"https:\/\/patagoniarebeldeweb.com.ar\/wp-content\/uploads\/2026\/01\/CARRIO-AFA.jpg\",\"articleSection\":[\"POLITICA\"],\"inLanguage\":\"es-AR\",\"potentialAction\":[{\"@type\":\"CommentAction\",\"name\":\"Comment\",\"target\":[\"https:\/\/patagoniarebeldeweb.com.ar\/?p=1992#respond\"]}]},{\"@type\":\"WebPage\",\"@id\":\"https:\/\/patagoniarebeldeweb.com.ar\/?p=1992\",\"url\":\"https:\/\/patagoniarebeldeweb.com.ar\/?p=1992\",\"name\":\"Elisa Carri\u00f3 denunci\u00f3 un \u201coperativo judicial mafioso\u201d contra el principal denunciante de la corrupci\u00f3n en la AFA | Patagonia Rebelde\",\"isPartOf\":{\"@id\":\"https:\/\/patagoniarebeldeweb.com.ar\/#website\"},\"primaryImageOfPage\":{\"@id\":\"https:\/\/patagoniarebeldeweb.com.ar\/?p=1992#primaryimage\"},\"image\":{\"@id\":\"https:\/\/patagoniarebeldeweb.com.ar\/?p=1992#primaryimage\"},\"thumbnailUrl\":\"https:\/\/patagoniarebeldeweb.com.ar\/wp-content\/uploads\/2026\/01\/CARRIO-AFA.jpg\",\"datePublished\":\"2026-01-03T01:51:31+00:00\",\"dateModified\":\"2026-01-03T01:51:35+00:00\",\"breadcrumb\":{\"@id\":\"https:\/\/patagoniarebeldeweb.com.ar\/?p=1992#breadcrumb\"},\"inLanguage\":\"es-AR\",\"potentialAction\":[{\"@type\":\"ReadAction\",\"target\":[\"https:\/\/patagoniarebeldeweb.com.ar\/?p=1992\"]}]},{\"@type\":\"ImageObject\",\"inLanguage\":\"es-AR\",\"@id\":\"https:\/\/patagoniarebeldeweb.com.ar\/?p=1992#primaryimage\",\"url\":\"https:\/\/patagoniarebeldeweb.com.ar\/wp-content\/uploads\/2026\/01\/CARRIO-AFA.jpg\",\"contentUrl\":\"https:\/\/patagoniarebeldeweb.com.ar\/wp-content\/uploads\/2026\/01\/CARRIO-AFA.jpg\",\"width\":1256,\"height\":620},{\"@type\":\"BreadcrumbList\",\"@id\":\"https:\/\/patagoniarebeldeweb.com.ar\/?p=1992#breadcrumb\",\"itemListElement\":[{\"@type\":\"ListItem\",\"position\":1,\"name\":\"Portada\",\"item\":\"https:\/\/patagoniarebeldeweb.com.ar\/\"},{\"@type\":\"ListItem\",\"position\":2,\"name\":\"Elisa Carri\u00f3 denunci\u00f3 un \u201coperativo judicial mafioso\u201d contra el principal denunciante de la corrupci\u00f3n en la AFA\"}]},{\"@type\":\"WebSite\",\"@id\":\"https:\/\/patagoniarebeldeweb.com.ar\/#website\",\"url\":\"https:\/\/patagoniarebeldeweb.com.ar\/\",\"name\":\"Patagonia Rebelde\",\"description\":\"Toda la info de General Rodr\u00edguez\",\"publisher\":{\"@id\":\"https:\/\/patagoniarebeldeweb.com.ar\/#organization\"},\"alternateName\":\"Patagonia Rebelde web\",\"potentialAction\":[{\"@type\":\"SearchAction\",\"target\":{\"@type\":\"EntryPoint\",\"urlTemplate\":\"https:\/\/patagoniarebeldeweb.com.ar\/?s={search_term_string}\"},\"query-input\":{\"@type\":\"PropertyValueSpecification\",\"valueRequired\":true,\"valueName\":\"search_term_string\"}}],\"inLanguage\":\"es-AR\"},{\"@type\":\"Organization\",\"@id\":\"https:\/\/patagoniarebeldeweb.com.ar\/#organization\",\"name\":\"Patagonia Rebelde\",\"alternateName\":\"Patagonia Rebelde web\",\"url\":\"https:\/\/patagoniarebeldeweb.com.ar\/\",\"logo\":{\"@type\":\"ImageObject\",\"inLanguage\":\"es-AR\",\"@id\":\"https:\/\/patagoniarebeldeweb.com.ar\/#\/schema\/logo\/image\/\",\"url\":\"https:\/\/patagoniarebeldeweb.com.ar\/wp-content\/uploads\/2024\/11\/logo-si.png\",\"contentUrl\":\"https:\/\/patagoniarebeldeweb.com.ar\/wp-content\/uploads\/2024\/11\/logo-si.png\",\"width\":460,\"height\":139,\"caption\":\"Patagonia Rebelde\"},\"image\":{\"@id\":\"https:\/\/patagoniarebeldeweb.com.ar\/#\/schema\/logo\/image\/\"},\"sameAs\":[\"https:\/\/www.facebook.com\/patagoniarebeldeweb\/\",\"https:\/\/www.youtube.com\/@edgardomiller\"]},{\"@type\":\"Person\",\"@id\":\"https:\/\/patagoniarebeldeweb.com.ar\/#\/schema\/person\/e293fd079db65aaa1c67b010d4a45452\",\"name\":\"admin\",\"image\":{\"@type\":\"ImageObject\",\"inLanguage\":\"es-AR\",\"@id\":\"https:\/\/secure.gravatar.com\/avatar\/aee4690e6ac4e427fd6efdc77149c35418ee5cc06426f4da7bc3ec412f507eb1?s=96&d=mm&r=g\",\"url\":\"https:\/\/secure.gravatar.com\/avatar\/aee4690e6ac4e427fd6efdc77149c35418ee5cc06426f4da7bc3ec412f507eb1?s=96&d=mm&r=g\",\"contentUrl\":\"https:\/\/secure.gravatar.com\/avatar\/aee4690e6ac4e427fd6efdc77149c35418ee5cc06426f4da7bc3ec412f507eb1?s=96&d=mm&r=g\",\"caption\":\"admin\"},\"sameAs\":[\"https:\/\/patagoniarebeldeweb.com.ar\"],\"url\":\"https:\/\/patagoniarebeldeweb.com.ar\/?author=1\"}]}<\/script>\n<!-- \/ Yoast SEO plugin. -->","yoast_head_json":{"title":"Elisa Carri\u00f3 denunci\u00f3 un \u201coperativo judicial mafioso\u201d contra el principal denunciante de la corrupci\u00f3n en la AFA | Patagonia Rebelde","robots":{"index":"index","follow":"follow","max-snippet":"max-snippet:-1","max-image-preview":"max-image-preview:large","max-video-preview":"max-video-preview:-1"},"canonical":"https:\/\/patagoniarebeldeweb.com.ar\/?p=1992","og_locale":"es_ES","og_type":"article","og_title":"Elisa Carri\u00f3 denunci\u00f3 un \u201coperativo judicial mafioso\u201d contra el principal denunciante de la corrupci\u00f3n en la AFA | Patagonia Rebelde","og_description":"La l\u00edder de la Coalici\u00f3n C\u00edvica se hizo presente en la casa del dirigente de...","og_url":"https:\/\/patagoniarebeldeweb.com.ar\/?p=1992","og_site_name":"Patagonia Rebelde","article_publisher":"https:\/\/www.facebook.com\/patagoniarebeldeweb\/","article_published_time":"2026-01-03T01:51:31+00:00","article_modified_time":"2026-01-03T01:51:35+00:00","og_image":[{"width":1256,"height":620,"url":"https:\/\/patagoniarebeldeweb.com.ar\/wp-content\/uploads\/2026\/01\/CARRIO-AFA.jpg","type":"image\/jpeg"}],"author":"admin","twitter_card":"summary_large_image","twitter_misc":{"Escrito por":"admin","Tiempo de lectura":"5 minutos"},"schema":{"@context":"https:\/\/schema.org","@graph":[{"@type":"Article","@id":"https:\/\/patagoniarebeldeweb.com.ar\/?p=1992#article","isPartOf":{"@id":"https:\/\/patagoniarebeldeweb.com.ar\/?p=1992"},"author":{"name":"admin","@id":"https:\/\/patagoniarebeldeweb.com.ar\/#\/schema\/person\/e293fd079db65aaa1c67b010d4a45452"},"headline":"Elisa Carri\u00f3 denunci\u00f3 un \u201coperativo judicial mafioso\u201d contra el principal denunciante de la corrupci\u00f3n en la AFA","datePublished":"2026-01-03T01:51:31+00:00","dateModified":"2026-01-03T01:51:35+00:00","mainEntityOfPage":{"@id":"https:\/\/patagoniarebeldeweb.com.ar\/?p=1992"},"wordCount":972,"commentCount":0,"publisher":{"@id":"https:\/\/patagoniarebeldeweb.com.ar\/#organization"},"image":{"@id":"https:\/\/patagoniarebeldeweb.com.ar\/?p=1992#primaryimage"},"thumbnailUrl":"https:\/\/patagoniarebeldeweb.com.ar\/wp-content\/uploads\/2026\/01\/CARRIO-AFA.jpg","articleSection":["POLITICA"],"inLanguage":"es-AR","potentialAction":[{"@type":"CommentAction","name":"Comment","target":["https:\/\/patagoniarebeldeweb.com.ar\/?p=1992#respond"]}]},{"@type":"WebPage","@id":"https:\/\/patagoniarebeldeweb.com.ar\/?p=1992","url":"https:\/\/patagoniarebeldeweb.com.ar\/?p=1992","name":"Elisa Carri\u00f3 denunci\u00f3 un \u201coperativo judicial mafioso\u201d contra el principal denunciante de la corrupci\u00f3n en la AFA | Patagonia Rebelde","isPartOf":{"@id":"https:\/\/patagoniarebeldeweb.com.ar\/#website"},"primaryImageOfPage":{"@id":"https:\/\/patagoniarebeldeweb.com.ar\/?p=1992#primaryimage"},"image":{"@id":"https:\/\/patagoniarebeldeweb.com.ar\/?p=1992#primaryimage"},"thumbnailUrl":"https:\/\/patagoniarebeldeweb.com.ar\/wp-content\/uploads\/2026\/01\/CARRIO-AFA.jpg","datePublished":"2026-01-03T01:51:31+00:00","dateModified":"2026-01-03T01:51:35+00:00","breadcrumb":{"@id":"https:\/\/patagoniarebeldeweb.com.ar\/?p=1992#breadcrumb"},"inLanguage":"es-AR","potentialAction":[{"@type":"ReadAction","target":["https:\/\/patagoniarebeldeweb.com.ar\/?p=1992"]}]},{"@type":"ImageObject","inLanguage":"es-AR","@id":"https:\/\/patagoniarebeldeweb.com.ar\/?p=1992#primaryimage","url":"https:\/\/patagoniarebeldeweb.com.ar\/wp-content\/uploads\/2026\/01\/CARRIO-AFA.jpg","contentUrl":"https:\/\/patagoniarebeldeweb.com.ar\/wp-content\/uploads\/2026\/01\/CARRIO-AFA.jpg","width":1256,"height":620},{"@type":"BreadcrumbList","@id":"https:\/\/patagoniarebeldeweb.com.ar\/?p=1992#breadcrumb","itemListElement":[{"@type":"ListItem","position":1,"name":"Portada","item":"https:\/\/patagoniarebeldeweb.com.ar\/"},{"@type":"ListItem","position":2,"name":"Elisa Carri\u00f3 denunci\u00f3 un \u201coperativo judicial mafioso\u201d contra el principal denunciante de la corrupci\u00f3n en la AFA"}]},{"@type":"WebSite","@id":"https:\/\/patagoniarebeldeweb.com.ar\/#website","url":"https:\/\/patagoniarebeldeweb.com.ar\/","name":"Patagonia Rebelde","description":"Toda la info de General Rodr\u00edguez","publisher":{"@id":"https:\/\/patagoniarebeldeweb.com.ar\/#organization"},"alternateName":"Patagonia Rebelde web","potentialAction":[{"@type":"SearchAction","target":{"@type":"EntryPoint","urlTemplate":"https:\/\/patagoniarebeldeweb.com.ar\/?s={search_term_string}"},"query-input":{"@type":"PropertyValueSpecification","valueRequired":true,"valueName":"search_term_string"}}],"inLanguage":"es-AR"},{"@type":"Organization","@id":"https:\/\/patagoniarebeldeweb.com.ar\/#organization","name":"Patagonia Rebelde","alternateName":"Patagonia Rebelde web","url":"https:\/\/patagoniarebeldeweb.com.ar\/","logo":{"@type":"ImageObject","inLanguage":"es-AR","@id":"https:\/\/patagoniarebeldeweb.com.ar\/#\/schema\/logo\/image\/","url":"https:\/\/patagoniarebeldeweb.com.ar\/wp-content\/uploads\/2024\/11\/logo-si.png","contentUrl":"https:\/\/patagoniarebeldeweb.com.ar\/wp-content\/uploads\/2024\/11\/logo-si.png","width":460,"height":139,"caption":"Patagonia Rebelde"},"image":{"@id":"https:\/\/patagoniarebeldeweb.com.ar\/#\/schema\/logo\/image\/"},"sameAs":["https:\/\/www.facebook.com\/patagoniarebeldeweb\/","https:\/\/www.youtube.com\/@edgardomiller"]},{"@type":"Person","@id":"https:\/\/patagoniarebeldeweb.com.ar\/#\/schema\/person\/e293fd079db65aaa1c67b010d4a45452","name":"admin","image":{"@type":"ImageObject","inLanguage":"es-AR","@id":"https:\/\/secure.gravatar.com\/avatar\/aee4690e6ac4e427fd6efdc77149c35418ee5cc06426f4da7bc3ec412f507eb1?s=96&d=mm&r=g","url":"https:\/\/secure.gravatar.com\/avatar\/aee4690e6ac4e427fd6efdc77149c35418ee5cc06426f4da7bc3ec412f507eb1?s=96&d=mm&r=g","contentUrl":"https:\/\/secure.gravatar.com\/avatar\/aee4690e6ac4e427fd6efdc77149c35418ee5cc06426f4da7bc3ec412f507eb1?s=96&d=mm&r=g","caption":"admin"},"sameAs":["https:\/\/patagoniarebeldeweb.com.ar"],"url":"https:\/\/patagoniarebeldeweb.com.ar\/?author=1"}]}},"featured_image_urls":{"full":["https:\/\/patagoniarebeldeweb.com.ar\/wp-content\/uploads\/2026\/01\/CARRIO-AFA.jpg",1256,620,false],"thumbnail":["https:\/\/patagoniarebeldeweb.com.ar\/wp-content\/uploads\/2026\/01\/CARRIO-AFA-150x150.jpg",150,150,true],"medium":["https:\/\/patagoniarebeldeweb.com.ar\/wp-content\/uploads\/2026\/01\/CARRIO-AFA-300x148.jpg",300,148,true],"medium_large":["https:\/\/patagoniarebeldeweb.com.ar\/wp-content\/uploads\/2026\/01\/CARRIO-AFA-768x379.jpg",640,316,true],"large":["https:\/\/patagoniarebeldeweb.com.ar\/wp-content\/uploads\/2026\/01\/CARRIO-AFA-1024x505.jpg",640,316,true],"1536x1536":["https:\/\/patagoniarebeldeweb.com.ar\/wp-content\/uploads\/2026\/01\/CARRIO-AFA.jpg",1256,620,false],"2048x2048":["https:\/\/patagoniarebeldeweb.com.ar\/wp-content\/uploads\/2026\/01\/CARRIO-AFA.jpg",1256,620,false],"enternews-slider-full":["https:\/\/patagoniarebeldeweb.com.ar\/wp-content\/uploads\/2026\/01\/CARRIO-AFA.jpg",1256,620,false],"enternews-featured":["https:\/\/patagoniarebeldeweb.com.ar\/wp-content\/uploads\/2026\/01\/CARRIO-AFA-1024x505.jpg",1024,505,true],"enternews-medium":["https:\/\/patagoniarebeldeweb.com.ar\/wp-content\/uploads\/2026\/01\/CARRIO-AFA-720x475.jpg",720,475,true]},"author_info":{"display_name":"admin","author_link":"https:\/\/patagoniarebeldeweb.com.ar\/?author=1"},"category_info":"<a href=\"https:\/\/patagoniarebeldeweb.com.ar\/?cat=34\" rel=\"category\">POLITICA<\/a>","tag_info":"POLITICA","comment_count":"0","_links":{"self":[{"href":"https:\/\/patagoniarebeldeweb.com.ar\/index.php?rest_route=\/wp\/v2\/posts\/1992","targetHints":{"allow":["GET"]}}],"collection":[{"href":"https:\/\/patagoniarebeldeweb.com.ar\/index.php?rest_route=\/wp\/v2\/posts"}],"about":[{"href":"https:\/\/patagoniarebeldeweb.com.ar\/index.php?rest_route=\/wp\/v2\/types\/post"}],"author":[{"embeddable":true,"href":"https:\/\/patagoniarebeldeweb.com.ar\/index.php?rest_route=\/wp\/v2\/users\/1"}],"replies":[{"embeddable":true,"href":"https:\/\/patagoniarebeldeweb.com.ar\/index.php?rest_route=%2Fwp%2Fv2%2Fcomments&post=1992"}],"version-history":[{"count":1,"href":"https:\/\/patagoniarebeldeweb.com.ar\/index.php?rest_route=\/wp\/v2\/posts\/1992\/revisions"}],"predecessor-version":[{"id":1994,"href":"https:\/\/patagoniarebeldeweb.com.ar\/index.php?rest_route=\/wp\/v2\/posts\/1992\/revisions\/1994"}],"wp:featuredmedia":[{"embeddable":true,"href":"https:\/\/patagoniarebeldeweb.com.ar\/index.php?rest_route=\/wp\/v2\/media\/1993"}],"wp:attachment":[{"href":"https:\/\/patagoniarebeldeweb.com.ar\/index.php?rest_route=%2Fwp%2Fv2%2Fmedia&parent=1992"}],"wp:term":[{"taxonomy":"category","embeddable":true,"href":"https:\/\/patagoniarebeldeweb.com.ar\/index.php?rest_route=%2Fwp%2Fv2%2Fcategories&post=1992"},{"taxonomy":"post_tag","embeddable":true,"href":"https:\/\/patagoniarebeldeweb.com.ar\/index.php?rest_route=%2Fwp%2Fv2%2Ftags&post=1992"}],"curies":[{"name":"wp","href":"https:\/\/api.w.org\/{rel}","templated":true}]}}