{"id":1863,"date":"2025-09-21T19:47:41","date_gmt":"2025-09-21T22:47:41","guid":{"rendered":"https:\/\/patagoniarebeldeweb.com.ar\/?p=1863"},"modified":"2025-09-21T19:47:43","modified_gmt":"2025-09-21T22:47:43","slug":"se-presento-un-nuevo-libro-sobre-federico-moura","status":"publish","type":"post","link":"https:\/\/patagoniarebeldeweb.com.ar\/?p=1863","title":{"rendered":"Se present\u00f3 un nuevo libro sobre Federico Moura"},"content":{"rendered":"\n<h4 class=\"wp-block-heading\">Gustavo Bove acaba de presentar su libro &#8220;Perfecto, Hermoso, Veloz, Luminoso&#8221; sobre la vida del l\u00edder del Grupo Virus, Federico Mouras.<\/h4>\n\n\n\n<p><strong>Gustavo Bove<\/strong>&nbsp;naci\u00f3 el 22 de enero de 1970 en Capital Federal (Buenos Aires, Argentina). Desde sus precoces 16 a\u00f1os, colaborando en la emisi\u00f3n radial Submarino Amarillo (Radio Continental), fue amasando una trayectoria que lo convirti\u00f3 en uno de los referentes en el periodismo musical. A lo largo de su carrera, supo dejar su impronta en los m\u00e1s importantes medios relacionados con la radio (Del Plata, Convivencia, Energy, Mega, etc.), la televisi\u00f3n (Canal A e Ideas) y la gr\u00e1fica (P\u00e1gina\/12, Clar\u00edn, La Mano, GO, etc.). Tambi\u00e9n realiz\u00f3 corresponsal\u00edas para diarios y revistas de Estados Unidos La Opini\u00f3n de Los \u00c1ngeles) y M\u00e9xico (Lengua Larga).<\/p>\n\n\n\n<p>En el campo literario, durante 2011 public\u00f3&nbsp;<strong><em>God Save The King<\/em><\/strong>, su primer libro, basado en una extensa entrevista que le realiz\u00f3 al mecenas del punk, Malcolm McLaren. En noviembre de 2014 sali\u00f3 en toda la regi\u00f3n&nbsp;<strong><em>Cerati. Conversaciones \u00edntimas<\/em><\/strong>, un texto que se convirti\u00f3 en best seller en cuatro pa\u00edses (Argentina, Chile, Per\u00fa y M\u00e9xico) y fue declarado &#8220;Libro de Inter\u00e9s Cultural&#8221; por la Legislatura de la Ciudad de Buenos Aires en octubre de 2017. Al cumplirse el quinto aniversario de la obra, se relanz\u00f3 en una edici\u00f3n definitiva con dos cap\u00edtulos nuevos. La pandemia lo encontr\u00f3 trabajando en la biograf\u00eda oficial de Miguel Mateos, un libro que tuvo su g\u00e9nesis en 1995 y lleg\u00f3 a las librer\u00edas en 2023. Un a\u00f1o m\u00e1s tarde se puso a elaborar esta, la biograf\u00eda definitiva de Federico Moura.<\/p>\n\n\n\n<p>El libro<\/p>\n\n\n\n<p>Ahora que muchos chicos y chicas lo descubren y adoptan con fervor y genuina emoci\u00f3n, la figura de<strong>&nbsp;Federico Moura<\/strong>&nbsp;cobra la dimensi\u00f3n que no pudo en la represiva \u00e9poca en la que le toc\u00f3 vivir y desplegar su m\u00fasica, su esp\u00edritu y ese carisma capaz de trascender fronteras y tendencias. Observando la contundente vitalidad de sus canciones, hoy resulta incomprensible que Virus, una de las bandas m\u00e1s influyentes del rock latino, no llegara a tocar frente al multitudinario p\u00fablico de un estadio de f\u00fatbol, pero no caben dudas de que<strong>&nbsp;Moura<\/strong>&nbsp;estuvo a la vanguardia de su arte en la Argentina, de que fue nuestro Bowie, abriendo nuevos mundos para infinidad de m\u00fasicos hispanoparlantes.<\/p>\n\n\n\n<p>Esta es su historia definitiva: la vida familiar, la desaparici\u00f3n de su hermano durante la dictadura, la influencia de la movida brit\u00e1nica de los 70, la banda Dulcemembriyo, la cultura platense, el paso como productor del primer Soda Stereo, la relaci\u00f3n \u00edntima con Gustavo Cerati, el inter\u00e9s en la moda y su asociaci\u00f3n con personajes m\u00edticos del Di Tella, el origen y sentido de sus hits, la fama, las aventuras brasile\u00f1as. Al igual que lo hiciera con el mismo Cerati y Miguel Mateos, Gustavo Bove afil\u00f3 su pluma para un relato fascinante que se enhebra a trav\u00e9s de conversaciones con decenas de artistas que conocieron y admiraron a<strong>&nbsp;Moura<\/strong>, adem\u00e1s de iluminar con sensibilidad el recuerdo de lo que signific\u00f3 ser un icono gay en una \u00e9poca conservadora y una ciudad castradora. En un mundo de espinas y tierra, de rechazos y cachetazos, donde<strong>&nbsp;Federico<\/strong>&nbsp;fue un valiente. Rey sin trono. Un ser perfecto, hermoso, veloz, luminoso.<\/p>\n\n\n\n<p>AGP<\/p>\n\n\n\n<p>Editor: EM<\/p>\n\n\n\n<p><\/p>\n\n\n\n<p><\/p>\n","protected":false},"excerpt":{"rendered":"<p>Gustavo Bove acaba de presentar su libro &#8220;Perfecto, Hermoso, Veloz, Luminoso&#8221; sobre la vida del&#8230;<\/p>\n","protected":false},"author":1,"featured_media":1864,"comment_status":"open","ping_status":"open","sticky":false,"template":"","format":"standard","meta":{"footnotes":""},"categories":[41],"tags":[],"class_list":["post-1863","post","type-post","status-publish","format-standard","has-post-thumbnail","hentry","category-rock"],"yoast_head":"<!-- This site is optimized with the Yoast SEO plugin v27.2 - https:\/\/yoast.com\/product\/yoast-seo-wordpress\/ -->\n<title>Se present\u00f3 un nuevo libro sobre Federico Moura | Patagonia Rebelde<\/title>\n<meta name=\"robots\" content=\"index, follow, max-snippet:-1, max-image-preview:large, max-video-preview:-1\" \/>\n<link rel=\"canonical\" href=\"https:\/\/patagoniarebeldeweb.com.ar\/?p=1863\" \/>\n<meta property=\"og:locale\" content=\"es_ES\" \/>\n<meta property=\"og:type\" content=\"article\" \/>\n<meta property=\"og:title\" content=\"Se present\u00f3 un nuevo libro sobre Federico Moura | Patagonia Rebelde\" \/>\n<meta property=\"og:description\" content=\"Gustavo Bove acaba de presentar su libro &#8220;Perfecto, Hermoso, Veloz, Luminoso&#8221; sobre la vida del...\" \/>\n<meta property=\"og:url\" content=\"https:\/\/patagoniarebeldeweb.com.ar\/?p=1863\" \/>\n<meta property=\"og:site_name\" content=\"Patagonia Rebelde\" \/>\n<meta property=\"article:publisher\" content=\"https:\/\/www.facebook.com\/patagoniarebeldeweb\/\" \/>\n<meta property=\"article:published_time\" content=\"2025-09-21T22:47:41+00:00\" \/>\n<meta property=\"article:modified_time\" content=\"2025-09-21T22:47:43+00:00\" \/>\n<meta property=\"og:image\" content=\"https:\/\/patagoniarebeldeweb.com.ar\/wp-content\/uploads\/2025\/09\/GUSTAVO-BOVEjpg.jpg\" \/>\n\t<meta property=\"og:image:width\" content=\"686\" \/>\n\t<meta property=\"og:image:height\" content=\"386\" \/>\n\t<meta property=\"og:image:type\" content=\"image\/jpeg\" \/>\n<meta name=\"author\" content=\"admin\" \/>\n<meta name=\"twitter:card\" content=\"summary_large_image\" \/>\n<meta name=\"twitter:label1\" content=\"Escrito por\" \/>\n\t<meta name=\"twitter:data1\" content=\"admin\" \/>\n\t<meta name=\"twitter:label2\" content=\"Tiempo de lectura\" \/>\n\t<meta name=\"twitter:data2\" content=\"3 minutos\" \/>\n<script type=\"application\/ld+json\" class=\"yoast-schema-graph\">{\"@context\":\"https:\/\/schema.org\",\"@graph\":[{\"@type\":\"Article\",\"@id\":\"https:\/\/patagoniarebeldeweb.com.ar\/?p=1863#article\",\"isPartOf\":{\"@id\":\"https:\/\/patagoniarebeldeweb.com.ar\/?p=1863\"},\"author\":{\"name\":\"admin\",\"@id\":\"https:\/\/patagoniarebeldeweb.com.ar\/#\/schema\/person\/e293fd079db65aaa1c67b010d4a45452\"},\"headline\":\"Se present\u00f3 un nuevo libro sobre Federico Moura\",\"datePublished\":\"2025-09-21T22:47:41+00:00\",\"dateModified\":\"2025-09-21T22:47:43+00:00\",\"mainEntityOfPage\":{\"@id\":\"https:\/\/patagoniarebeldeweb.com.ar\/?p=1863\"},\"wordCount\":588,\"commentCount\":0,\"publisher\":{\"@id\":\"https:\/\/patagoniarebeldeweb.com.ar\/#organization\"},\"image\":{\"@id\":\"https:\/\/patagoniarebeldeweb.com.ar\/?p=1863#primaryimage\"},\"thumbnailUrl\":\"https:\/\/patagoniarebeldeweb.com.ar\/wp-content\/uploads\/2025\/09\/GUSTAVO-BOVEjpg.jpg\",\"articleSection\":[\"ROCK\"],\"inLanguage\":\"es-AR\",\"potentialAction\":[{\"@type\":\"CommentAction\",\"name\":\"Comment\",\"target\":[\"https:\/\/patagoniarebeldeweb.com.ar\/?p=1863#respond\"]}]},{\"@type\":\"WebPage\",\"@id\":\"https:\/\/patagoniarebeldeweb.com.ar\/?p=1863\",\"url\":\"https:\/\/patagoniarebeldeweb.com.ar\/?p=1863\",\"name\":\"Se present\u00f3 un nuevo libro sobre Federico Moura | Patagonia Rebelde\",\"isPartOf\":{\"@id\":\"https:\/\/patagoniarebeldeweb.com.ar\/#website\"},\"primaryImageOfPage\":{\"@id\":\"https:\/\/patagoniarebeldeweb.com.ar\/?p=1863#primaryimage\"},\"image\":{\"@id\":\"https:\/\/patagoniarebeldeweb.com.ar\/?p=1863#primaryimage\"},\"thumbnailUrl\":\"https:\/\/patagoniarebeldeweb.com.ar\/wp-content\/uploads\/2025\/09\/GUSTAVO-BOVEjpg.jpg\",\"datePublished\":\"2025-09-21T22:47:41+00:00\",\"dateModified\":\"2025-09-21T22:47:43+00:00\",\"breadcrumb\":{\"@id\":\"https:\/\/patagoniarebeldeweb.com.ar\/?p=1863#breadcrumb\"},\"inLanguage\":\"es-AR\",\"potentialAction\":[{\"@type\":\"ReadAction\",\"target\":[\"https:\/\/patagoniarebeldeweb.com.ar\/?p=1863\"]}]},{\"@type\":\"ImageObject\",\"inLanguage\":\"es-AR\",\"@id\":\"https:\/\/patagoniarebeldeweb.com.ar\/?p=1863#primaryimage\",\"url\":\"https:\/\/patagoniarebeldeweb.com.ar\/wp-content\/uploads\/2025\/09\/GUSTAVO-BOVEjpg.jpg\",\"contentUrl\":\"https:\/\/patagoniarebeldeweb.com.ar\/wp-content\/uploads\/2025\/09\/GUSTAVO-BOVEjpg.jpg\",\"width\":686,\"height\":386},{\"@type\":\"BreadcrumbList\",\"@id\":\"https:\/\/patagoniarebeldeweb.com.ar\/?p=1863#breadcrumb\",\"itemListElement\":[{\"@type\":\"ListItem\",\"position\":1,\"name\":\"Portada\",\"item\":\"https:\/\/patagoniarebeldeweb.com.ar\/\"},{\"@type\":\"ListItem\",\"position\":2,\"name\":\"Se present\u00f3 un nuevo libro sobre Federico Moura\"}]},{\"@type\":\"WebSite\",\"@id\":\"https:\/\/patagoniarebeldeweb.com.ar\/#website\",\"url\":\"https:\/\/patagoniarebeldeweb.com.ar\/\",\"name\":\"Patagonia Rebelde\",\"description\":\"Toda la info de General Rodr\u00edguez\",\"publisher\":{\"@id\":\"https:\/\/patagoniarebeldeweb.com.ar\/#organization\"},\"alternateName\":\"Patagonia Rebelde web\",\"potentialAction\":[{\"@type\":\"SearchAction\",\"target\":{\"@type\":\"EntryPoint\",\"urlTemplate\":\"https:\/\/patagoniarebeldeweb.com.ar\/?s={search_term_string}\"},\"query-input\":{\"@type\":\"PropertyValueSpecification\",\"valueRequired\":true,\"valueName\":\"search_term_string\"}}],\"inLanguage\":\"es-AR\"},{\"@type\":\"Organization\",\"@id\":\"https:\/\/patagoniarebeldeweb.com.ar\/#organization\",\"name\":\"Patagonia Rebelde\",\"alternateName\":\"Patagonia Rebelde web\",\"url\":\"https:\/\/patagoniarebeldeweb.com.ar\/\",\"logo\":{\"@type\":\"ImageObject\",\"inLanguage\":\"es-AR\",\"@id\":\"https:\/\/patagoniarebeldeweb.com.ar\/#\/schema\/logo\/image\/\",\"url\":\"https:\/\/patagoniarebeldeweb.com.ar\/wp-content\/uploads\/2024\/11\/logo-si.png\",\"contentUrl\":\"https:\/\/patagoniarebeldeweb.com.ar\/wp-content\/uploads\/2024\/11\/logo-si.png\",\"width\":460,\"height\":139,\"caption\":\"Patagonia Rebelde\"},\"image\":{\"@id\":\"https:\/\/patagoniarebeldeweb.com.ar\/#\/schema\/logo\/image\/\"},\"sameAs\":[\"https:\/\/www.facebook.com\/patagoniarebeldeweb\/\",\"https:\/\/www.youtube.com\/@edgardomiller\"]},{\"@type\":\"Person\",\"@id\":\"https:\/\/patagoniarebeldeweb.com.ar\/#\/schema\/person\/e293fd079db65aaa1c67b010d4a45452\",\"name\":\"admin\",\"image\":{\"@type\":\"ImageObject\",\"inLanguage\":\"es-AR\",\"@id\":\"https:\/\/secure.gravatar.com\/avatar\/aee4690e6ac4e427fd6efdc77149c35418ee5cc06426f4da7bc3ec412f507eb1?s=96&d=mm&r=g\",\"url\":\"https:\/\/secure.gravatar.com\/avatar\/aee4690e6ac4e427fd6efdc77149c35418ee5cc06426f4da7bc3ec412f507eb1?s=96&d=mm&r=g\",\"contentUrl\":\"https:\/\/secure.gravatar.com\/avatar\/aee4690e6ac4e427fd6efdc77149c35418ee5cc06426f4da7bc3ec412f507eb1?s=96&d=mm&r=g\",\"caption\":\"admin\"},\"sameAs\":[\"https:\/\/patagoniarebeldeweb.com.ar\"],\"url\":\"https:\/\/patagoniarebeldeweb.com.ar\/?author=1\"}]}<\/script>\n<!-- \/ Yoast SEO plugin. -->","yoast_head_json":{"title":"Se present\u00f3 un nuevo libro sobre Federico Moura | Patagonia Rebelde","robots":{"index":"index","follow":"follow","max-snippet":"max-snippet:-1","max-image-preview":"max-image-preview:large","max-video-preview":"max-video-preview:-1"},"canonical":"https:\/\/patagoniarebeldeweb.com.ar\/?p=1863","og_locale":"es_ES","og_type":"article","og_title":"Se present\u00f3 un nuevo libro sobre Federico Moura | Patagonia Rebelde","og_description":"Gustavo Bove acaba de presentar su libro &#8220;Perfecto, Hermoso, Veloz, Luminoso&#8221; sobre la vida del...","og_url":"https:\/\/patagoniarebeldeweb.com.ar\/?p=1863","og_site_name":"Patagonia Rebelde","article_publisher":"https:\/\/www.facebook.com\/patagoniarebeldeweb\/","article_published_time":"2025-09-21T22:47:41+00:00","article_modified_time":"2025-09-21T22:47:43+00:00","og_image":[{"width":686,"height":386,"url":"https:\/\/patagoniarebeldeweb.com.ar\/wp-content\/uploads\/2025\/09\/GUSTAVO-BOVEjpg.jpg","type":"image\/jpeg"}],"author":"admin","twitter_card":"summary_large_image","twitter_misc":{"Escrito por":"admin","Tiempo de lectura":"3 minutos"},"schema":{"@context":"https:\/\/schema.org","@graph":[{"@type":"Article","@id":"https:\/\/patagoniarebeldeweb.com.ar\/?p=1863#article","isPartOf":{"@id":"https:\/\/patagoniarebeldeweb.com.ar\/?p=1863"},"author":{"name":"admin","@id":"https:\/\/patagoniarebeldeweb.com.ar\/#\/schema\/person\/e293fd079db65aaa1c67b010d4a45452"},"headline":"Se present\u00f3 un nuevo libro sobre Federico Moura","datePublished":"2025-09-21T22:47:41+00:00","dateModified":"2025-09-21T22:47:43+00:00","mainEntityOfPage":{"@id":"https:\/\/patagoniarebeldeweb.com.ar\/?p=1863"},"wordCount":588,"commentCount":0,"publisher":{"@id":"https:\/\/patagoniarebeldeweb.com.ar\/#organization"},"image":{"@id":"https:\/\/patagoniarebeldeweb.com.ar\/?p=1863#primaryimage"},"thumbnailUrl":"https:\/\/patagoniarebeldeweb.com.ar\/wp-content\/uploads\/2025\/09\/GUSTAVO-BOVEjpg.jpg","articleSection":["ROCK"],"inLanguage":"es-AR","potentialAction":[{"@type":"CommentAction","name":"Comment","target":["https:\/\/patagoniarebeldeweb.com.ar\/?p=1863#respond"]}]},{"@type":"WebPage","@id":"https:\/\/patagoniarebeldeweb.com.ar\/?p=1863","url":"https:\/\/patagoniarebeldeweb.com.ar\/?p=1863","name":"Se present\u00f3 un nuevo libro sobre Federico Moura | Patagonia Rebelde","isPartOf":{"@id":"https:\/\/patagoniarebeldeweb.com.ar\/#website"},"primaryImageOfPage":{"@id":"https:\/\/patagoniarebeldeweb.com.ar\/?p=1863#primaryimage"},"image":{"@id":"https:\/\/patagoniarebeldeweb.com.ar\/?p=1863#primaryimage"},"thumbnailUrl":"https:\/\/patagoniarebeldeweb.com.ar\/wp-content\/uploads\/2025\/09\/GUSTAVO-BOVEjpg.jpg","datePublished":"2025-09-21T22:47:41+00:00","dateModified":"2025-09-21T22:47:43+00:00","breadcrumb":{"@id":"https:\/\/patagoniarebeldeweb.com.ar\/?p=1863#breadcrumb"},"inLanguage":"es-AR","potentialAction":[{"@type":"ReadAction","target":["https:\/\/patagoniarebeldeweb.com.ar\/?p=1863"]}]},{"@type":"ImageObject","inLanguage":"es-AR","@id":"https:\/\/patagoniarebeldeweb.com.ar\/?p=1863#primaryimage","url":"https:\/\/patagoniarebeldeweb.com.ar\/wp-content\/uploads\/2025\/09\/GUSTAVO-BOVEjpg.jpg","contentUrl":"https:\/\/patagoniarebeldeweb.com.ar\/wp-content\/uploads\/2025\/09\/GUSTAVO-BOVEjpg.jpg","width":686,"height":386},{"@type":"BreadcrumbList","@id":"https:\/\/patagoniarebeldeweb.com.ar\/?p=1863#breadcrumb","itemListElement":[{"@type":"ListItem","position":1,"name":"Portada","item":"https:\/\/patagoniarebeldeweb.com.ar\/"},{"@type":"ListItem","position":2,"name":"Se present\u00f3 un nuevo libro sobre Federico Moura"}]},{"@type":"WebSite","@id":"https:\/\/patagoniarebeldeweb.com.ar\/#website","url":"https:\/\/patagoniarebeldeweb.com.ar\/","name":"Patagonia Rebelde","description":"Toda la info de General Rodr\u00edguez","publisher":{"@id":"https:\/\/patagoniarebeldeweb.com.ar\/#organization"},"alternateName":"Patagonia Rebelde web","potentialAction":[{"@type":"SearchAction","target":{"@type":"EntryPoint","urlTemplate":"https:\/\/patagoniarebeldeweb.com.ar\/?s={search_term_string}"},"query-input":{"@type":"PropertyValueSpecification","valueRequired":true,"valueName":"search_term_string"}}],"inLanguage":"es-AR"},{"@type":"Organization","@id":"https:\/\/patagoniarebeldeweb.com.ar\/#organization","name":"Patagonia Rebelde","alternateName":"Patagonia Rebelde web","url":"https:\/\/patagoniarebeldeweb.com.ar\/","logo":{"@type":"ImageObject","inLanguage":"es-AR","@id":"https:\/\/patagoniarebeldeweb.com.ar\/#\/schema\/logo\/image\/","url":"https:\/\/patagoniarebeldeweb.com.ar\/wp-content\/uploads\/2024\/11\/logo-si.png","contentUrl":"https:\/\/patagoniarebeldeweb.com.ar\/wp-content\/uploads\/2024\/11\/logo-si.png","width":460,"height":139,"caption":"Patagonia Rebelde"},"image":{"@id":"https:\/\/patagoniarebeldeweb.com.ar\/#\/schema\/logo\/image\/"},"sameAs":["https:\/\/www.facebook.com\/patagoniarebeldeweb\/","https:\/\/www.youtube.com\/@edgardomiller"]},{"@type":"Person","@id":"https:\/\/patagoniarebeldeweb.com.ar\/#\/schema\/person\/e293fd079db65aaa1c67b010d4a45452","name":"admin","image":{"@type":"ImageObject","inLanguage":"es-AR","@id":"https:\/\/secure.gravatar.com\/avatar\/aee4690e6ac4e427fd6efdc77149c35418ee5cc06426f4da7bc3ec412f507eb1?s=96&d=mm&r=g","url":"https:\/\/secure.gravatar.com\/avatar\/aee4690e6ac4e427fd6efdc77149c35418ee5cc06426f4da7bc3ec412f507eb1?s=96&d=mm&r=g","contentUrl":"https:\/\/secure.gravatar.com\/avatar\/aee4690e6ac4e427fd6efdc77149c35418ee5cc06426f4da7bc3ec412f507eb1?s=96&d=mm&r=g","caption":"admin"},"sameAs":["https:\/\/patagoniarebeldeweb.com.ar"],"url":"https:\/\/patagoniarebeldeweb.com.ar\/?author=1"}]}},"featured_image_urls":{"full":["https:\/\/patagoniarebeldeweb.com.ar\/wp-content\/uploads\/2025\/09\/GUSTAVO-BOVEjpg.jpg",686,386,false],"thumbnail":["https:\/\/patagoniarebeldeweb.com.ar\/wp-content\/uploads\/2025\/09\/GUSTAVO-BOVEjpg-150x150.jpg",150,150,true],"medium":["https:\/\/patagoniarebeldeweb.com.ar\/wp-content\/uploads\/2025\/09\/GUSTAVO-BOVEjpg-300x169.jpg",300,169,true],"medium_large":["https:\/\/patagoniarebeldeweb.com.ar\/wp-content\/uploads\/2025\/09\/GUSTAVO-BOVEjpg.jpg",640,360,false],"large":["https:\/\/patagoniarebeldeweb.com.ar\/wp-content\/uploads\/2025\/09\/GUSTAVO-BOVEjpg.jpg",640,360,false],"1536x1536":["https:\/\/patagoniarebeldeweb.com.ar\/wp-content\/uploads\/2025\/09\/GUSTAVO-BOVEjpg.jpg",686,386,false],"2048x2048":["https:\/\/patagoniarebeldeweb.com.ar\/wp-content\/uploads\/2025\/09\/GUSTAVO-BOVEjpg.jpg",686,386,false],"enternews-slider-full":["https:\/\/patagoniarebeldeweb.com.ar\/wp-content\/uploads\/2025\/09\/GUSTAVO-BOVEjpg.jpg",686,386,false],"enternews-featured":["https:\/\/patagoniarebeldeweb.com.ar\/wp-content\/uploads\/2025\/09\/GUSTAVO-BOVEjpg.jpg",686,386,false],"enternews-medium":["https:\/\/patagoniarebeldeweb.com.ar\/wp-content\/uploads\/2025\/09\/GUSTAVO-BOVEjpg.jpg",686,386,false]},"author_info":{"display_name":"admin","author_link":"https:\/\/patagoniarebeldeweb.com.ar\/?author=1"},"category_info":"<a href=\"https:\/\/patagoniarebeldeweb.com.ar\/?cat=41\" rel=\"category\">ROCK<\/a>","tag_info":"ROCK","comment_count":"0","_links":{"self":[{"href":"https:\/\/patagoniarebeldeweb.com.ar\/index.php?rest_route=\/wp\/v2\/posts\/1863","targetHints":{"allow":["GET"]}}],"collection":[{"href":"https:\/\/patagoniarebeldeweb.com.ar\/index.php?rest_route=\/wp\/v2\/posts"}],"about":[{"href":"https:\/\/patagoniarebeldeweb.com.ar\/index.php?rest_route=\/wp\/v2\/types\/post"}],"author":[{"embeddable":true,"href":"https:\/\/patagoniarebeldeweb.com.ar\/index.php?rest_route=\/wp\/v2\/users\/1"}],"replies":[{"embeddable":true,"href":"https:\/\/patagoniarebeldeweb.com.ar\/index.php?rest_route=%2Fwp%2Fv2%2Fcomments&post=1863"}],"version-history":[{"count":1,"href":"https:\/\/patagoniarebeldeweb.com.ar\/index.php?rest_route=\/wp\/v2\/posts\/1863\/revisions"}],"predecessor-version":[{"id":1865,"href":"https:\/\/patagoniarebeldeweb.com.ar\/index.php?rest_route=\/wp\/v2\/posts\/1863\/revisions\/1865"}],"wp:featuredmedia":[{"embeddable":true,"href":"https:\/\/patagoniarebeldeweb.com.ar\/index.php?rest_route=\/wp\/v2\/media\/1864"}],"wp:attachment":[{"href":"https:\/\/patagoniarebeldeweb.com.ar\/index.php?rest_route=%2Fwp%2Fv2%2Fmedia&parent=1863"}],"wp:term":[{"taxonomy":"category","embeddable":true,"href":"https:\/\/patagoniarebeldeweb.com.ar\/index.php?rest_route=%2Fwp%2Fv2%2Fcategories&post=1863"},{"taxonomy":"post_tag","embeddable":true,"href":"https:\/\/patagoniarebeldeweb.com.ar\/index.php?rest_route=%2Fwp%2Fv2%2Ftags&post=1863"}],"curies":[{"name":"wp","href":"https:\/\/api.w.org\/{rel}","templated":true}]}}