{"id":1759,"date":"2025-08-13T13:03:59","date_gmt":"2025-08-13T16:03:59","guid":{"rendered":"https:\/\/patagoniarebeldeweb.com.ar\/?p=1759"},"modified":"2025-08-13T13:17:20","modified_gmt":"2025-08-13T16:17:20","slug":"cumplio-diez-anos-el-opera-festival-buenos-aires","status":"publish","type":"post","link":"https:\/\/patagoniarebeldeweb.com.ar\/?p=1759","title":{"rendered":"Cumpli\u00f3 diez a\u00f1os el Opera Festival Buenos Aires"},"content":{"rendered":"\n<h4 class=\"wp-block-heading\">El Opera Festival Buenos Aires, fue fundado hace 10 a\u00f1os por la cantante lirica Graciela de Gyldentfeldt, de  vasta trayectoria en Europa. Para conmemorarlo eligi\u00f3 presentar la El Murci\u00e9lago&#8221; de Johann Strauss (hijo), en el glamoroso Teatro Avenida de la ciudad de Buenos Aires.<\/h4>\n\n\n\n<p><strong>Graciela de Gyldentfeldt<\/strong><\/p>\n\n\n\n<p>La soprano argentina Graciela de Gyldenfeldt, naci\u00f3 en Buenos Aires. A la edad de cinco a\u00f1os comenz\u00f3 con clases de piano ya los catorce de canto. Fue alumna del &#8220;Conservatorio Nacional de M\u00fasica Carlos L\u00f3pez Buchardo&#8221; (UNA) y de la carrera de canto del &#8220;Instituto Superior de Arte del Teatro Col\u00f3n&#8221;. Su formaci\u00f3n vocal la debe a su Maestra Mar\u00eda Jord\u00e1n de Martinez. Luego de ser escuchada por<em>&nbsp;Pl\u00e1cido Domingo<\/em>&nbsp;en Buenos Aires, \u00e9ste la auspicia y patrocina para iniciar su carrera internacional. Debuta en Europa en la \u00d3pera de Berna con el papel de<em>&nbsp;Gilda&nbsp;<\/em>bajo la direcci\u00f3n de<em>&nbsp;Gustav Kuhn.<\/em><br><\/p>\n\n\n\n<p>En 1983 realiz\u00f3 su debut en la&nbsp;<em>\u00d3pera del Estado de Viena<\/em>&nbsp;bajo la direcci\u00f3n de&nbsp;<em>Lorin Maazel<\/em>&nbsp;con la \u00f3pera&nbsp;<em>Die Feen<\/em>&nbsp;(Richard Wagner) y form\u00f3 parte del elenco siendo su miembro m\u00e1s joven, permaneciendo all\u00ed durante cuatro a\u00f1os. Al a\u00f1o siguiente debuta en los&nbsp;<em>Festivales de Salzburgo<\/em>&nbsp;invitada por el Mtro.&nbsp;<em>Herbert von Karajan.<\/em>&nbsp;Trabajar bajo su direcci\u00f3n la enriquecedora para su carrera. As\u00ed como tambi\u00e9n posteriormente los trabajos con&nbsp;<em>Riccado Muti<\/em>&nbsp;y&nbsp;<em>Christian Thielemann.<\/em><br>Trabaj\u00f3 entre otros bajo la direcci\u00f3n de los directores&nbsp;<em>Leopold Hager, Horst Stein, Alberto Zedda, R. Abbado, Adam Fischer, Bruno Bartoletti, Jeffrey Tate, Peter Maag, Gy\u00f6rgy G. R\u00e1th, Jes\u00fas L\u00f3pez Cobos y Franz Paul Decker.<\/em>&nbsp;En la escena ha sido dirigida por destacados registros como&nbsp;<em>Franco Zeffirelli, Jan Judge, Philippe Arlaud, Claes Fellbom, Emilio Saggi y Sergio Ren\u00e1n,<\/em>&nbsp;entre otros.<\/p>\n\n\n\n<p>Su repertorio comprende m\u00e1s de sesenta \u00f3peras hasta el d\u00eda de hoy, desde&nbsp;<em>Mozart<\/em>&nbsp;, el romanticismo y el verismo,&nbsp;<em>Verdi, Wagner, Puccini, Strauss,<\/em>&nbsp;hasta los compositores del siglo XX, como&nbsp;<em>Shostak\u00f3vich<\/em>&nbsp;y&nbsp;<em>Britten<\/em>&nbsp;. Son de destacarse sus interpretaciones de&nbsp;<em>Tosca, Desdemona, Amelia (SB), Amelia<\/em>&nbsp;(Un ballo in Maschera),&nbsp;<em>Manon Lescaut, Madame Butterfly,&nbsp;<\/em><em>Lady Macbeth<\/em>&nbsp;(Shostak\u00f3vich),&nbsp;<em>Katja<\/em>&nbsp;(Katja Kab\u00e1nova)&nbsp;<em>, Elsa\/Otrud<\/em>&nbsp;(Lohengrin),&nbsp;<em>Senta&nbsp;<\/em>(Der fliegende Holl\u00e4nder),&nbsp;<em>Brang\u00e4ne\/Isolde&nbsp;<\/em>(Tristan und Isolde),&nbsp;<em>Chrysothemis\/Elektra<\/em>&nbsp;(Elektra),&nbsp;<em>Kaiserin<\/em>&nbsp;(La mujer sin sombra),&nbsp;<em>Salom\u00e9<\/em>&nbsp;y&nbsp;<em>Marietta<\/em>&nbsp;(Die tote Stadt), destacadas por la Sociedad Korngold como una de sus mejores int\u00e9rpretes&nbsp;<em>.&nbsp;<\/em>Por su interpretaci\u00f3n&nbsp;<em>de Salud (La vida breve, De Falla),<\/em>&nbsp;en la \u00d3pera de Dallas, fue nominda para el&nbsp;<em>Premio Callas y<\/em>&nbsp;destacada por la cr\u00edtica como la mejor protagonista del a\u00f1o.<\/p>\n\n\n\n<p>Trabaj\u00f3 con las m\u00e1s renombradas orquestas de Europa como la Orquesta Filarm\u00f3nica de Viena y la Orquesta Filarm\u00f3nica de Berl\u00edn. Cant\u00f3 en los teatros de \u00f3pera m\u00e1s destacados de Europa como la Wiener Staatsoper, los Festivales de Salzburgo, la Deutsche Oper Berlin, la \u00d3pera de Hamburgo, el Maggio Musicale Fiorentino, Teatro de la Zarzuela Madrid. En Am\u00e9rica del Sur en el Teatro Col\u00f3n de Buenos Aires, Teatro Argentino de La Plata, Teatro del Libertador, Teatro Municipal de S\u00e3o Paolo y debut\u00f3 en USA invitada por las \u00d3peras de Dallas, Connecticut y Cincinnati. En Alemania cant\u00f3 tambi\u00e9n en los teatros de \u00f3pera de Francfort, Wiesbaden, Essen, Bremen, Bremerhaven, Kassel, L\u00fcbeck, Kiel (donde fue por cuatro temporadas solista principal), Freiburg, Rostock, Schwerin, Oldenburg, Bremerhaven, Krefeld, entre otros. Su repertorio de conciertos es tambi\u00e9n extenso, present\u00e1ndose en numerosos recitales.<\/p>\n\n\n\n<p>En el Teatro Col\u00f3n debut\u00f3 en 1993 con el papel de&nbsp;<em>Donna Elvira<\/em>&nbsp;(Don Giovanni) y es memorable su interpretaci\u00f3n del papel de&nbsp;<em>Elena<\/em>&nbsp;(Mefistofele), as\u00ed como su presentaci\u00f3n como&nbsp;<em>Ang\u00e9le Didier<\/em>&nbsp;(El Conde de Luxemburgo).<br><br>En 2010 particip\u00f3 con el papel de&nbsp;<em>Katja (<\/em>&nbsp;Katja Kabanova) y se present\u00f3 en varios conciertos conmemorando el bicentenario de la Argentina. Fue tambi\u00e9n invitada por la Orquesta Filarm\u00f3nica de Bs. Como.<br><br>En septiembre del 2011 realiz\u00f3 una gira con el pianista&nbsp;<em>Henning Lucius<\/em>&nbsp;en Buenos Aires y La Plata, con obras de compositores argentinos y grab\u00f3 un CD titulado&nbsp;<em>PUENTES<\/em>&nbsp;. Protagoniz\u00f3 el papel de&nbsp;<em>Tatjana&nbsp;<\/em>(Eugenio Onieguin) en el Teatro del Libertador de C\u00f3rdoba. En la temporada 2012 particip\u00f3 con los papeles de&nbsp;<em>Brang\u00e4ne<\/em>&nbsp;(Tristan e Isolda) y&nbsp;<em>Ortrud&nbsp;<\/em>(Lohengrin) en el&nbsp;<em>Tiroler Festspiele Erl.<\/em>&nbsp;En septiembre di\u00f3 recitales en Buenos Aires en homenaje a Alberto Williams y Carlos Guastavino en el Centro Cultural Borges y en el Palacio Noel (MIFB), en el Jockey Club, el Consejo de Prof. de Ciencias Econ\u00f3micas en homenaje a Wagner y Verdi y en&nbsp;<em>&#8220;El Aleph&#8221;<\/em>&nbsp;con el auspicio de la DGEArt. En 2014 y 2015 contin\u00faa con su gira de recitales en homenaje a los compositores argentinos ya R. Strauss, con un programa que incluye a los compositores europeos de quienes fueron disc\u00edpulos y otros contempor\u00e1neos europeos, entre otros, Dvor\u00e1k, Rachmaninoff, present\u00e1ndose en Berl\u00edn y Argentina. En junio de 2014 dio un concierto de Gala en la Kaiser-Willhelm-Ged\u00e4chtnis-Kirche en Berl\u00edn, presentando su CD&nbsp;<em>&#8220;PUENTES&#8221;,<\/em>&nbsp;junto al pianista Henning Lucius, con el auspicio de la Embajada argentina en Berl\u00edn. En agosto del 2014 dict\u00f3 un seminario en Canto junto al Mtro. Prof. H. Helge Dorsch en la UNA de Buenos Aires.<\/p>\n\n\n\n<p>En 2015 fund\u00f3 un proyecto cultural de \u00f3pera y concierto, del cual es Directora General y Art\u00edstica, bajo el nombre&nbsp;<em>&#8220;\u00d3pera Festival de Buenos Aires&#8221;,<\/em>&nbsp;con el objetivo de brindar un nuevo espacio para j\u00f3venes cantantes y m\u00fasicos en Bs. As., que les permitir\u00e1 adquirir una valiosa experiencia de formaci\u00f3n pr\u00e1ctica en el escenario&nbsp;<em>.&nbsp;<\/em>La primera \u00f3pera realizada bajo este proyecto fue&nbsp;<em>&#8220;La Flauta M\u00e1gica&#8221;,<\/em>&nbsp;con textos en idioma original. En 2016 realiz\u00f3 su primera regie con la \u00f3pera&nbsp;<em>&#8220;Pagliacci&#8221;.<\/em>&nbsp;&nbsp; En el 2016 particip\u00f3 de la inauguraci\u00f3n del festival &#8220;Orpheus European Classics&#8221; con el papel de la&nbsp;<em>1ra. Dama<\/em>&nbsp;en&nbsp;<em>&#8220;La Flauta M\u00e1gica&#8221;<\/em>&nbsp;, en Alemania, bajo la direcci\u00f3n del Prof. Helge Dorsch. Desde el 2009 la soprano est\u00e1 dedicada a la recuperaci\u00f3n y presentaci\u00f3n del patrimonio cultural musical argentino y europeo, bajo el nombre&nbsp;<em>&#8220;PUENTES&#8221;<\/em>&nbsp;, el cual comenz\u00f3 para la m\u00fasica de c\u00e1mara con el pianista Henning Lucius, continuando con el repertorio y obras para canto y orquesta y sinf\u00f3nicas junto al Mtro. Lucio Bruno Videla, director y compositor, con quien ha realizado un concierto inaugural en noviembre del 2015 en el Teatro Roma de Avellaneda, Buenos Aires, dando inicio a una serie de conciertos para el mismo proyecto a realizarse en el 2016 en la Argentina y Europa. En el 2016 realiz\u00f3 un tourn\u00e9 con canciones de compositores argentinos invitados por la Asociaci\u00f3n Argentina de Compositores, la cual continuar\u00e1 en 2017 con arias de \u00f3peras desconocidas de los compositores argentinos.&nbsp;&nbsp; &nbsp; &nbsp; &nbsp; &nbsp; &nbsp; &nbsp; &nbsp; &nbsp; &nbsp; &nbsp; &nbsp; &nbsp; &nbsp; &nbsp; &nbsp; &nbsp; &nbsp; &nbsp; &nbsp; &nbsp; &nbsp; &nbsp; &nbsp; &nbsp; &nbsp; &nbsp; &nbsp; &nbsp; &nbsp;&nbsp;&nbsp;<em>Graciela de Gyldenfeldt<\/em>&nbsp;se dedica tambi\u00e9n con enorme inter\u00e9s a la ense\u00f1anza y apoyo vocal e interpretativo de j\u00f3venes cantantes. En agosto de 2009 fue destacado por su trabajo pedag\u00f3gico en el&nbsp;<em>&#8220;Instituto Universitario Nacional del Arte&#8221; (UNA) en Buenos Aires con medalla de oro.<\/em>&nbsp;En 2011 y 2013 di\u00f3 Clases Magistrales en el Teatro Col\u00f3n invitada por el&nbsp;<em>Instituto Superior de Arte (ISATC).<\/em>&nbsp;En Septiembre de 2011 fue destacado por su excelente Masterclass en Lied alem\u00e1n por la&nbsp;<em>DGEArt en Bs. Como<\/em>&nbsp;. Realiz\u00f3 presentaciones de \u00f3pera con sus alumnos en 2013, 2014 y 2015 en &#8220;La Vidriera&#8221; auspiciada por la DGEArt y otras salas de Buenos Aires. Desde el 2014 dirige una c\u00e1tedra de canto en el ISATC en Buenos Aires y desde 2017 una c\u00e1tedra de alem\u00e1n aplicada al canto l\u00edrico en la Universidad de M\u00fasica de Buenos Aires (UNA-DAMus).<br><\/p>\n\n\n\n<p>Graciela de Gyldenfeldt se presenta regularmente como figura invitada en diversas ciudades europeas, en Norte y Sudam\u00e9rica.<br>Su repertorio se ha ampliado enormemente. Actualmente canta los papeles de&nbsp;<em>Br\u00fcnnhilde<\/em>&nbsp;de la&nbsp;<em>&#8220;Tetralog\u00eda&#8221;<\/em>&nbsp;, as\u00ed como&nbsp;<em>Isolde\/Brang\u00e4ne, Ortrud<\/em>&nbsp;y pr\u00f3ximamente el papel de la&nbsp;<em>Tintorera y Kaiserin<\/em>&nbsp;de&nbsp;<em>&#8220;La mujer sin sombra&#8221;<\/em>&nbsp;. Su repertorio italiano se ha ampliado con papeles como&nbsp;<em>Amneris, Turandot, Minnie &#8220;La Fanciulla del West&#8221;, la Principessa Eboli &#8220;Don Carlo&#8221;, Leonora &#8220;La forza del Destino&#8221;, Maddalena &#8220;Andrea Chenier&#8221;, adem\u00e1s de su repertorio habitual, Tosca, Manon Lescaut, entre tantos otros.<\/em><\/p>\n\n\n\n<p><strong>El Murci\u00e9lago<\/strong><\/p>\n\n\n\n<p>El sitio &#8220;Bybattaglia News&#8221;, publica en una detallada cr\u00f3nica la presentaci\u00f3n realizada en el Teatro Avenida; &#8220;Desde el primer comp\u00e1s, qued\u00f3 claro que no ser\u00eda una funci\u00f3n r\u00edgida. Los int\u00e9rpretes rompieron la cuarta pared, miraron a la platea y se rieron de s\u00ed mismos. Hab\u00eda humor, s\u00ed, pero sin descuidar la calidad musical. Un ejemplo delicioso fue el momento en que el Doctor Falke, con total desparpajo, solt\u00f3:\u00a0<em>\u201c\u2026tranquilo, ac\u00e1 hablamos en espa\u00f1ol y cantamos en alem\u00e1n; usted finja con el franc\u00e9s\u2026\u201d<\/em>. Esa mezcla de picard\u00eda y cercan\u00eda marc\u00f3 el pulso de toda la noche.<\/p>\n\n\n\n<p>La puesta fue un regalo para la vista:\u00a0<strong>vestuario cuidado, escenograf\u00eda funcional y luces que pintaban cada escena como un cuadro<\/strong>. OFEBA volvi\u00f3 a dar una lecci\u00f3n de c\u00f3mo se puede hacer \u00f3pera de alto nivel mezclando\u00a0<strong>voces experimentadas, j\u00f3venes promesas y un coro entregado<\/strong>\u00a0que contagi\u00f3 entusiasmo desde el primer momento.<\/p>\n\n\n\n<p>En el podio,\u00a0<strong>Helge Dorsch<\/strong>\u00a0dibuj\u00f3 el estilo vien\u00e9s con la seguridad de quien conoce el alma de Strauss. Su direcci\u00f3n, elegante y atenta, permiti\u00f3 que la orquesta fuera m\u00e1s que un acompa\u00f1amiento: fue un personaje vivo, respirando junto a las voces.&#8221;<\/p>\n\n\n\n<p><strong>Elenco<\/strong><\/p>\n\n\n\n<p><strong>Die Fledermau<\/strong>s (el murci\u00e9lago). M\u00fasica:\u00a0<strong>Johann Strauss (hijo<\/strong>. Direcci\u00f3n general y art\u00edstica:\u00a0<strong>Graciela de Gyldentfeldt<\/strong>. Direcci\u00f3n musical:\u00a0<strong>Helgue Dorsch<\/strong>.\u00a0<strong>Coro y orquesta del Opera Festival Buenos Aires<\/strong>. Directora del coro:<strong>\u00a0Silvia Aloy<\/strong>. Elenco:\u00a0<strong>Francisco Morales<\/strong>\u00a0(Gabriel von Eisenstein),<strong>\u00a0Virginia Molina<\/strong>\u00a0(Rosalinde),<strong>\u00a0Ana Sampedro<\/strong>\u00a0(Adele),\u00a0<strong>Luchi de Gyldentfeldt<\/strong>\u00a0(Principe Orlovsky),\u00a0<strong>Luis Gaeta<\/strong>\u00a0(Dr. Falke),\u00a0<strong>Naoki Higasiyosihama<\/strong>\u00a0(Alfred),<strong>\u00a0Juan Karakas\u00a0<\/strong>(Frank),\u00a0<strong>Hernan Quinteros<\/strong>\u00a0(Dr. Blind),<strong>\u00a0Mar\u00eca Jos\u00e8 Valerio<\/strong>\u00a0(Ida),<strong>\u00a0Alejandro Schijman<\/strong>\u00a0(Frosch). Invitados:\u00a0<strong>Mairin Rodriguez<\/strong>,\u00a0<strong>Enrique Gibert Melia<\/strong>,\u00a0<strong>Graciela de Gyldenfeldt<\/strong>,\u00a0<strong>La Ferni<\/strong>. Sala:<strong>\u00a0Teatro Avenida<\/strong>\u00a0(Avda de Mayo 1222, C.A.B.A.). Funciones:\u00a0<strong>S\u00e1bado 9 de Agosto (20 hs.) y Jueves 14 de Agosto (20hs)<\/strong>.<\/p>\n\n\n\n<p>Celebramos estos primeros diez a\u00f1os del &#8220;Opera Festival Buenos Aires&#8221;, sin dud un gran aporte a la cultura nacional.<\/p>\n\n\n\n<p>EM<\/p>\n\n\n\n<p>AGP \/Agencia Prensa C\u00edvica<\/p>\n\n\n\n<p><\/p>\n\n\n\n<p><\/p>\n\n\n\n<p><\/p>\n","protected":false},"excerpt":{"rendered":"<p>El Opera Festival Buenos Aires, fue fundado hace 10 a\u00f1os por la cantante lirica Graciela&#8230;<\/p>\n","protected":false},"author":1,"featured_media":1761,"comment_status":"open","ping_status":"open","sticky":false,"template":"","format":"standard","meta":{"footnotes":""},"categories":[33,37],"tags":[],"class_list":["post-1759","post","type-post","status-publish","format-standard","has-post-thumbnail","hentry","category-abralapalabra","category-actualidad"],"yoast_head":"<!-- This site is optimized with the Yoast SEO plugin v27.2 - https:\/\/yoast.com\/product\/yoast-seo-wordpress\/ -->\n<title>Cumpli\u00f3 diez a\u00f1os el Opera Festival Buenos Aires | Patagonia Rebelde<\/title>\n<meta name=\"robots\" content=\"index, follow, max-snippet:-1, max-image-preview:large, max-video-preview:-1\" \/>\n<link rel=\"canonical\" href=\"https:\/\/patagoniarebeldeweb.com.ar\/?p=1759\" \/>\n<meta property=\"og:locale\" content=\"es_ES\" \/>\n<meta property=\"og:type\" content=\"article\" \/>\n<meta property=\"og:title\" content=\"Cumpli\u00f3 diez a\u00f1os el Opera Festival Buenos Aires | Patagonia Rebelde\" \/>\n<meta property=\"og:description\" content=\"El Opera Festival Buenos Aires, fue fundado hace 10 a\u00f1os por la cantante lirica Graciela...\" \/>\n<meta property=\"og:url\" content=\"https:\/\/patagoniarebeldeweb.com.ar\/?p=1759\" \/>\n<meta property=\"og:site_name\" content=\"Patagonia Rebelde\" \/>\n<meta property=\"article:publisher\" content=\"https:\/\/www.facebook.com\/patagoniarebeldeweb\/\" \/>\n<meta property=\"article:published_time\" content=\"2025-08-13T16:03:59+00:00\" \/>\n<meta property=\"article:modified_time\" content=\"2025-08-13T16:17:20+00:00\" \/>\n<meta property=\"og:image\" content=\"https:\/\/patagoniarebeldeweb.com.ar\/wp-content\/uploads\/2025\/08\/GRACIELA-Y-MILLER-scaled.jpg\" \/>\n\t<meta property=\"og:image:width\" content=\"2560\" \/>\n\t<meta property=\"og:image:height\" content=\"1920\" \/>\n\t<meta property=\"og:image:type\" content=\"image\/jpeg\" \/>\n<meta name=\"author\" content=\"admin\" \/>\n<meta name=\"twitter:card\" content=\"summary_large_image\" \/>\n<meta name=\"twitter:label1\" content=\"Escrito por\" \/>\n\t<meta name=\"twitter:data1\" content=\"admin\" \/>\n\t<meta name=\"twitter:label2\" content=\"Tiempo de lectura\" \/>\n\t<meta name=\"twitter:data2\" content=\"8 minutos\" \/>\n<script type=\"application\/ld+json\" class=\"yoast-schema-graph\">{\"@context\":\"https:\/\/schema.org\",\"@graph\":[{\"@type\":\"Article\",\"@id\":\"https:\/\/patagoniarebeldeweb.com.ar\/?p=1759#article\",\"isPartOf\":{\"@id\":\"https:\/\/patagoniarebeldeweb.com.ar\/?p=1759\"},\"author\":{\"name\":\"admin\",\"@id\":\"https:\/\/patagoniarebeldeweb.com.ar\/#\/schema\/person\/e293fd079db65aaa1c67b010d4a45452\"},\"headline\":\"Cumpli\u00f3 diez a\u00f1os el Opera Festival Buenos Aires\",\"datePublished\":\"2025-08-13T16:03:59+00:00\",\"dateModified\":\"2025-08-13T16:17:20+00:00\",\"mainEntityOfPage\":{\"@id\":\"https:\/\/patagoniarebeldeweb.com.ar\/?p=1759\"},\"wordCount\":1881,\"commentCount\":0,\"publisher\":{\"@id\":\"https:\/\/patagoniarebeldeweb.com.ar\/#organization\"},\"image\":{\"@id\":\"https:\/\/patagoniarebeldeweb.com.ar\/?p=1759#primaryimage\"},\"thumbnailUrl\":\"https:\/\/patagoniarebeldeweb.com.ar\/wp-content\/uploads\/2025\/08\/GRACIELA-Y-MILLER-scaled.jpg\",\"articleSection\":[\"ABRALAPALABRA\",\"ACTUALIDAD\"],\"inLanguage\":\"es-AR\",\"potentialAction\":[{\"@type\":\"CommentAction\",\"name\":\"Comment\",\"target\":[\"https:\/\/patagoniarebeldeweb.com.ar\/?p=1759#respond\"]}]},{\"@type\":\"WebPage\",\"@id\":\"https:\/\/patagoniarebeldeweb.com.ar\/?p=1759\",\"url\":\"https:\/\/patagoniarebeldeweb.com.ar\/?p=1759\",\"name\":\"Cumpli\u00f3 diez a\u00f1os el Opera Festival Buenos Aires | Patagonia Rebelde\",\"isPartOf\":{\"@id\":\"https:\/\/patagoniarebeldeweb.com.ar\/#website\"},\"primaryImageOfPage\":{\"@id\":\"https:\/\/patagoniarebeldeweb.com.ar\/?p=1759#primaryimage\"},\"image\":{\"@id\":\"https:\/\/patagoniarebeldeweb.com.ar\/?p=1759#primaryimage\"},\"thumbnailUrl\":\"https:\/\/patagoniarebeldeweb.com.ar\/wp-content\/uploads\/2025\/08\/GRACIELA-Y-MILLER-scaled.jpg\",\"datePublished\":\"2025-08-13T16:03:59+00:00\",\"dateModified\":\"2025-08-13T16:17:20+00:00\",\"breadcrumb\":{\"@id\":\"https:\/\/patagoniarebeldeweb.com.ar\/?p=1759#breadcrumb\"},\"inLanguage\":\"es-AR\",\"potentialAction\":[{\"@type\":\"ReadAction\",\"target\":[\"https:\/\/patagoniarebeldeweb.com.ar\/?p=1759\"]}]},{\"@type\":\"ImageObject\",\"inLanguage\":\"es-AR\",\"@id\":\"https:\/\/patagoniarebeldeweb.com.ar\/?p=1759#primaryimage\",\"url\":\"https:\/\/patagoniarebeldeweb.com.ar\/wp-content\/uploads\/2025\/08\/GRACIELA-Y-MILLER-scaled.jpg\",\"contentUrl\":\"https:\/\/patagoniarebeldeweb.com.ar\/wp-content\/uploads\/2025\/08\/GRACIELA-Y-MILLER-scaled.jpg\",\"width\":2560,\"height\":1920},{\"@type\":\"BreadcrumbList\",\"@id\":\"https:\/\/patagoniarebeldeweb.com.ar\/?p=1759#breadcrumb\",\"itemListElement\":[{\"@type\":\"ListItem\",\"position\":1,\"name\":\"Portada\",\"item\":\"https:\/\/patagoniarebeldeweb.com.ar\/\"},{\"@type\":\"ListItem\",\"position\":2,\"name\":\"Cumpli\u00f3 diez a\u00f1os el Opera Festival Buenos Aires\"}]},{\"@type\":\"WebSite\",\"@id\":\"https:\/\/patagoniarebeldeweb.com.ar\/#website\",\"url\":\"https:\/\/patagoniarebeldeweb.com.ar\/\",\"name\":\"Patagonia Rebelde\",\"description\":\"Toda la info de General Rodr\u00edguez\",\"publisher\":{\"@id\":\"https:\/\/patagoniarebeldeweb.com.ar\/#organization\"},\"alternateName\":\"Patagonia Rebelde web\",\"potentialAction\":[{\"@type\":\"SearchAction\",\"target\":{\"@type\":\"EntryPoint\",\"urlTemplate\":\"https:\/\/patagoniarebeldeweb.com.ar\/?s={search_term_string}\"},\"query-input\":{\"@type\":\"PropertyValueSpecification\",\"valueRequired\":true,\"valueName\":\"search_term_string\"}}],\"inLanguage\":\"es-AR\"},{\"@type\":\"Organization\",\"@id\":\"https:\/\/patagoniarebeldeweb.com.ar\/#organization\",\"name\":\"Patagonia Rebelde\",\"alternateName\":\"Patagonia Rebelde web\",\"url\":\"https:\/\/patagoniarebeldeweb.com.ar\/\",\"logo\":{\"@type\":\"ImageObject\",\"inLanguage\":\"es-AR\",\"@id\":\"https:\/\/patagoniarebeldeweb.com.ar\/#\/schema\/logo\/image\/\",\"url\":\"https:\/\/patagoniarebeldeweb.com.ar\/wp-content\/uploads\/2024\/11\/logo-si.png\",\"contentUrl\":\"https:\/\/patagoniarebeldeweb.com.ar\/wp-content\/uploads\/2024\/11\/logo-si.png\",\"width\":460,\"height\":139,\"caption\":\"Patagonia Rebelde\"},\"image\":{\"@id\":\"https:\/\/patagoniarebeldeweb.com.ar\/#\/schema\/logo\/image\/\"},\"sameAs\":[\"https:\/\/www.facebook.com\/patagoniarebeldeweb\/\",\"https:\/\/www.youtube.com\/@edgardomiller\"]},{\"@type\":\"Person\",\"@id\":\"https:\/\/patagoniarebeldeweb.com.ar\/#\/schema\/person\/e293fd079db65aaa1c67b010d4a45452\",\"name\":\"admin\",\"image\":{\"@type\":\"ImageObject\",\"inLanguage\":\"es-AR\",\"@id\":\"https:\/\/secure.gravatar.com\/avatar\/aee4690e6ac4e427fd6efdc77149c35418ee5cc06426f4da7bc3ec412f507eb1?s=96&d=mm&r=g\",\"url\":\"https:\/\/secure.gravatar.com\/avatar\/aee4690e6ac4e427fd6efdc77149c35418ee5cc06426f4da7bc3ec412f507eb1?s=96&d=mm&r=g\",\"contentUrl\":\"https:\/\/secure.gravatar.com\/avatar\/aee4690e6ac4e427fd6efdc77149c35418ee5cc06426f4da7bc3ec412f507eb1?s=96&d=mm&r=g\",\"caption\":\"admin\"},\"sameAs\":[\"https:\/\/patagoniarebeldeweb.com.ar\"],\"url\":\"https:\/\/patagoniarebeldeweb.com.ar\/?author=1\"}]}<\/script>\n<!-- \/ Yoast SEO plugin. -->","yoast_head_json":{"title":"Cumpli\u00f3 diez a\u00f1os el Opera Festival Buenos Aires | Patagonia Rebelde","robots":{"index":"index","follow":"follow","max-snippet":"max-snippet:-1","max-image-preview":"max-image-preview:large","max-video-preview":"max-video-preview:-1"},"canonical":"https:\/\/patagoniarebeldeweb.com.ar\/?p=1759","og_locale":"es_ES","og_type":"article","og_title":"Cumpli\u00f3 diez a\u00f1os el Opera Festival Buenos Aires | Patagonia Rebelde","og_description":"El Opera Festival Buenos Aires, fue fundado hace 10 a\u00f1os por la cantante lirica Graciela...","og_url":"https:\/\/patagoniarebeldeweb.com.ar\/?p=1759","og_site_name":"Patagonia Rebelde","article_publisher":"https:\/\/www.facebook.com\/patagoniarebeldeweb\/","article_published_time":"2025-08-13T16:03:59+00:00","article_modified_time":"2025-08-13T16:17:20+00:00","og_image":[{"width":2560,"height":1920,"url":"https:\/\/patagoniarebeldeweb.com.ar\/wp-content\/uploads\/2025\/08\/GRACIELA-Y-MILLER-scaled.jpg","type":"image\/jpeg"}],"author":"admin","twitter_card":"summary_large_image","twitter_misc":{"Escrito por":"admin","Tiempo de lectura":"8 minutos"},"schema":{"@context":"https:\/\/schema.org","@graph":[{"@type":"Article","@id":"https:\/\/patagoniarebeldeweb.com.ar\/?p=1759#article","isPartOf":{"@id":"https:\/\/patagoniarebeldeweb.com.ar\/?p=1759"},"author":{"name":"admin","@id":"https:\/\/patagoniarebeldeweb.com.ar\/#\/schema\/person\/e293fd079db65aaa1c67b010d4a45452"},"headline":"Cumpli\u00f3 diez a\u00f1os el Opera Festival Buenos Aires","datePublished":"2025-08-13T16:03:59+00:00","dateModified":"2025-08-13T16:17:20+00:00","mainEntityOfPage":{"@id":"https:\/\/patagoniarebeldeweb.com.ar\/?p=1759"},"wordCount":1881,"commentCount":0,"publisher":{"@id":"https:\/\/patagoniarebeldeweb.com.ar\/#organization"},"image":{"@id":"https:\/\/patagoniarebeldeweb.com.ar\/?p=1759#primaryimage"},"thumbnailUrl":"https:\/\/patagoniarebeldeweb.com.ar\/wp-content\/uploads\/2025\/08\/GRACIELA-Y-MILLER-scaled.jpg","articleSection":["ABRALAPALABRA","ACTUALIDAD"],"inLanguage":"es-AR","potentialAction":[{"@type":"CommentAction","name":"Comment","target":["https:\/\/patagoniarebeldeweb.com.ar\/?p=1759#respond"]}]},{"@type":"WebPage","@id":"https:\/\/patagoniarebeldeweb.com.ar\/?p=1759","url":"https:\/\/patagoniarebeldeweb.com.ar\/?p=1759","name":"Cumpli\u00f3 diez a\u00f1os el Opera Festival Buenos Aires | Patagonia Rebelde","isPartOf":{"@id":"https:\/\/patagoniarebeldeweb.com.ar\/#website"},"primaryImageOfPage":{"@id":"https:\/\/patagoniarebeldeweb.com.ar\/?p=1759#primaryimage"},"image":{"@id":"https:\/\/patagoniarebeldeweb.com.ar\/?p=1759#primaryimage"},"thumbnailUrl":"https:\/\/patagoniarebeldeweb.com.ar\/wp-content\/uploads\/2025\/08\/GRACIELA-Y-MILLER-scaled.jpg","datePublished":"2025-08-13T16:03:59+00:00","dateModified":"2025-08-13T16:17:20+00:00","breadcrumb":{"@id":"https:\/\/patagoniarebeldeweb.com.ar\/?p=1759#breadcrumb"},"inLanguage":"es-AR","potentialAction":[{"@type":"ReadAction","target":["https:\/\/patagoniarebeldeweb.com.ar\/?p=1759"]}]},{"@type":"ImageObject","inLanguage":"es-AR","@id":"https:\/\/patagoniarebeldeweb.com.ar\/?p=1759#primaryimage","url":"https:\/\/patagoniarebeldeweb.com.ar\/wp-content\/uploads\/2025\/08\/GRACIELA-Y-MILLER-scaled.jpg","contentUrl":"https:\/\/patagoniarebeldeweb.com.ar\/wp-content\/uploads\/2025\/08\/GRACIELA-Y-MILLER-scaled.jpg","width":2560,"height":1920},{"@type":"BreadcrumbList","@id":"https:\/\/patagoniarebeldeweb.com.ar\/?p=1759#breadcrumb","itemListElement":[{"@type":"ListItem","position":1,"name":"Portada","item":"https:\/\/patagoniarebeldeweb.com.ar\/"},{"@type":"ListItem","position":2,"name":"Cumpli\u00f3 diez a\u00f1os el Opera Festival Buenos Aires"}]},{"@type":"WebSite","@id":"https:\/\/patagoniarebeldeweb.com.ar\/#website","url":"https:\/\/patagoniarebeldeweb.com.ar\/","name":"Patagonia Rebelde","description":"Toda la info de General Rodr\u00edguez","publisher":{"@id":"https:\/\/patagoniarebeldeweb.com.ar\/#organization"},"alternateName":"Patagonia Rebelde web","potentialAction":[{"@type":"SearchAction","target":{"@type":"EntryPoint","urlTemplate":"https:\/\/patagoniarebeldeweb.com.ar\/?s={search_term_string}"},"query-input":{"@type":"PropertyValueSpecification","valueRequired":true,"valueName":"search_term_string"}}],"inLanguage":"es-AR"},{"@type":"Organization","@id":"https:\/\/patagoniarebeldeweb.com.ar\/#organization","name":"Patagonia Rebelde","alternateName":"Patagonia Rebelde web","url":"https:\/\/patagoniarebeldeweb.com.ar\/","logo":{"@type":"ImageObject","inLanguage":"es-AR","@id":"https:\/\/patagoniarebeldeweb.com.ar\/#\/schema\/logo\/image\/","url":"https:\/\/patagoniarebeldeweb.com.ar\/wp-content\/uploads\/2024\/11\/logo-si.png","contentUrl":"https:\/\/patagoniarebeldeweb.com.ar\/wp-content\/uploads\/2024\/11\/logo-si.png","width":460,"height":139,"caption":"Patagonia Rebelde"},"image":{"@id":"https:\/\/patagoniarebeldeweb.com.ar\/#\/schema\/logo\/image\/"},"sameAs":["https:\/\/www.facebook.com\/patagoniarebeldeweb\/","https:\/\/www.youtube.com\/@edgardomiller"]},{"@type":"Person","@id":"https:\/\/patagoniarebeldeweb.com.ar\/#\/schema\/person\/e293fd079db65aaa1c67b010d4a45452","name":"admin","image":{"@type":"ImageObject","inLanguage":"es-AR","@id":"https:\/\/secure.gravatar.com\/avatar\/aee4690e6ac4e427fd6efdc77149c35418ee5cc06426f4da7bc3ec412f507eb1?s=96&d=mm&r=g","url":"https:\/\/secure.gravatar.com\/avatar\/aee4690e6ac4e427fd6efdc77149c35418ee5cc06426f4da7bc3ec412f507eb1?s=96&d=mm&r=g","contentUrl":"https:\/\/secure.gravatar.com\/avatar\/aee4690e6ac4e427fd6efdc77149c35418ee5cc06426f4da7bc3ec412f507eb1?s=96&d=mm&r=g","caption":"admin"},"sameAs":["https:\/\/patagoniarebeldeweb.com.ar"],"url":"https:\/\/patagoniarebeldeweb.com.ar\/?author=1"}]}},"featured_image_urls":{"full":["https:\/\/patagoniarebeldeweb.com.ar\/wp-content\/uploads\/2025\/08\/GRACIELA-Y-MILLER-scaled.jpg",2560,1920,false],"thumbnail":["https:\/\/patagoniarebeldeweb.com.ar\/wp-content\/uploads\/2025\/08\/GRACIELA-Y-MILLER-150x150.jpg",150,150,true],"medium":["https:\/\/patagoniarebeldeweb.com.ar\/wp-content\/uploads\/2025\/08\/GRACIELA-Y-MILLER-300x225.jpg",300,225,true],"medium_large":["https:\/\/patagoniarebeldeweb.com.ar\/wp-content\/uploads\/2025\/08\/GRACIELA-Y-MILLER-768x576.jpg",640,480,true],"large":["https:\/\/patagoniarebeldeweb.com.ar\/wp-content\/uploads\/2025\/08\/GRACIELA-Y-MILLER-1024x768.jpg",640,480,true],"1536x1536":["https:\/\/patagoniarebeldeweb.com.ar\/wp-content\/uploads\/2025\/08\/GRACIELA-Y-MILLER-1536x1152.jpg",1536,1152,true],"2048x2048":["https:\/\/patagoniarebeldeweb.com.ar\/wp-content\/uploads\/2025\/08\/GRACIELA-Y-MILLER-2048x1536.jpg",2048,1536,true],"enternews-slider-full":["https:\/\/patagoniarebeldeweb.com.ar\/wp-content\/uploads\/2025\/08\/GRACIELA-Y-MILLER-1280x845.jpg",1280,845,true],"enternews-featured":["https:\/\/patagoniarebeldeweb.com.ar\/wp-content\/uploads\/2025\/08\/GRACIELA-Y-MILLER-1024x768.jpg",1024,768,true],"enternews-medium":["https:\/\/patagoniarebeldeweb.com.ar\/wp-content\/uploads\/2025\/08\/GRACIELA-Y-MILLER-720x475.jpg",720,475,true]},"author_info":{"display_name":"admin","author_link":"https:\/\/patagoniarebeldeweb.com.ar\/?author=1"},"category_info":"<a href=\"https:\/\/patagoniarebeldeweb.com.ar\/?cat=33\" rel=\"category\">ABRALAPALABRA<\/a> <a href=\"https:\/\/patagoniarebeldeweb.com.ar\/?cat=37\" rel=\"category\">ACTUALIDAD<\/a>","tag_info":"ACTUALIDAD","comment_count":"0","_links":{"self":[{"href":"https:\/\/patagoniarebeldeweb.com.ar\/index.php?rest_route=\/wp\/v2\/posts\/1759","targetHints":{"allow":["GET"]}}],"collection":[{"href":"https:\/\/patagoniarebeldeweb.com.ar\/index.php?rest_route=\/wp\/v2\/posts"}],"about":[{"href":"https:\/\/patagoniarebeldeweb.com.ar\/index.php?rest_route=\/wp\/v2\/types\/post"}],"author":[{"embeddable":true,"href":"https:\/\/patagoniarebeldeweb.com.ar\/index.php?rest_route=\/wp\/v2\/users\/1"}],"replies":[{"embeddable":true,"href":"https:\/\/patagoniarebeldeweb.com.ar\/index.php?rest_route=%2Fwp%2Fv2%2Fcomments&post=1759"}],"version-history":[{"count":1,"href":"https:\/\/patagoniarebeldeweb.com.ar\/index.php?rest_route=\/wp\/v2\/posts\/1759\/revisions"}],"predecessor-version":[{"id":1760,"href":"https:\/\/patagoniarebeldeweb.com.ar\/index.php?rest_route=\/wp\/v2\/posts\/1759\/revisions\/1760"}],"wp:featuredmedia":[{"embeddable":true,"href":"https:\/\/patagoniarebeldeweb.com.ar\/index.php?rest_route=\/wp\/v2\/media\/1761"}],"wp:attachment":[{"href":"https:\/\/patagoniarebeldeweb.com.ar\/index.php?rest_route=%2Fwp%2Fv2%2Fmedia&parent=1759"}],"wp:term":[{"taxonomy":"category","embeddable":true,"href":"https:\/\/patagoniarebeldeweb.com.ar\/index.php?rest_route=%2Fwp%2Fv2%2Fcategories&post=1759"},{"taxonomy":"post_tag","embeddable":true,"href":"https:\/\/patagoniarebeldeweb.com.ar\/index.php?rest_route=%2Fwp%2Fv2%2Ftags&post=1759"}],"curies":[{"name":"wp","href":"https:\/\/api.w.org\/{rel}","templated":true}]}}