{"id":1737,"date":"2025-07-28T19:34:05","date_gmt":"2025-07-28T22:34:05","guid":{"rendered":"https:\/\/patagoniarebeldeweb.com.ar\/?p=1737"},"modified":"2025-07-28T19:34:08","modified_gmt":"2025-07-28T22:34:08","slug":"murio-alejandra-locomotora-oliveras-ex-campeona-mundial-de-boxeo-en-cuatro-categorias","status":"publish","type":"post","link":"https:\/\/patagoniarebeldeweb.com.ar\/?p=1737","title":{"rendered":"Muri\u00f3 Alejandra \u201cLocomotora\u201d Oliveras ex campeona mundial de boxeo en cuatro categorias"},"content":{"rendered":"\n<h4 class=\"wp-block-heading\">Ten\u00eda 47 a\u00f1os y estaba internada desde hace 14 d\u00edas tras sufrir un ACV. Sobre el ring gan\u00f3 cuatro t\u00edtulos mundiales en cuatro categor\u00edas diferentes. En los \u00faltimos a\u00f1os, tras alguna que otra incursi\u00f3n en la TV, se dedic\u00f3 a la pol\u00edtica.<\/h4>\n\n\n\n<p><strong>Alejandra Marina Oliveras<\/strong>&nbsp;muri\u00f3&nbsp;<a href=\"https:\/\/www.clarin.com\/deportes\/murio-alejandra-locomotora-oliveras-repercusiones-redes-sociales-muerte-ex-boxeadora-minuto-minuto_0_JQoJjUOSNR.html\" target=\"_blank\" rel=\"noreferrer noopener\">este lunes a los 47 a\u00f1os<\/a>&nbsp;en un hospital de Santa Fe luego de pasar dos semanas internadas como consecuencia de un accidente cerebrovascular isqu\u00e9mico. Conocida como&nbsp;<strong>Locomotora<\/strong>, fue una referencia ineludible y protagonista de algunas de las p\u00e1ginas m\u00e1s importantes del boxeo en la Argentina. Si bien la formose\u00f1a<strong>&nbsp;Marcela Acu\u00f1a<\/strong>, justamente una de las tres rivales que la venci\u00f3, fue la pionera entre la mujeres de estas tierras con guantes. Nada ni nadie le hace sombra a la figura y al legado deportivo de la juje\u00f1a, una luchadora en el ring y de la vida.<\/p>\n\n\n\n<p>Si bien naci\u00f3 el 20 de marzo de 1978 en El Carmen, Oliveras vivi\u00f3 poco en su provincia natal. Cuando ten\u00eda un a\u00f1o, su familia se mud\u00f3 a Alejandro Roca, una localidad en el sur de C\u00f3rdoba que entonces ten\u00eda menos de 4.000 habitantes.&nbsp;<strong>Fue madre adolescente&nbsp;<\/strong>(Alejandro, su hijo mayor, naci\u00f3 cuando ella ten\u00eda apenas 15 a\u00f1os) y&nbsp;<strong>padeci\u00f3 violencia machista&nbsp;<\/strong>de quien entonces era su pareja. Esa situaci\u00f3n la impuls\u00f3 a aprender a defenderse con los pu\u00f1os.<\/p>\n\n\n\n<p><strong>\u201cEn el pueblo no hab\u00eda boxeo. As\u00ed que cuando \u00e9l (su pareja) no estaba, hac\u00eda sentadillas, abdominales en el piso, me entrenaba con mi sombra. Un d\u00eda vino a pegarme, como lo hac\u00eda siempre. Entonces lo esper\u00e9, cerr\u00e9 el pu\u00f1o y le di con toda la fuerza que ten\u00eda. Cay\u00f3 sorprendid\u00edsimo al suelo. Entonces agarr\u00e9 a mi beb\u00e9, una bolsa de nylon, y me fui. No volv\u00ed nunca m\u00e1s\u201d,<\/strong>&nbsp;cont\u00f3 en una entrevista publicada en el sitio&nbsp;<strong>Aires de Santa Fe&nbsp;<\/strong>en 2021.<\/p>\n\n\n\n<p>Tras abandonar la casa que compart\u00eda con su expareja, subsisti\u00f3 vendiendo empanadas y alfajores, haciendo trabajos de jardiner\u00eda y oficiando como locutora en una radio. Hasta que apost\u00f3 por el boxeo, empujada por su admiraci\u00f3n por&nbsp;<strong>Mike Tyson<\/strong>. Apenas un mes despu\u00e9s de ingresar por primera vez a un gimnasio, hizo su primera pelea como aficionada.&nbsp;<strong>Eran tiempos germinales, ya que en el pa\u00eds la disciplina hab\u00eda sido reglamentada para las mujeres reci\u00e9n el 25 de marzo de 2001.<\/strong><\/p>\n\n\n\n<p>Su primer combate profesional fue el 12 de agosto de 2005, cuando derrot\u00f3 por nocaut t\u00e9cnico en el segundo asalto a la rosarina&nbsp;<strong>Mar\u00eda del Carmen Potenza&nbsp;<\/strong>en General Levalle. Apenas nueve meses m\u00e1s tarde y con solo siete contiendas en su curr\u00edculum (seis victorias y un empate), tuvo su primera chance mundialista y no la desperdici\u00f3.<\/p>\n\n\n\n<p>El 20 de mayo de 2006, el boxeo argentino sigui\u00f3 con suma atenci\u00f3n y festej\u00f3 la victoria por nocaut en el primer asalto de&nbsp;<strong>Jorge Rodrigo Barrios<\/strong>&nbsp;sobre el h\u00fangaro&nbsp;<strong>Janos Nagy<\/strong>&nbsp;en Los \u00c1ngeles, que permiti\u00f3 que&nbsp;<strong>La Hiena<\/strong>&nbsp;retuviera por segunda vez su t\u00edtulo superpluma de la Organizaci\u00f3n Mundial de Boxeo (OMB). Casi a la misma hora y a 200 kil\u00f3metros de all\u00ed, en Tijuana, Ol<strong>iveras desafi\u00f3 a la local Jackie Nava, entonces campeona supergallo del Consejo Mundial de Boxeo y considerada una de las mejores libra por libra.<\/strong><\/p>\n\n\n\n<p>Con&nbsp;<strong>una actuaci\u00f3n deslumbrante<\/strong>, pese a haber convivido durante parte del pleito con una triple fractura en su mano derecha, la Locomotora derrib\u00f3 dos veces a su rival en el segundo asalto y la despach\u00f3 definitivamente en el octavo con un zurdazo fulminante que le permiti\u00f3 firmar una victoria que, a\u00fan hoy, es una de las m\u00e1s importantes (sino la m\u00e1s) de una compatriota.<\/p>\n\n\n\n<p>De esta manera,&nbsp;<strong>la juje\u00f1a se convirti\u00f3 en la primera argentina en ganar una corona en el exterior y en la primera en conseguir un t\u00edtulo reconocido por uno de los organismos hist\u00f3ricos de este deporte<\/strong>, ya que las \u00fanicas campeonas hasta entonces, Acu\u00f1a (en las categor\u00edas supergallo y pluma) y la cordobesa Carolina Guti\u00e9rrez (gallo) hab\u00edan obtenido t\u00edtulos de la Women\u2019s International Boxing Association (WIBA).<\/p>\n\n\n\n<p>Despu\u00e9s de tres defensas exitosas (una de ellas, en la revancha ante Nava en C\u00f3rdoba),&nbsp;<strong>Oliveras protagoniz\u00f3 otro hito: enfrent\u00f3 a Acu\u00f1a el 4 de diciembre de 2008&nbsp;<\/strong>en&nbsp;<strong>el Luna Park, que por primera vez se llen\u00f3 para ver un pleito entre dos argentinas&nbsp;<\/strong>como atracci\u00f3n principal. Fue un combate de unificaci\u00f3n, ya que la Tigresa era la campeona supergallo reconocida por la Asociaci\u00f3n Mundial de Boxeo (AMB).<\/p>\n\n\n\n<p>Esa noche,&nbsp;<strong>Oliveras fue derribada en el quinto round y superada durante buena parte de los 10 episodios por la pionera<\/strong>. As\u00ed lo evaluaron los jueces, que le otorgaron la victoria a la formose\u00f1a (95-94, 97-93 y 98-91). \u201cEsta es la primera vez que pierdo y no es f\u00e1cil asimilarlo. Me enfrent\u00e9 con una gran boxeadora\u201d, reconoci\u00f3 la vencida.<\/p>\n\n\n\n<p>Despu\u00e9s de ese primer traspi\u00e9, la Locomotora se desvincul\u00f3 de su entrenador,&nbsp;<strong>Carlos Tello<\/strong>, se mud\u00f3 a Santa Fe y&nbsp;<strong>comenz\u00f3 a trabajar con Am\u00edlcar Brusa, el hombre que hab\u00eda llevado a la gloria a 13 campeones mundiales, entre ellos Carlos Monz\u00f3n<\/strong>. \u201c\u00c9l me ense\u00f1\u00f3 much\u00edsimo y siento que mejor\u00e9 un mont\u00f3n t\u00e9cnicamente, gan\u00e9 todas las peleas que hice y creo que todav\u00eda tengo mucho para darle al boxeo\u201d, cont\u00f3 en noviembre de 2010, cuando esperaba una nueva oportunidad mundialista.<\/p>\n\n\n\n<p>La chance le lleg\u00f3 tres meses despu\u00e9s frente a&nbsp;<strong>M\u00f3nica Acosta<\/strong>, campeona superligero del CMB, en una pelea en la que tambi\u00e9n se puso en juego el cetro vacante de la AMB. Ante 2.500 espectadores en el club Estudiantes de Santa Rosa, la invicta pampeana se impuso por puntos y gracias a una decisi\u00f3n un\u00e1nime que dej\u00f3 muy disconforme a su rival. \u201cCreo que yo fui la que gan\u00f3 porque fui la que siempre busc\u00f3\u201d, se quej\u00f3 la juje\u00f1a, que esa noche pele\u00f3 cuatro categor\u00edas y ocho kilos por encima que cuando hab\u00eda derrotado a Jackie Nava.<\/p>\n\n\n\n<p>Muy pronto Oliveras tuvo una nueva oportunidad, aunque en la categor\u00eda ligero: el 12 de agosto de 2011, bati\u00f3 por nocaut t\u00e9cnico a la colombiana&nbsp;<strong>Liliana Palmera<\/strong>&nbsp;en el club Estudiantes de R\u00edo Cuarto y se apoder\u00f3 de la faja de la AMB, que estaba vacante. \u201cLe peleo a la Tigresa Acu\u00f1a, a \u00c9rica Far\u00edas o a quien sea. Las que quieran este cintur\u00f3n se van a tener que romper el culo para ganarlo\u201d, desafi\u00f3 tras su victoria. \u201cEl pez por la boca muere. Que se prepare, en diciembre le dar\u00e9 la revancha\u201d, le respondi\u00f3 Acu\u00f1a. Pero el esperado desquite nunca se concret\u00f3.<\/p>\n\n\n\n<p><strong>La categor\u00eda ligero no era entonces la ideal para el cuerpo de Oliveras, por lo que decidi\u00f3 bajar a pluma para capturar su tercer t\u00edtulo ecum\u00e9nico.<\/strong>&nbsp;El 5 de enero de 2012,&nbsp;<strong>dos meses despu\u00e9s de la muerte de Am\u00edlcar Brusa<\/strong>, barri\u00f3 a la mexicana&nbsp;<strong>J\u00e9ssica Villafranca<\/strong>, quien no sali\u00f3 a combatir en el quinto round. De esa manera, se adue\u00f1\u00f3 de la faja de la Organizaci\u00f3n Mundial de Boxeo, que estaba vacante, y se convirti\u00f3 en la primera peleadora argentina en conquistar tres coronas mundiales en diferentes pesos (y de tres organismos distintos). Ning\u00fan hombre lo hab\u00eda logrado entonces y ninguno lo logr\u00f3 hasta ahora.<\/p>\n\n\n\n<p>\u201cLo tengo siempre presente a Brusa. Cuando estoy triste, cuando estoy mal y no tengo deseos de ir al gimnasio, siento la voz del maestro que me dice: \u2018And\u00e1 a llorar a los velorios\u2019. Es verdad, escucho la voz de Am\u00edlcar que me reta y me manda a entrenar\u201d, cont\u00f3 la juje\u00f1a, emocionada, despu\u00e9s de su triunfo ante Villafranca.<\/p>\n\n\n\n<p>Tras cinco defensas exitosas de ese t\u00edtulo<strong>, Oliveras salt\u00f3 otra vez a la categor\u00eda superligero para pujar por el cintur\u00f3n que el CMB le hab\u00eda quitado a M\u00f3nica Acosta.<\/strong>&nbsp;En otra labor apabullante, someti\u00f3 en Santo Tom\u00e9 (Santa Fe) a la colombiana Lely Luz Florez durante siete cap\u00edtulos, hasta que el \u00e1rbitro Hern\u00e1n Guajardo detuvo las acciones. Con ese triunfo, cosech\u00f3 su cuarto t\u00edtulo en cuatro categor\u00edas, un r\u00e9cord que solo pudo igualar la pergaminense Anah\u00ed S\u00e1nchez en 2018.<\/p>\n\n\n\n<p>Uno de los desaf\u00edos que la&nbsp;<em>Locomotora&nbsp;<\/em>hab\u00eda lanzado al aire despu\u00e9s de vencer a Liliana Palmera en R\u00edo Cuarto termin\u00f3 concret\u00e1ndose tres a\u00f1os despu\u00e9s y en suelo extranjero. El 15 de noviembre en la Plaza de Toros de Canc\u00fan, la juje\u00f1a, que llevaba 13 meses inactiva por problemas contractuales con su m\u00e1nager, expuso su corona de las 140 libras ante&nbsp;<strong>\u00c9rica Anabella Far\u00edas<\/strong>, quien hab\u00eda sido campeona de peso ligero del CMB y hab\u00eda perdido su t\u00edtulo siete meses antes frente a la belga Delfine Persoon.<\/p>\n\n\n\n<p>La previa fue caliente. \u201cVengo de una guerra para la que no ten\u00eda municiones. Hoy las tengo todas y son para vos, Alejandra\u201d, desafi\u00f3 la Pantera. \u201cTus palabras dan miedo, pero tu cuerpito da l\u00e1stima. El s\u00e1bado, cuando sientas el poder de mis pu\u00f1os, te vas a mear encima del dolor\u201d, replic\u00f3 Oliveras. Far\u00edas la acus\u00f3 de \u201cvendepatria\u201d y \u201cchupacirios\u201d. \u201cTe voy a romper la jeta y no vas a poder hablar m\u00e1s\u201d, amenaz\u00f3 la juje\u00f1a.<\/p>\n\n\n\n<p>A la hora de la acci\u00f3n en la primera pelea mundialista entre argentinas que se desarroll\u00f3 en el exterior, Far\u00edas se impuso por decisi\u00f3n dividida: los jueces mexicanos Porfirio G\u00f3mez Rueda (97-93) y Eliseo Gonz\u00e1lez (97-94) le dieron la victoria a la bonaerense, mientras que el estadounidense Curtis Thrasher (99-92) vio ganar a la juje\u00f1a, quien se baj\u00f3 del cuadril\u00e1tero sumamente frustrada.<\/p>\n\n\n\n<p><strong>Esa fue la \u00faltima contienda grande de Oliveras<\/strong>, quien protagoniz\u00f3 su \u00faltima funci\u00f3n el 8 de abril de 2017, cuando derrot\u00f3 por puntos a la mexicana Lesly Morales en Cutral Co. Se despidi\u00f3 sin anuncios estridentes y con un r\u00e9cord profesional de 33 victorias (16 antes del l\u00edmite), tres derrotas y dos empates.<\/p>\n\n\n\n<p>Despu\u00e9s de su adi\u00f3s a los cuadril\u00e1teros, la excampeona dio charlas motivacionales en distintos puntos del pa\u00eds, protagoniz\u00f3 publicidades audiovisuales y pudo abrir su propio gimnasio en el barrio Alfonso, en el sudoeste de Santa Fe, en enero de 2023. Este a\u00f1o particip\u00f3 en el rodaje de un cap\u00edtulo de la serie&nbsp;<strong>En el barro<\/strong>&nbsp;(un spin-off de El Marginal), que fue dirigida por Sebasti\u00e1n Ortega y se estrenar\u00e1 en&nbsp;<em>Netflix&nbsp;<\/em>el 14 de agosto.<\/p>\n\n\n\n<p>Adem\u00e1s incursion\u00f3 en la pol\u00edtica. En 2021 fue candidata a diputada nacional por el frente santafesino&nbsp;<strong>Unite por la Libertad y la Dignidad<\/strong>, pero no logr\u00f3 acceder a la C\u00e1mara Baja (obtuvo un 3,91% de los votos). El a\u00f1o pasado fue designada en la Direcci\u00f3n Nacional de Seguridad en Eventos Deportivos, dependiente del Ministerio de Seguridad que encabeza Patricia Bullrich. Y en abril pasado fue electa convencional constituyente en representaci\u00f3n del Frente de la Esperanza con el 5.6% de los votos.<\/p>\n\n\n\n<p><strong>Oliveras sufri\u00f3 un accidente cerebrovascular isqu\u00e9mico el lunes a la ma\u00f1ana en su casa de Santo Tom\u00e9<\/strong>, poco antes de iniciar sus funciones como integrante de la Convenci\u00f3n Reformadora de la Constituci\u00f3n de la Provincia de Santa\u202fFe. Por ello fue internada en terapia intensiva en el Hospital Jos\u00e9 Mar\u00eda Cullen de la capital provincial, tras ser derivada desde el establecimiento del Sistema para la Atenci\u00f3n M\u00e9dica de la Comunidad de Santo Tom\u00e9. Este lunes por la tarde se apag\u00f3 su coraz\u00f3n. Y naci\u00f3 una leyenda.<\/p>\n\n\n\n<p>AGP<\/p>\n\n\n\n<p>Editor: EM<\/p>\n\n\n\n<p><\/p>\n","protected":false},"excerpt":{"rendered":"<p>Ten\u00eda 47 a\u00f1os y estaba internada desde hace 14 d\u00edas tras sufrir un ACV. Sobre&#8230;<\/p>\n","protected":false},"author":1,"featured_media":1738,"comment_status":"open","ping_status":"open","sticky":false,"template":"","format":"standard","meta":{"footnotes":""},"categories":[27,36],"tags":[],"class_list":["post-1737","post","type-post","status-publish","format-standard","has-post-thumbnail","hentry","category-deportes","category-recientes"],"yoast_head":"<!-- This site is optimized with the Yoast SEO plugin v27.2 - https:\/\/yoast.com\/product\/yoast-seo-wordpress\/ -->\n<title>Muri\u00f3 Alejandra \u201cLocomotora\u201d Oliveras ex campeona mundial de boxeo en cuatro categorias | Patagonia Rebelde<\/title>\n<meta name=\"robots\" content=\"index, follow, max-snippet:-1, max-image-preview:large, max-video-preview:-1\" \/>\n<link rel=\"canonical\" href=\"https:\/\/patagoniarebeldeweb.com.ar\/?p=1737\" \/>\n<meta property=\"og:locale\" content=\"es_ES\" \/>\n<meta property=\"og:type\" content=\"article\" \/>\n<meta property=\"og:title\" content=\"Muri\u00f3 Alejandra \u201cLocomotora\u201d Oliveras ex campeona mundial de boxeo en cuatro categorias | Patagonia Rebelde\" \/>\n<meta property=\"og:description\" content=\"Ten\u00eda 47 a\u00f1os y estaba internada desde hace 14 d\u00edas tras sufrir un ACV. Sobre...\" \/>\n<meta property=\"og:url\" content=\"https:\/\/patagoniarebeldeweb.com.ar\/?p=1737\" \/>\n<meta property=\"og:site_name\" content=\"Patagonia Rebelde\" \/>\n<meta property=\"article:publisher\" content=\"https:\/\/www.facebook.com\/patagoniarebeldeweb\/\" \/>\n<meta property=\"article:published_time\" content=\"2025-07-28T22:34:05+00:00\" \/>\n<meta property=\"article:modified_time\" content=\"2025-07-28T22:34:08+00:00\" \/>\n<meta property=\"og:image\" content=\"https:\/\/patagoniarebeldeweb.com.ar\/wp-content\/uploads\/2025\/07\/LOCOMOTORA-OLIVERAS.webp\" \/>\n\t<meta property=\"og:image:width\" content=\"375\" \/>\n\t<meta property=\"og:image:height\" content=\"211\" \/>\n\t<meta property=\"og:image:type\" content=\"image\/webp\" \/>\n<meta name=\"author\" content=\"admin\" \/>\n<meta name=\"twitter:card\" content=\"summary_large_image\" \/>\n<meta name=\"twitter:label1\" content=\"Escrito por\" \/>\n\t<meta name=\"twitter:data1\" content=\"admin\" \/>\n\t<meta name=\"twitter:label2\" content=\"Tiempo de lectura\" \/>\n\t<meta name=\"twitter:data2\" content=\"9 minutos\" \/>\n<script type=\"application\/ld+json\" class=\"yoast-schema-graph\">{\"@context\":\"https:\/\/schema.org\",\"@graph\":[{\"@type\":\"Article\",\"@id\":\"https:\/\/patagoniarebeldeweb.com.ar\/?p=1737#article\",\"isPartOf\":{\"@id\":\"https:\/\/patagoniarebeldeweb.com.ar\/?p=1737\"},\"author\":{\"name\":\"admin\",\"@id\":\"https:\/\/patagoniarebeldeweb.com.ar\/#\/schema\/person\/e293fd079db65aaa1c67b010d4a45452\"},\"headline\":\"Muri\u00f3 Alejandra \u201cLocomotora\u201d Oliveras ex campeona mundial de boxeo en cuatro categorias\",\"datePublished\":\"2025-07-28T22:34:05+00:00\",\"dateModified\":\"2025-07-28T22:34:08+00:00\",\"mainEntityOfPage\":{\"@id\":\"https:\/\/patagoniarebeldeweb.com.ar\/?p=1737\"},\"wordCount\":2023,\"commentCount\":0,\"publisher\":{\"@id\":\"https:\/\/patagoniarebeldeweb.com.ar\/#organization\"},\"image\":{\"@id\":\"https:\/\/patagoniarebeldeweb.com.ar\/?p=1737#primaryimage\"},\"thumbnailUrl\":\"https:\/\/patagoniarebeldeweb.com.ar\/wp-content\/uploads\/2025\/07\/LOCOMOTORA-OLIVERAS.webp\",\"articleSection\":[\"DEPORTES\",\"RECIENTES\"],\"inLanguage\":\"es-AR\",\"potentialAction\":[{\"@type\":\"CommentAction\",\"name\":\"Comment\",\"target\":[\"https:\/\/patagoniarebeldeweb.com.ar\/?p=1737#respond\"]}]},{\"@type\":\"WebPage\",\"@id\":\"https:\/\/patagoniarebeldeweb.com.ar\/?p=1737\",\"url\":\"https:\/\/patagoniarebeldeweb.com.ar\/?p=1737\",\"name\":\"Muri\u00f3 Alejandra \u201cLocomotora\u201d Oliveras ex campeona mundial de boxeo en cuatro categorias | Patagonia Rebelde\",\"isPartOf\":{\"@id\":\"https:\/\/patagoniarebeldeweb.com.ar\/#website\"},\"primaryImageOfPage\":{\"@id\":\"https:\/\/patagoniarebeldeweb.com.ar\/?p=1737#primaryimage\"},\"image\":{\"@id\":\"https:\/\/patagoniarebeldeweb.com.ar\/?p=1737#primaryimage\"},\"thumbnailUrl\":\"https:\/\/patagoniarebeldeweb.com.ar\/wp-content\/uploads\/2025\/07\/LOCOMOTORA-OLIVERAS.webp\",\"datePublished\":\"2025-07-28T22:34:05+00:00\",\"dateModified\":\"2025-07-28T22:34:08+00:00\",\"breadcrumb\":{\"@id\":\"https:\/\/patagoniarebeldeweb.com.ar\/?p=1737#breadcrumb\"},\"inLanguage\":\"es-AR\",\"potentialAction\":[{\"@type\":\"ReadAction\",\"target\":[\"https:\/\/patagoniarebeldeweb.com.ar\/?p=1737\"]}]},{\"@type\":\"ImageObject\",\"inLanguage\":\"es-AR\",\"@id\":\"https:\/\/patagoniarebeldeweb.com.ar\/?p=1737#primaryimage\",\"url\":\"https:\/\/patagoniarebeldeweb.com.ar\/wp-content\/uploads\/2025\/07\/LOCOMOTORA-OLIVERAS.webp\",\"contentUrl\":\"https:\/\/patagoniarebeldeweb.com.ar\/wp-content\/uploads\/2025\/07\/LOCOMOTORA-OLIVERAS.webp\",\"width\":375,\"height\":211},{\"@type\":\"BreadcrumbList\",\"@id\":\"https:\/\/patagoniarebeldeweb.com.ar\/?p=1737#breadcrumb\",\"itemListElement\":[{\"@type\":\"ListItem\",\"position\":1,\"name\":\"Portada\",\"item\":\"https:\/\/patagoniarebeldeweb.com.ar\/\"},{\"@type\":\"ListItem\",\"position\":2,\"name\":\"Muri\u00f3 Alejandra \u201cLocomotora\u201d Oliveras ex campeona mundial de boxeo en cuatro categorias\"}]},{\"@type\":\"WebSite\",\"@id\":\"https:\/\/patagoniarebeldeweb.com.ar\/#website\",\"url\":\"https:\/\/patagoniarebeldeweb.com.ar\/\",\"name\":\"Patagonia Rebelde\",\"description\":\"Toda la info de General Rodr\u00edguez\",\"publisher\":{\"@id\":\"https:\/\/patagoniarebeldeweb.com.ar\/#organization\"},\"alternateName\":\"Patagonia Rebelde web\",\"potentialAction\":[{\"@type\":\"SearchAction\",\"target\":{\"@type\":\"EntryPoint\",\"urlTemplate\":\"https:\/\/patagoniarebeldeweb.com.ar\/?s={search_term_string}\"},\"query-input\":{\"@type\":\"PropertyValueSpecification\",\"valueRequired\":true,\"valueName\":\"search_term_string\"}}],\"inLanguage\":\"es-AR\"},{\"@type\":\"Organization\",\"@id\":\"https:\/\/patagoniarebeldeweb.com.ar\/#organization\",\"name\":\"Patagonia Rebelde\",\"alternateName\":\"Patagonia Rebelde web\",\"url\":\"https:\/\/patagoniarebeldeweb.com.ar\/\",\"logo\":{\"@type\":\"ImageObject\",\"inLanguage\":\"es-AR\",\"@id\":\"https:\/\/patagoniarebeldeweb.com.ar\/#\/schema\/logo\/image\/\",\"url\":\"https:\/\/patagoniarebeldeweb.com.ar\/wp-content\/uploads\/2024\/11\/logo-si.png\",\"contentUrl\":\"https:\/\/patagoniarebeldeweb.com.ar\/wp-content\/uploads\/2024\/11\/logo-si.png\",\"width\":460,\"height\":139,\"caption\":\"Patagonia Rebelde\"},\"image\":{\"@id\":\"https:\/\/patagoniarebeldeweb.com.ar\/#\/schema\/logo\/image\/\"},\"sameAs\":[\"https:\/\/www.facebook.com\/patagoniarebeldeweb\/\",\"https:\/\/www.youtube.com\/@edgardomiller\"]},{\"@type\":\"Person\",\"@id\":\"https:\/\/patagoniarebeldeweb.com.ar\/#\/schema\/person\/e293fd079db65aaa1c67b010d4a45452\",\"name\":\"admin\",\"image\":{\"@type\":\"ImageObject\",\"inLanguage\":\"es-AR\",\"@id\":\"https:\/\/secure.gravatar.com\/avatar\/aee4690e6ac4e427fd6efdc77149c35418ee5cc06426f4da7bc3ec412f507eb1?s=96&d=mm&r=g\",\"url\":\"https:\/\/secure.gravatar.com\/avatar\/aee4690e6ac4e427fd6efdc77149c35418ee5cc06426f4da7bc3ec412f507eb1?s=96&d=mm&r=g\",\"contentUrl\":\"https:\/\/secure.gravatar.com\/avatar\/aee4690e6ac4e427fd6efdc77149c35418ee5cc06426f4da7bc3ec412f507eb1?s=96&d=mm&r=g\",\"caption\":\"admin\"},\"sameAs\":[\"https:\/\/patagoniarebeldeweb.com.ar\"],\"url\":\"https:\/\/patagoniarebeldeweb.com.ar\/?author=1\"}]}<\/script>\n<!-- \/ Yoast SEO plugin. -->","yoast_head_json":{"title":"Muri\u00f3 Alejandra \u201cLocomotora\u201d Oliveras ex campeona mundial de boxeo en cuatro categorias | Patagonia Rebelde","robots":{"index":"index","follow":"follow","max-snippet":"max-snippet:-1","max-image-preview":"max-image-preview:large","max-video-preview":"max-video-preview:-1"},"canonical":"https:\/\/patagoniarebeldeweb.com.ar\/?p=1737","og_locale":"es_ES","og_type":"article","og_title":"Muri\u00f3 Alejandra \u201cLocomotora\u201d Oliveras ex campeona mundial de boxeo en cuatro categorias | Patagonia Rebelde","og_description":"Ten\u00eda 47 a\u00f1os y estaba internada desde hace 14 d\u00edas tras sufrir un ACV. Sobre...","og_url":"https:\/\/patagoniarebeldeweb.com.ar\/?p=1737","og_site_name":"Patagonia Rebelde","article_publisher":"https:\/\/www.facebook.com\/patagoniarebeldeweb\/","article_published_time":"2025-07-28T22:34:05+00:00","article_modified_time":"2025-07-28T22:34:08+00:00","og_image":[{"width":375,"height":211,"url":"https:\/\/patagoniarebeldeweb.com.ar\/wp-content\/uploads\/2025\/07\/LOCOMOTORA-OLIVERAS.webp","type":"image\/webp"}],"author":"admin","twitter_card":"summary_large_image","twitter_misc":{"Escrito por":"admin","Tiempo de lectura":"9 minutos"},"schema":{"@context":"https:\/\/schema.org","@graph":[{"@type":"Article","@id":"https:\/\/patagoniarebeldeweb.com.ar\/?p=1737#article","isPartOf":{"@id":"https:\/\/patagoniarebeldeweb.com.ar\/?p=1737"},"author":{"name":"admin","@id":"https:\/\/patagoniarebeldeweb.com.ar\/#\/schema\/person\/e293fd079db65aaa1c67b010d4a45452"},"headline":"Muri\u00f3 Alejandra \u201cLocomotora\u201d Oliveras ex campeona mundial de boxeo en cuatro categorias","datePublished":"2025-07-28T22:34:05+00:00","dateModified":"2025-07-28T22:34:08+00:00","mainEntityOfPage":{"@id":"https:\/\/patagoniarebeldeweb.com.ar\/?p=1737"},"wordCount":2023,"commentCount":0,"publisher":{"@id":"https:\/\/patagoniarebeldeweb.com.ar\/#organization"},"image":{"@id":"https:\/\/patagoniarebeldeweb.com.ar\/?p=1737#primaryimage"},"thumbnailUrl":"https:\/\/patagoniarebeldeweb.com.ar\/wp-content\/uploads\/2025\/07\/LOCOMOTORA-OLIVERAS.webp","articleSection":["DEPORTES","RECIENTES"],"inLanguage":"es-AR","potentialAction":[{"@type":"CommentAction","name":"Comment","target":["https:\/\/patagoniarebeldeweb.com.ar\/?p=1737#respond"]}]},{"@type":"WebPage","@id":"https:\/\/patagoniarebeldeweb.com.ar\/?p=1737","url":"https:\/\/patagoniarebeldeweb.com.ar\/?p=1737","name":"Muri\u00f3 Alejandra \u201cLocomotora\u201d Oliveras ex campeona mundial de boxeo en cuatro categorias | Patagonia Rebelde","isPartOf":{"@id":"https:\/\/patagoniarebeldeweb.com.ar\/#website"},"primaryImageOfPage":{"@id":"https:\/\/patagoniarebeldeweb.com.ar\/?p=1737#primaryimage"},"image":{"@id":"https:\/\/patagoniarebeldeweb.com.ar\/?p=1737#primaryimage"},"thumbnailUrl":"https:\/\/patagoniarebeldeweb.com.ar\/wp-content\/uploads\/2025\/07\/LOCOMOTORA-OLIVERAS.webp","datePublished":"2025-07-28T22:34:05+00:00","dateModified":"2025-07-28T22:34:08+00:00","breadcrumb":{"@id":"https:\/\/patagoniarebeldeweb.com.ar\/?p=1737#breadcrumb"},"inLanguage":"es-AR","potentialAction":[{"@type":"ReadAction","target":["https:\/\/patagoniarebeldeweb.com.ar\/?p=1737"]}]},{"@type":"ImageObject","inLanguage":"es-AR","@id":"https:\/\/patagoniarebeldeweb.com.ar\/?p=1737#primaryimage","url":"https:\/\/patagoniarebeldeweb.com.ar\/wp-content\/uploads\/2025\/07\/LOCOMOTORA-OLIVERAS.webp","contentUrl":"https:\/\/patagoniarebeldeweb.com.ar\/wp-content\/uploads\/2025\/07\/LOCOMOTORA-OLIVERAS.webp","width":375,"height":211},{"@type":"BreadcrumbList","@id":"https:\/\/patagoniarebeldeweb.com.ar\/?p=1737#breadcrumb","itemListElement":[{"@type":"ListItem","position":1,"name":"Portada","item":"https:\/\/patagoniarebeldeweb.com.ar\/"},{"@type":"ListItem","position":2,"name":"Muri\u00f3 Alejandra \u201cLocomotora\u201d Oliveras ex campeona mundial de boxeo en cuatro categorias"}]},{"@type":"WebSite","@id":"https:\/\/patagoniarebeldeweb.com.ar\/#website","url":"https:\/\/patagoniarebeldeweb.com.ar\/","name":"Patagonia Rebelde","description":"Toda la info de General Rodr\u00edguez","publisher":{"@id":"https:\/\/patagoniarebeldeweb.com.ar\/#organization"},"alternateName":"Patagonia Rebelde web","potentialAction":[{"@type":"SearchAction","target":{"@type":"EntryPoint","urlTemplate":"https:\/\/patagoniarebeldeweb.com.ar\/?s={search_term_string}"},"query-input":{"@type":"PropertyValueSpecification","valueRequired":true,"valueName":"search_term_string"}}],"inLanguage":"es-AR"},{"@type":"Organization","@id":"https:\/\/patagoniarebeldeweb.com.ar\/#organization","name":"Patagonia Rebelde","alternateName":"Patagonia Rebelde web","url":"https:\/\/patagoniarebeldeweb.com.ar\/","logo":{"@type":"ImageObject","inLanguage":"es-AR","@id":"https:\/\/patagoniarebeldeweb.com.ar\/#\/schema\/logo\/image\/","url":"https:\/\/patagoniarebeldeweb.com.ar\/wp-content\/uploads\/2024\/11\/logo-si.png","contentUrl":"https:\/\/patagoniarebeldeweb.com.ar\/wp-content\/uploads\/2024\/11\/logo-si.png","width":460,"height":139,"caption":"Patagonia Rebelde"},"image":{"@id":"https:\/\/patagoniarebeldeweb.com.ar\/#\/schema\/logo\/image\/"},"sameAs":["https:\/\/www.facebook.com\/patagoniarebeldeweb\/","https:\/\/www.youtube.com\/@edgardomiller"]},{"@type":"Person","@id":"https:\/\/patagoniarebeldeweb.com.ar\/#\/schema\/person\/e293fd079db65aaa1c67b010d4a45452","name":"admin","image":{"@type":"ImageObject","inLanguage":"es-AR","@id":"https:\/\/secure.gravatar.com\/avatar\/aee4690e6ac4e427fd6efdc77149c35418ee5cc06426f4da7bc3ec412f507eb1?s=96&d=mm&r=g","url":"https:\/\/secure.gravatar.com\/avatar\/aee4690e6ac4e427fd6efdc77149c35418ee5cc06426f4da7bc3ec412f507eb1?s=96&d=mm&r=g","contentUrl":"https:\/\/secure.gravatar.com\/avatar\/aee4690e6ac4e427fd6efdc77149c35418ee5cc06426f4da7bc3ec412f507eb1?s=96&d=mm&r=g","caption":"admin"},"sameAs":["https:\/\/patagoniarebeldeweb.com.ar"],"url":"https:\/\/patagoniarebeldeweb.com.ar\/?author=1"}]}},"featured_image_urls":{"full":["https:\/\/patagoniarebeldeweb.com.ar\/wp-content\/uploads\/2025\/07\/LOCOMOTORA-OLIVERAS.webp",375,211,false],"thumbnail":["https:\/\/patagoniarebeldeweb.com.ar\/wp-content\/uploads\/2025\/07\/LOCOMOTORA-OLIVERAS-150x150.webp",150,150,true],"medium":["https:\/\/patagoniarebeldeweb.com.ar\/wp-content\/uploads\/2025\/07\/LOCOMOTORA-OLIVERAS-300x169.webp",300,169,true],"medium_large":["https:\/\/patagoniarebeldeweb.com.ar\/wp-content\/uploads\/2025\/07\/LOCOMOTORA-OLIVERAS.webp",375,211,false],"large":["https:\/\/patagoniarebeldeweb.com.ar\/wp-content\/uploads\/2025\/07\/LOCOMOTORA-OLIVERAS.webp",375,211,false],"1536x1536":["https:\/\/patagoniarebeldeweb.com.ar\/wp-content\/uploads\/2025\/07\/LOCOMOTORA-OLIVERAS.webp",375,211,false],"2048x2048":["https:\/\/patagoniarebeldeweb.com.ar\/wp-content\/uploads\/2025\/07\/LOCOMOTORA-OLIVERAS.webp",375,211,false],"enternews-slider-full":["https:\/\/patagoniarebeldeweb.com.ar\/wp-content\/uploads\/2025\/07\/LOCOMOTORA-OLIVERAS.webp",375,211,false],"enternews-featured":["https:\/\/patagoniarebeldeweb.com.ar\/wp-content\/uploads\/2025\/07\/LOCOMOTORA-OLIVERAS.webp",375,211,false],"enternews-medium":["https:\/\/patagoniarebeldeweb.com.ar\/wp-content\/uploads\/2025\/07\/LOCOMOTORA-OLIVERAS.webp",375,211,false]},"author_info":{"display_name":"admin","author_link":"https:\/\/patagoniarebeldeweb.com.ar\/?author=1"},"category_info":"<a href=\"https:\/\/patagoniarebeldeweb.com.ar\/?cat=27\" rel=\"category\">DEPORTES<\/a> <a href=\"https:\/\/patagoniarebeldeweb.com.ar\/?cat=36\" rel=\"category\">RECIENTES<\/a>","tag_info":"RECIENTES","comment_count":"0","_links":{"self":[{"href":"https:\/\/patagoniarebeldeweb.com.ar\/index.php?rest_route=\/wp\/v2\/posts\/1737","targetHints":{"allow":["GET"]}}],"collection":[{"href":"https:\/\/patagoniarebeldeweb.com.ar\/index.php?rest_route=\/wp\/v2\/posts"}],"about":[{"href":"https:\/\/patagoniarebeldeweb.com.ar\/index.php?rest_route=\/wp\/v2\/types\/post"}],"author":[{"embeddable":true,"href":"https:\/\/patagoniarebeldeweb.com.ar\/index.php?rest_route=\/wp\/v2\/users\/1"}],"replies":[{"embeddable":true,"href":"https:\/\/patagoniarebeldeweb.com.ar\/index.php?rest_route=%2Fwp%2Fv2%2Fcomments&post=1737"}],"version-history":[{"count":1,"href":"https:\/\/patagoniarebeldeweb.com.ar\/index.php?rest_route=\/wp\/v2\/posts\/1737\/revisions"}],"predecessor-version":[{"id":1739,"href":"https:\/\/patagoniarebeldeweb.com.ar\/index.php?rest_route=\/wp\/v2\/posts\/1737\/revisions\/1739"}],"wp:featuredmedia":[{"embeddable":true,"href":"https:\/\/patagoniarebeldeweb.com.ar\/index.php?rest_route=\/wp\/v2\/media\/1738"}],"wp:attachment":[{"href":"https:\/\/patagoniarebeldeweb.com.ar\/index.php?rest_route=%2Fwp%2Fv2%2Fmedia&parent=1737"}],"wp:term":[{"taxonomy":"category","embeddable":true,"href":"https:\/\/patagoniarebeldeweb.com.ar\/index.php?rest_route=%2Fwp%2Fv2%2Fcategories&post=1737"},{"taxonomy":"post_tag","embeddable":true,"href":"https:\/\/patagoniarebeldeweb.com.ar\/index.php?rest_route=%2Fwp%2Fv2%2Ftags&post=1737"}],"curies":[{"name":"wp","href":"https:\/\/api.w.org\/{rel}","templated":true}]}}