{"id":1725,"date":"2025-07-27T06:46:37","date_gmt":"2025-07-27T09:46:37","guid":{"rendered":"https:\/\/patagoniarebeldeweb.com.ar\/?p=1725"},"modified":"2025-07-27T06:46:40","modified_gmt":"2025-07-27T09:46:40","slug":"pequenos-soles-en-la-tierra-es-un-libro-del-fotografo-pablo-cabado-que-investigo-el-proyecto-huemul-y-visito-la-isla","status":"publish","type":"post","link":"https:\/\/patagoniarebeldeweb.com.ar\/?p=1725","title":{"rendered":"&#8220;Peque\u00f1os soles en la tierra&#8221; es un libro del fot\u00f3grafo Pablo Cabado, que investig\u00f3 el Proyecto Huemul y visit\u00f3 la isla"},"content":{"rendered":"\n<h4 class=\"wp-block-heading\">El Proyecto\u00a0es una de las tantas \u00e1reas en disputa de la historia argentina, vinculada a la busqueda de energ\u00eda durante el peronismo por medio de la fusi\u00f3n at\u00f3mica, en un laboratorio instalado en medio del lago Nahuel Huapi. El libro gan\u00f3 un premio de dise\u00f1o en Holanda, y se acaba de publicar localmente.<\/h4>\n\n\n\n<p>Isla Huemul desde la costa&nbsp;(Foto: Pablo Cabado)<\/p>\n\n\n\n<p>Todo empez\u00f3 con un art\u00edculo sobre el proyecto Huemul y el f\u00edsico austr\u00edaco Ronald Richter, que el fot\u00f3grafo Pablo Cabado ley\u00f3 en un diario. La historia, que no conoc\u00eda m\u00e1s que vagamente, lo decidi\u00f3 a investigar y lo enloqueci\u00f3 de entusiasmo, porque ten\u00eda mucho de aventura, de contradicciones, de la densidad del siglo XX. Se tom\u00f3 un micro a Bariloche por puro instinto y se qued\u00f3 en un hostel de Playa Bonita, que queda justo frente a la isla Huemul. Era fines de 2018. \u201cBaj\u00e9 una tarde de tormenta, era un paisaje majestuoso, y la vi por primera vez. Est\u00e1 a dos kil\u00f3metros de la playa, pero no ten\u00eda idea de c\u00f3mo se pod\u00eda llegar. El encargado del hostel me dijo que la gente iba en kayak, pero no me sedujo, porque ten\u00eda todo mi equipo encima. En ese hostel conoc\u00ed a unos chicos tucumanos que estaban viajando, les cont\u00e9 la historia, les interes\u00f3 y entre los tres le pagamos a un tipo con un bote, que nos cruz\u00f3\u201d, cuenta Cabado.<\/p>\n\n\n\n<p>El peque\u00f1o grupo se intern\u00f3 en Huemul. La isla est\u00e1 abandonada y deshabitada. La naturaleza ocup\u00f3 las pocas estructuras que quedaban. Los impresion\u00f3 el clima de misterio y pasado latente. Cabado se hizo amigo de un velerista profesional que cruz\u00f3 con su nave el Atl\u00e1ntico, y ahora trabaja en el Nahuel Huapi: \u00e9l lo cruzaba con las c\u00e1maras y se pasaba el d\u00eda en la isla, fotografiando. Cree que debe haberlo hecho unas veinte veces. El resultado de la investigaci\u00f3n y las peregrinaciones es&nbsp;<em>Peque\u00f1os soles en la Tierra<\/em>, un elegante libro de fotograf\u00eda que fue publicado primero en Holanda \u2013donde gan\u00f3 un importante premio de dise\u00f1o\u2013 y ahora se acaba de publicar en Argentina, en una edici\u00f3n pulida y con un extenso y apasionante texto del historiador Diego Castelfranco. La edici\u00f3n local viene en un<em>&nbsp;sleeve case&nbsp;<\/em>con una serigraf\u00eda, los libros fueron cosidos en un taller de Avellaneda con m\u00e1quinas de los a\u00f1os \u201840, un proceso que refiere y homenajea una \u00e9poca.<\/p>\n\n\n\n<p><strong>FOTOGRAF\u00cdA FORENSE<\/strong><\/p>\n\n\n\n<p>El Proyecto Huemul es una de las tantas \u00e1reas en disputa de la historia argentina, y rodeada de un silencio denso. En 1949, Juan Domingo Per\u00f3n contrat\u00f3 al cient\u00edfico austr\u00edaco Ronald Richter para un proyecto de desarrollo de energ\u00eda por medio de la fusi\u00f3n at\u00f3mica. Se lo present\u00f3 Kurt Tank, el ingeniero alem\u00e1n que desarroll\u00f3 el avi\u00f3n argentino Pulqui. Seg\u00fan explica Castelfranco, \u201csu propuesta estuvo enfocada en se\u00f1alar las virtudes de una estrategia, que present\u00f3 como mucho m\u00e1s barata, mucho m\u00e1s simple y sencillamente extraordinaria. En ese momento Richter introdujo la idea de construir un peque\u00f1o sol, que \u00e9l podr\u00eda manipular seg\u00fan su voluntad. A partir del trabajo que hab\u00eda hecho durante la d\u00e9cada anterior, asegur\u00f3 que pod\u00eda generar y controlar reacciones de fusi\u00f3n en cadena capaces de proveer energ\u00eda virtualmente ilimitada, con un costo irrisorio\u201d. El t\u00edtulo del libro es la expresi\u00f3n que us\u00f3 Richter para explicarle a Per\u00f3n su proyecto: lo que estaba tratando de emular en su laboratorio era la manera en que las estrellas producen la energ\u00eda, por eso los peque\u00f1os soles. De lograrlo, la Argentina no s\u00f3lo ser\u00eda pionera, sino que tendr\u00eda energ\u00eda muy barata para desarrollarse.<\/p>\n\n\n\n<p>El texto de Castelfranco sigue el derrotero de la construcci\u00f3n del laboratorio y el reactor en la isla, las constantes inspecciones, las pruebas \u2013incluso aquella que Richter consider\u00f3 como un resultado positivo\u2013, la paranoia del f\u00edsico y sus caprichos, el sost\u00e9n de Per\u00f3n hasta que result\u00f3 inviable, las sospechas y esc\u00e1ndalos, y el final del proyecto con Richter desalojado, quien termin\u00f3 su vida en Monte Grande. Para muchos, Richter enga\u00f1\u00f3 a Per\u00f3n, o bien estaba un poco loco, o hubo otro tipo de intereses. Y no hay que olvidar que Richter estaba afiliado al partido nazi, aunque no tuvo nunca una posici\u00f3n militar o de poder. Castelfranco es riguroso y comparte la mirada cr\u00edtica hacia Richter. Cabado es menos severo. \u00c9l entrevist\u00f3, entre otros, al f\u00edsico at\u00f3mico argentino Mario Mariscotti, autor del libro&nbsp;<em>El secreto de Huemul<\/em>. \u201cFui a su casa y me mostr\u00f3 una mesa repleta de cajas. Era su archivo sobre Huemul, que me permiti\u00f3 usar, escanear y consultar\u201d.<\/p>\n\n\n\n<p>Mariscotti, dice, destruye a Richter, \u201ccon mucho m\u00e1s autoridad que yo, pero igual tengo una mirada distinta sobre lo que pas\u00f3 con los experimentos. El proyecto dur\u00f3 muy poco tiempo, desde que llega Richter hasta que se cancela, del \u201848 al \u201852, son cuatro a\u00f1os: yo en ese tiempo ni pude terminar mi casa. Con lo compleja que es la ejecuci\u00f3n, con el traslado desde Buenos Aires y por el lago de todas las cosas, claro que demand\u00f3 mucho tiempo construir. Paul J\u00fcrgen Hahn, un f\u00edsico at\u00f3mico alem\u00e1n, sostiene que los experimentos que realiz\u00f3 Richter en la isla Huemul fueron adelantados a su \u00e9poca. Yo lo llam\u00e9, habl\u00e9 con \u00e9l, tiene el mismo rango que Mariscotti, y lo defiende a capa y espada\u201d.<\/p>\n\n\n\n<p>Por supuesto, el proyecto implic\u00f3 una locura de gasto, un presupuesto enorme, que nadie puede ignorar, y que podr\u00eda considerarse dinero del Estado malgastado. Pero Cabado cree que esta lectura es demasiado simplista. \u201cNo se puede hacer la lectura f\u00e1cil de que era un chanta, y el proyecto un fraude, corrupci\u00f3n o ingenuidad de Per\u00f3n. La idea de desarrollar energ\u00eda barata nuclear al mismo tiempo que lo intentaban Estados Unidos y la Uni\u00f3n Sovi\u00e9tica habla de la ambici\u00f3n y el proyecto de pa\u00eds de Per\u00f3n. Ningunearlo porque \u2018ac\u00e1 no se puede hacer nada\u2019 o por creernos poca cosa me parece una equivocaci\u00f3n\u201d. En el libro, el texto principal es de Castelfranco, pero Cabado escribi\u00f3 una columna en la que se permite poner en duda ciertas certezas hist\u00f3ricas.<\/p>\n\n\n\n<p>La isla hoy parece inmutable respecto de este pasado conflictivo. Cuando Richter fue desalojado, entr\u00f3 el ej\u00e9rcito a hacer pr\u00e1cticas, de modo que muchas construcciones est\u00e1n destru\u00eddas y baleadas, incluyendo la casa de Richter, que viv\u00eda ah\u00ed con su familia. Los laboratorios est\u00e1n derrumbados. Del enorme reactor que Richter mand\u00f3 hacer dos veces quedan ladrillos y clavos de hormig\u00f3n. La planta nuclear fue desmantelada y los equipos hicieron nacer a la Comisi\u00f3n Nacional de Energ\u00eda At\u00f3mica y el Instituto Balseiro. La foto de un eclipse sobre la isla parece una imagen fuera del Tiempo, una naturaleza limpia y antigua tan cerca de Bariloche. Cabado nunca se qued\u00f3 a dormir en la isla, pero hay mucha im\u00e1genes tomadas al atardecer. Un colega le dijo que las im\u00e1genes tienen mucho de fotograf\u00eda forense y es verdad: es una mirada sobre el lugar de los hechos, distante y maravillada, pero que no interviene.<\/p>\n\n\n\n<p><strong>LA LOCURA DEL SIGLO XX<\/strong><\/p>\n\n\n\n<p>En 2020, Pablo Cabado public\u00f3 otra investigaci\u00f3n y proyecto fotogr\u00e1fico que tiene cierta similitud con&nbsp;<em>Peque\u00f1os soles en la tierra<\/em>: el hermoso libro&nbsp;<em>Psyche<\/em>&nbsp;es su incursi\u00f3n en el pabell\u00f3n-museo del hospital Moyano donde trabaj\u00f3 Christofried Jakob, inmigrante alem\u00e1n y figura clave en la neurobiolog\u00eda argentina. Accedi\u00f3 al lugar, que es muy poco conocido, gracias a su amigo Gast\u00f3n Solnicki, relacionado con el entonces director del lugar. El Museo Jakob, que no puede visitarse, conserva ejemplares de cerebros humanos y animales. No s\u00f3lo hay cerebros, sino tambi\u00e9n cabezas enteras, todas en formol y en cristal, algunas de macabra y pl\u00e1cida belleza. Jakob era un hombre de su \u00e9poca que trabajaba con los cuerpos que le consegu\u00edan, pero es un m\u00e9dico estudiado y reconocido, m\u00e1s all\u00e1 del olvido en el que est\u00e1 sumida su figura. Ni merece ni tiene el escarnio destinado a Richter, jam\u00e1s hizo algo tan caro y controversial. Sin embargo, m\u00e1s all\u00e1 de que eran germanos e investigadores pioneros en sus disciplinas, algo m\u00e1s los une.<\/p>\n\n\n\n<p>\u201cTiene que ver con la locura del siglo XX\u201d, dice sin dudar Cabado. \u201cYo me siento del siglo XX en todos los sentidos. No es que ahora no exista el descubrimiento, pero es diferente. Yo creo que casi no existe. La calle ya no es sexy para fotografiar, est\u00e1 lleno de c\u00e1maras, de tel\u00e9fonos&#8230; por supuesto es m\u00e1s profundo que eso, pero hasta en la superficie no queda misterio, no hay tantas buenas historias. Estos personajes complicados dejaban la vida y sus trayectorias eran peque\u00f1as \u00e9picas desordenadas, el esp\u00edritu de \u00e9poca era \u00e9pico. Mucho de lo que hac\u00edan puede ser cuestionable con la mirada de hoy, pero a mi me fascina que iban atr\u00e1s de una idea, en bolas, a ciegas, no eran billonarios, eran como exploradores en la selva con gran pasi\u00f3n por el conocimiento. No eran CEOS\u201d.<\/p>\n\n\n\n<p>La validaci\u00f3n de los experimentos de Richter que se hac\u00edan en el laboratorio se ejecutaban con el uso de la fotograf\u00eda. El espect\u00f3metro ten\u00eda una placa fotogr\u00e1fica. Cuando se hizo la conferencia donde Richter anunci\u00f3 el resultado positivo de la fusi\u00f3n nuclear, se mostr\u00f3 el logro en una foto. Ese archivo de im\u00e1genes no existe m\u00e1s, se perdi\u00f3: eran las pruebas de los experimentos. Cabado quiere continuar con el trabajo sobre Huemul y Richter tomando este archivo perdido. \u201cEllos sostienen que se hab\u00edan logrado resultados positivos con una placa fotogr\u00e1fica. Entonces el proyecto consiste en recrear im\u00e1genes fotogr\u00e1ficas utilizando pel\u00edcula de 4 x 5, el mismo material que se us\u00f3 en la isla. A trav\u00e9s de un ejercicio conceptual y est\u00e9tico, las im\u00e1genes ser\u00edan una reinterpretaci\u00f3n abstracta de lo que podr\u00eda haber registrado aqu\u00e9l espect\u00f3metro de Richter durante los experimentos. Quiero construir una narrativa visual a partir de lo perdido, y reflexionar sobre la naturaleza fragmentada de la memoria hist\u00f3rica\u201d.<\/p>\n\n\n\n<p>Cuando a Pablo Cabado le dijeron que estas fotos parecen forenses, quiz\u00e1 tambi\u00e9n se refer\u00edan a una segunda mirada: la de la propia isla. Oscura y dormida, es la testigo muda de experimentos, inspecciones, soledades en el conf\u00edn, conspiraciones: escenario de la historia argentina, de su poder\u00edo simb\u00f3lico y narrativo, de sus enormes expectativas y sus insondables frustraciones.&nbsp;<\/p>\n\n\n\n<p>Por Mariana Enriquez \/P12<\/p>\n\n\n\n<p>Editor: EM<\/p>\n","protected":false},"excerpt":{"rendered":"<p>El Proyecto\u00a0es una de las tantas \u00e1reas en disputa de la historia argentina, vinculada a&#8230;<\/p>\n","protected":false},"author":1,"featured_media":1726,"comment_status":"open","ping_status":"open","sticky":false,"template":"","format":"standard","meta":{"footnotes":""},"categories":[33],"tags":[],"class_list":["post-1725","post","type-post","status-publish","format-standard","has-post-thumbnail","hentry","category-abralapalabra"],"yoast_head":"<!-- This site is optimized with the Yoast SEO plugin v27.2 - https:\/\/yoast.com\/product\/yoast-seo-wordpress\/ -->\n<title>&quot;Peque\u00f1os soles en la tierra&quot; es un libro del fot\u00f3grafo Pablo Cabado, que investig\u00f3 el Proyecto Huemul y visit\u00f3 la isla | Patagonia Rebelde<\/title>\n<meta name=\"robots\" content=\"index, follow, max-snippet:-1, max-image-preview:large, max-video-preview:-1\" \/>\n<link rel=\"canonical\" href=\"https:\/\/patagoniarebeldeweb.com.ar\/?p=1725\" \/>\n<meta property=\"og:locale\" content=\"es_ES\" \/>\n<meta property=\"og:type\" content=\"article\" \/>\n<meta property=\"og:title\" content=\"&quot;Peque\u00f1os soles en la tierra&quot; es un libro del fot\u00f3grafo Pablo Cabado, que investig\u00f3 el Proyecto Huemul y visit\u00f3 la isla | Patagonia Rebelde\" \/>\n<meta property=\"og:description\" content=\"El Proyecto\u00a0es una de las tantas \u00e1reas en disputa de la historia argentina, vinculada a...\" \/>\n<meta property=\"og:url\" content=\"https:\/\/patagoniarebeldeweb.com.ar\/?p=1725\" \/>\n<meta property=\"og:site_name\" content=\"Patagonia Rebelde\" \/>\n<meta property=\"article:publisher\" content=\"https:\/\/www.facebook.com\/patagoniarebeldeweb\/\" \/>\n<meta property=\"article:published_time\" content=\"2025-07-27T09:46:37+00:00\" \/>\n<meta property=\"article:modified_time\" content=\"2025-07-27T09:46:40+00:00\" \/>\n<meta property=\"og:image\" content=\"https:\/\/patagoniarebeldeweb.com.ar\/wp-content\/uploads\/2025\/07\/ISLA-HUEMUL.jpg\" \/>\n\t<meta property=\"og:image:width\" content=\"755\" \/>\n\t<meta property=\"og:image:height\" content=\"1010\" \/>\n\t<meta property=\"og:image:type\" content=\"image\/jpeg\" \/>\n<meta name=\"author\" content=\"admin\" \/>\n<meta name=\"twitter:card\" content=\"summary_large_image\" \/>\n<meta name=\"twitter:label1\" content=\"Escrito por\" \/>\n\t<meta name=\"twitter:data1\" content=\"admin\" \/>\n\t<meta name=\"twitter:label2\" content=\"Tiempo de lectura\" \/>\n\t<meta name=\"twitter:data2\" content=\"8 minutos\" \/>\n<script type=\"application\/ld+json\" class=\"yoast-schema-graph\">{\"@context\":\"https:\/\/schema.org\",\"@graph\":[{\"@type\":\"Article\",\"@id\":\"https:\/\/patagoniarebeldeweb.com.ar\/?p=1725#article\",\"isPartOf\":{\"@id\":\"https:\/\/patagoniarebeldeweb.com.ar\/?p=1725\"},\"author\":{\"name\":\"admin\",\"@id\":\"https:\/\/patagoniarebeldeweb.com.ar\/#\/schema\/person\/e293fd079db65aaa1c67b010d4a45452\"},\"headline\":\"&#8220;Peque\u00f1os soles en la tierra&#8221; es un libro del fot\u00f3grafo Pablo Cabado, que investig\u00f3 el Proyecto Huemul y visit\u00f3 la isla\",\"datePublished\":\"2025-07-27T09:46:37+00:00\",\"dateModified\":\"2025-07-27T09:46:40+00:00\",\"mainEntityOfPage\":{\"@id\":\"https:\/\/patagoniarebeldeweb.com.ar\/?p=1725\"},\"wordCount\":1866,\"commentCount\":0,\"publisher\":{\"@id\":\"https:\/\/patagoniarebeldeweb.com.ar\/#organization\"},\"image\":{\"@id\":\"https:\/\/patagoniarebeldeweb.com.ar\/?p=1725#primaryimage\"},\"thumbnailUrl\":\"https:\/\/patagoniarebeldeweb.com.ar\/wp-content\/uploads\/2025\/07\/ISLA-HUEMUL.jpg\",\"articleSection\":[\"ABRALAPALABRA\"],\"inLanguage\":\"es-AR\",\"potentialAction\":[{\"@type\":\"CommentAction\",\"name\":\"Comment\",\"target\":[\"https:\/\/patagoniarebeldeweb.com.ar\/?p=1725#respond\"]}]},{\"@type\":\"WebPage\",\"@id\":\"https:\/\/patagoniarebeldeweb.com.ar\/?p=1725\",\"url\":\"https:\/\/patagoniarebeldeweb.com.ar\/?p=1725\",\"name\":\"\\\"Peque\u00f1os soles en la tierra\\\" es un libro del fot\u00f3grafo Pablo Cabado, que investig\u00f3 el Proyecto Huemul y visit\u00f3 la isla | Patagonia Rebelde\",\"isPartOf\":{\"@id\":\"https:\/\/patagoniarebeldeweb.com.ar\/#website\"},\"primaryImageOfPage\":{\"@id\":\"https:\/\/patagoniarebeldeweb.com.ar\/?p=1725#primaryimage\"},\"image\":{\"@id\":\"https:\/\/patagoniarebeldeweb.com.ar\/?p=1725#primaryimage\"},\"thumbnailUrl\":\"https:\/\/patagoniarebeldeweb.com.ar\/wp-content\/uploads\/2025\/07\/ISLA-HUEMUL.jpg\",\"datePublished\":\"2025-07-27T09:46:37+00:00\",\"dateModified\":\"2025-07-27T09:46:40+00:00\",\"breadcrumb\":{\"@id\":\"https:\/\/patagoniarebeldeweb.com.ar\/?p=1725#breadcrumb\"},\"inLanguage\":\"es-AR\",\"potentialAction\":[{\"@type\":\"ReadAction\",\"target\":[\"https:\/\/patagoniarebeldeweb.com.ar\/?p=1725\"]}]},{\"@type\":\"ImageObject\",\"inLanguage\":\"es-AR\",\"@id\":\"https:\/\/patagoniarebeldeweb.com.ar\/?p=1725#primaryimage\",\"url\":\"https:\/\/patagoniarebeldeweb.com.ar\/wp-content\/uploads\/2025\/07\/ISLA-HUEMUL.jpg\",\"contentUrl\":\"https:\/\/patagoniarebeldeweb.com.ar\/wp-content\/uploads\/2025\/07\/ISLA-HUEMUL.jpg\",\"width\":755,\"height\":1010},{\"@type\":\"BreadcrumbList\",\"@id\":\"https:\/\/patagoniarebeldeweb.com.ar\/?p=1725#breadcrumb\",\"itemListElement\":[{\"@type\":\"ListItem\",\"position\":1,\"name\":\"Portada\",\"item\":\"https:\/\/patagoniarebeldeweb.com.ar\/\"},{\"@type\":\"ListItem\",\"position\":2,\"name\":\"&#8220;Peque\u00f1os soles en la tierra&#8221; es un libro del fot\u00f3grafo Pablo Cabado, que investig\u00f3 el Proyecto Huemul y visit\u00f3 la isla\"}]},{\"@type\":\"WebSite\",\"@id\":\"https:\/\/patagoniarebeldeweb.com.ar\/#website\",\"url\":\"https:\/\/patagoniarebeldeweb.com.ar\/\",\"name\":\"Patagonia Rebelde\",\"description\":\"Toda la info de General Rodr\u00edguez\",\"publisher\":{\"@id\":\"https:\/\/patagoniarebeldeweb.com.ar\/#organization\"},\"alternateName\":\"Patagonia Rebelde web\",\"potentialAction\":[{\"@type\":\"SearchAction\",\"target\":{\"@type\":\"EntryPoint\",\"urlTemplate\":\"https:\/\/patagoniarebeldeweb.com.ar\/?s={search_term_string}\"},\"query-input\":{\"@type\":\"PropertyValueSpecification\",\"valueRequired\":true,\"valueName\":\"search_term_string\"}}],\"inLanguage\":\"es-AR\"},{\"@type\":\"Organization\",\"@id\":\"https:\/\/patagoniarebeldeweb.com.ar\/#organization\",\"name\":\"Patagonia Rebelde\",\"alternateName\":\"Patagonia Rebelde web\",\"url\":\"https:\/\/patagoniarebeldeweb.com.ar\/\",\"logo\":{\"@type\":\"ImageObject\",\"inLanguage\":\"es-AR\",\"@id\":\"https:\/\/patagoniarebeldeweb.com.ar\/#\/schema\/logo\/image\/\",\"url\":\"https:\/\/patagoniarebeldeweb.com.ar\/wp-content\/uploads\/2024\/11\/logo-si.png\",\"contentUrl\":\"https:\/\/patagoniarebeldeweb.com.ar\/wp-content\/uploads\/2024\/11\/logo-si.png\",\"width\":460,\"height\":139,\"caption\":\"Patagonia Rebelde\"},\"image\":{\"@id\":\"https:\/\/patagoniarebeldeweb.com.ar\/#\/schema\/logo\/image\/\"},\"sameAs\":[\"https:\/\/www.facebook.com\/patagoniarebeldeweb\/\",\"https:\/\/www.youtube.com\/@edgardomiller\"]},{\"@type\":\"Person\",\"@id\":\"https:\/\/patagoniarebeldeweb.com.ar\/#\/schema\/person\/e293fd079db65aaa1c67b010d4a45452\",\"name\":\"admin\",\"image\":{\"@type\":\"ImageObject\",\"inLanguage\":\"es-AR\",\"@id\":\"https:\/\/secure.gravatar.com\/avatar\/aee4690e6ac4e427fd6efdc77149c35418ee5cc06426f4da7bc3ec412f507eb1?s=96&d=mm&r=g\",\"url\":\"https:\/\/secure.gravatar.com\/avatar\/aee4690e6ac4e427fd6efdc77149c35418ee5cc06426f4da7bc3ec412f507eb1?s=96&d=mm&r=g\",\"contentUrl\":\"https:\/\/secure.gravatar.com\/avatar\/aee4690e6ac4e427fd6efdc77149c35418ee5cc06426f4da7bc3ec412f507eb1?s=96&d=mm&r=g\",\"caption\":\"admin\"},\"sameAs\":[\"https:\/\/patagoniarebeldeweb.com.ar\"],\"url\":\"https:\/\/patagoniarebeldeweb.com.ar\/?author=1\"}]}<\/script>\n<!-- \/ Yoast SEO plugin. -->","yoast_head_json":{"title":"\"Peque\u00f1os soles en la tierra\" es un libro del fot\u00f3grafo Pablo Cabado, que investig\u00f3 el Proyecto Huemul y visit\u00f3 la isla | Patagonia Rebelde","robots":{"index":"index","follow":"follow","max-snippet":"max-snippet:-1","max-image-preview":"max-image-preview:large","max-video-preview":"max-video-preview:-1"},"canonical":"https:\/\/patagoniarebeldeweb.com.ar\/?p=1725","og_locale":"es_ES","og_type":"article","og_title":"\"Peque\u00f1os soles en la tierra\" es un libro del fot\u00f3grafo Pablo Cabado, que investig\u00f3 el Proyecto Huemul y visit\u00f3 la isla | Patagonia Rebelde","og_description":"El Proyecto\u00a0es una de las tantas \u00e1reas en disputa de la historia argentina, vinculada a...","og_url":"https:\/\/patagoniarebeldeweb.com.ar\/?p=1725","og_site_name":"Patagonia Rebelde","article_publisher":"https:\/\/www.facebook.com\/patagoniarebeldeweb\/","article_published_time":"2025-07-27T09:46:37+00:00","article_modified_time":"2025-07-27T09:46:40+00:00","og_image":[{"width":755,"height":1010,"url":"https:\/\/patagoniarebeldeweb.com.ar\/wp-content\/uploads\/2025\/07\/ISLA-HUEMUL.jpg","type":"image\/jpeg"}],"author":"admin","twitter_card":"summary_large_image","twitter_misc":{"Escrito por":"admin","Tiempo de lectura":"8 minutos"},"schema":{"@context":"https:\/\/schema.org","@graph":[{"@type":"Article","@id":"https:\/\/patagoniarebeldeweb.com.ar\/?p=1725#article","isPartOf":{"@id":"https:\/\/patagoniarebeldeweb.com.ar\/?p=1725"},"author":{"name":"admin","@id":"https:\/\/patagoniarebeldeweb.com.ar\/#\/schema\/person\/e293fd079db65aaa1c67b010d4a45452"},"headline":"&#8220;Peque\u00f1os soles en la tierra&#8221; es un libro del fot\u00f3grafo Pablo Cabado, que investig\u00f3 el Proyecto Huemul y visit\u00f3 la isla","datePublished":"2025-07-27T09:46:37+00:00","dateModified":"2025-07-27T09:46:40+00:00","mainEntityOfPage":{"@id":"https:\/\/patagoniarebeldeweb.com.ar\/?p=1725"},"wordCount":1866,"commentCount":0,"publisher":{"@id":"https:\/\/patagoniarebeldeweb.com.ar\/#organization"},"image":{"@id":"https:\/\/patagoniarebeldeweb.com.ar\/?p=1725#primaryimage"},"thumbnailUrl":"https:\/\/patagoniarebeldeweb.com.ar\/wp-content\/uploads\/2025\/07\/ISLA-HUEMUL.jpg","articleSection":["ABRALAPALABRA"],"inLanguage":"es-AR","potentialAction":[{"@type":"CommentAction","name":"Comment","target":["https:\/\/patagoniarebeldeweb.com.ar\/?p=1725#respond"]}]},{"@type":"WebPage","@id":"https:\/\/patagoniarebeldeweb.com.ar\/?p=1725","url":"https:\/\/patagoniarebeldeweb.com.ar\/?p=1725","name":"\"Peque\u00f1os soles en la tierra\" es un libro del fot\u00f3grafo Pablo Cabado, que investig\u00f3 el Proyecto Huemul y visit\u00f3 la isla | Patagonia Rebelde","isPartOf":{"@id":"https:\/\/patagoniarebeldeweb.com.ar\/#website"},"primaryImageOfPage":{"@id":"https:\/\/patagoniarebeldeweb.com.ar\/?p=1725#primaryimage"},"image":{"@id":"https:\/\/patagoniarebeldeweb.com.ar\/?p=1725#primaryimage"},"thumbnailUrl":"https:\/\/patagoniarebeldeweb.com.ar\/wp-content\/uploads\/2025\/07\/ISLA-HUEMUL.jpg","datePublished":"2025-07-27T09:46:37+00:00","dateModified":"2025-07-27T09:46:40+00:00","breadcrumb":{"@id":"https:\/\/patagoniarebeldeweb.com.ar\/?p=1725#breadcrumb"},"inLanguage":"es-AR","potentialAction":[{"@type":"ReadAction","target":["https:\/\/patagoniarebeldeweb.com.ar\/?p=1725"]}]},{"@type":"ImageObject","inLanguage":"es-AR","@id":"https:\/\/patagoniarebeldeweb.com.ar\/?p=1725#primaryimage","url":"https:\/\/patagoniarebeldeweb.com.ar\/wp-content\/uploads\/2025\/07\/ISLA-HUEMUL.jpg","contentUrl":"https:\/\/patagoniarebeldeweb.com.ar\/wp-content\/uploads\/2025\/07\/ISLA-HUEMUL.jpg","width":755,"height":1010},{"@type":"BreadcrumbList","@id":"https:\/\/patagoniarebeldeweb.com.ar\/?p=1725#breadcrumb","itemListElement":[{"@type":"ListItem","position":1,"name":"Portada","item":"https:\/\/patagoniarebeldeweb.com.ar\/"},{"@type":"ListItem","position":2,"name":"&#8220;Peque\u00f1os soles en la tierra&#8221; es un libro del fot\u00f3grafo Pablo Cabado, que investig\u00f3 el Proyecto Huemul y visit\u00f3 la isla"}]},{"@type":"WebSite","@id":"https:\/\/patagoniarebeldeweb.com.ar\/#website","url":"https:\/\/patagoniarebeldeweb.com.ar\/","name":"Patagonia Rebelde","description":"Toda la info de General Rodr\u00edguez","publisher":{"@id":"https:\/\/patagoniarebeldeweb.com.ar\/#organization"},"alternateName":"Patagonia Rebelde web","potentialAction":[{"@type":"SearchAction","target":{"@type":"EntryPoint","urlTemplate":"https:\/\/patagoniarebeldeweb.com.ar\/?s={search_term_string}"},"query-input":{"@type":"PropertyValueSpecification","valueRequired":true,"valueName":"search_term_string"}}],"inLanguage":"es-AR"},{"@type":"Organization","@id":"https:\/\/patagoniarebeldeweb.com.ar\/#organization","name":"Patagonia Rebelde","alternateName":"Patagonia Rebelde web","url":"https:\/\/patagoniarebeldeweb.com.ar\/","logo":{"@type":"ImageObject","inLanguage":"es-AR","@id":"https:\/\/patagoniarebeldeweb.com.ar\/#\/schema\/logo\/image\/","url":"https:\/\/patagoniarebeldeweb.com.ar\/wp-content\/uploads\/2024\/11\/logo-si.png","contentUrl":"https:\/\/patagoniarebeldeweb.com.ar\/wp-content\/uploads\/2024\/11\/logo-si.png","width":460,"height":139,"caption":"Patagonia Rebelde"},"image":{"@id":"https:\/\/patagoniarebeldeweb.com.ar\/#\/schema\/logo\/image\/"},"sameAs":["https:\/\/www.facebook.com\/patagoniarebeldeweb\/","https:\/\/www.youtube.com\/@edgardomiller"]},{"@type":"Person","@id":"https:\/\/patagoniarebeldeweb.com.ar\/#\/schema\/person\/e293fd079db65aaa1c67b010d4a45452","name":"admin","image":{"@type":"ImageObject","inLanguage":"es-AR","@id":"https:\/\/secure.gravatar.com\/avatar\/aee4690e6ac4e427fd6efdc77149c35418ee5cc06426f4da7bc3ec412f507eb1?s=96&d=mm&r=g","url":"https:\/\/secure.gravatar.com\/avatar\/aee4690e6ac4e427fd6efdc77149c35418ee5cc06426f4da7bc3ec412f507eb1?s=96&d=mm&r=g","contentUrl":"https:\/\/secure.gravatar.com\/avatar\/aee4690e6ac4e427fd6efdc77149c35418ee5cc06426f4da7bc3ec412f507eb1?s=96&d=mm&r=g","caption":"admin"},"sameAs":["https:\/\/patagoniarebeldeweb.com.ar"],"url":"https:\/\/patagoniarebeldeweb.com.ar\/?author=1"}]}},"featured_image_urls":{"full":["https:\/\/patagoniarebeldeweb.com.ar\/wp-content\/uploads\/2025\/07\/ISLA-HUEMUL.jpg",755,1010,false],"thumbnail":["https:\/\/patagoniarebeldeweb.com.ar\/wp-content\/uploads\/2025\/07\/ISLA-HUEMUL-150x150.jpg",150,150,true],"medium":["https:\/\/patagoniarebeldeweb.com.ar\/wp-content\/uploads\/2025\/07\/ISLA-HUEMUL-224x300.jpg",224,300,true],"medium_large":["https:\/\/patagoniarebeldeweb.com.ar\/wp-content\/uploads\/2025\/07\/ISLA-HUEMUL.jpg",640,856,false],"large":["https:\/\/patagoniarebeldeweb.com.ar\/wp-content\/uploads\/2025\/07\/ISLA-HUEMUL.jpg",640,856,false],"1536x1536":["https:\/\/patagoniarebeldeweb.com.ar\/wp-content\/uploads\/2025\/07\/ISLA-HUEMUL.jpg",755,1010,false],"2048x2048":["https:\/\/patagoniarebeldeweb.com.ar\/wp-content\/uploads\/2025\/07\/ISLA-HUEMUL.jpg",755,1010,false],"enternews-slider-full":["https:\/\/patagoniarebeldeweb.com.ar\/wp-content\/uploads\/2025\/07\/ISLA-HUEMUL-755x845.jpg",755,845,true],"enternews-featured":["https:\/\/patagoniarebeldeweb.com.ar\/wp-content\/uploads\/2025\/07\/ISLA-HUEMUL.jpg",755,1010,false],"enternews-medium":["https:\/\/patagoniarebeldeweb.com.ar\/wp-content\/uploads\/2025\/07\/ISLA-HUEMUL-720x475.jpg",720,475,true]},"author_info":{"display_name":"admin","author_link":"https:\/\/patagoniarebeldeweb.com.ar\/?author=1"},"category_info":"<a href=\"https:\/\/patagoniarebeldeweb.com.ar\/?cat=33\" rel=\"category\">ABRALAPALABRA<\/a>","tag_info":"ABRALAPALABRA","comment_count":"0","_links":{"self":[{"href":"https:\/\/patagoniarebeldeweb.com.ar\/index.php?rest_route=\/wp\/v2\/posts\/1725","targetHints":{"allow":["GET"]}}],"collection":[{"href":"https:\/\/patagoniarebeldeweb.com.ar\/index.php?rest_route=\/wp\/v2\/posts"}],"about":[{"href":"https:\/\/patagoniarebeldeweb.com.ar\/index.php?rest_route=\/wp\/v2\/types\/post"}],"author":[{"embeddable":true,"href":"https:\/\/patagoniarebeldeweb.com.ar\/index.php?rest_route=\/wp\/v2\/users\/1"}],"replies":[{"embeddable":true,"href":"https:\/\/patagoniarebeldeweb.com.ar\/index.php?rest_route=%2Fwp%2Fv2%2Fcomments&post=1725"}],"version-history":[{"count":1,"href":"https:\/\/patagoniarebeldeweb.com.ar\/index.php?rest_route=\/wp\/v2\/posts\/1725\/revisions"}],"predecessor-version":[{"id":1727,"href":"https:\/\/patagoniarebeldeweb.com.ar\/index.php?rest_route=\/wp\/v2\/posts\/1725\/revisions\/1727"}],"wp:featuredmedia":[{"embeddable":true,"href":"https:\/\/patagoniarebeldeweb.com.ar\/index.php?rest_route=\/wp\/v2\/media\/1726"}],"wp:attachment":[{"href":"https:\/\/patagoniarebeldeweb.com.ar\/index.php?rest_route=%2Fwp%2Fv2%2Fmedia&parent=1725"}],"wp:term":[{"taxonomy":"category","embeddable":true,"href":"https:\/\/patagoniarebeldeweb.com.ar\/index.php?rest_route=%2Fwp%2Fv2%2Fcategories&post=1725"},{"taxonomy":"post_tag","embeddable":true,"href":"https:\/\/patagoniarebeldeweb.com.ar\/index.php?rest_route=%2Fwp%2Fv2%2Ftags&post=1725"}],"curies":[{"name":"wp","href":"https:\/\/api.w.org\/{rel}","templated":true}]}}