{"id":1722,"date":"2025-07-27T06:37:11","date_gmt":"2025-07-27T09:37:11","guid":{"rendered":"https:\/\/patagoniarebeldeweb.com.ar\/?p=1722"},"modified":"2025-07-27T06:37:13","modified_gmt":"2025-07-27T09:37:13","slug":"cristina-kirchner-en-la-rural-a-milei-no-le-importa-el-superavit","status":"publish","type":"post","link":"https:\/\/patagoniarebeldeweb.com.ar\/?p=1722","title":{"rendered":"Cristina Kirchner: \u201cEn La Rural, a Milei no le importa el super\u00e1vit\u201d"},"content":{"rendered":"\n<h4 class=\"wp-block-heading\">Tras el anunci\u00f3 de la baja de retenciones, la expresidenta envi\u00f3 un mensaje en el que critic\u00f3 las prioridades libertarias: \u00able da plata a uno de los sectores que m\u00e1s tiene\u00bb.<\/h4>\n\n\n\n<p>A pocas horas de que el Gobierno anunciara la baja de las retenciones, Cristina Kirchner desarm\u00f3 una de las falacias libertarias que asegura que \u201cno hay plata\u201d. Desde San Jos\u00e9 1111, la expresidenta envi\u00f3 un mensaje a los militantes que participaron de la marcha de antorchas en Moreno para conmemorar el aniversario del fallecimiento de Eva Per\u00f3n.&nbsp;<strong>\u201cLo m\u00e1s importante de esa reunioncita en La Rural \u2014se\u00f1al\u00f3\u2014 es confirmar que Milei, que dice que no hay plata para los jubilados, ni para los discapacitados, ni para el Garrahan, ni para las universidades, que no hay plata para nadie porque hay que cuidar el super\u00e1vit fiscal, ah\u00ed no le importa. En La Rural no le importa el super\u00e1vit fiscal y le regala plata a uno de los sectores que m\u00e1s plata tiene en este pa\u00eds\u201d.&nbsp;<\/strong>La respuesta de CFK lleg\u00f3 el mismo d\u00eda en que Javier Milei cuestion\u00f3, desde el palco de la Sociedad Rural Argentina una de las tres banderas del peronismo: la justicia social a la que defini\u00f3 como un \u201cpar\u00e1sito mental que busca generar expectativas infinitas en las personas\u201d. La expresidenta incluy\u00f3 cr\u00edticas al modelo econ\u00f3mico y a la obscena subordinaci\u00f3n extranjera:&nbsp;<strong>\u201cSi algo me faltaba para saber que estoy del lado correcto de la historia y de la vida es ver y o\u00edr c\u00f3mo festejan que est\u00e9 presa tanto en la Sociedad Rural como el embajador propuesto por Trump\u201d<\/strong>&nbsp;concluy\u00f3.<\/p>\n\n\n\n<p>La Corte Suprema logr\u00f3 sacar del juego electoral a Cristina Fern\u00e1ndez de Kirchner, pero su mensaje estar\u00e1 presente durante toda la campa\u00f1a para reforzar lo que se disputar\u00e1 en las pr\u00f3ximas elecciones. Al caer la tarde, su voz se escuch\u00f3 desde Moreno, donde se realizaba una multitudinaria marcha de antorchas en homenaje a Eva Per\u00f3n: \u201cLa frutilla del postre de este desgobierno para los ricos la tuvimos hoy a la ma\u00f1ana, en el predio que la Sociedad Rural le rob\u00f3 a los argentinos en una maniobra en serio de defraudaci\u00f3n al Estado\u201d, lanz\u00f3 CFK. Y apunt\u00f3 contra el Poder Judicial: \u201cPor eso el presidente de La Rural dice que en Argentina hay justicia independiente: se robaron un terreno impresionante y el Poder Judicial no hizo nada\u201d.<\/p>\n\n\n\n<p>En medio del \u201cajuste m\u00e1s grande de la historia de la humanidad\u201d, como define Javier Milei a su programa econ\u00f3mico, el gobierno eligi\u00f3 privilegiar al sector agroexportador, mientras negocia con los gobernadores para boicotear la sesi\u00f3n en Diputados que busca recomponer el poder adquisitivo de los jubilados. Por eso, la l\u00edder del PJ puso el foco en las prioridades del oficialismo:&nbsp;<strong>\u201cNo hay plata para nadie porque hay que cuidar el super\u00e1vit fiscal\u2026 Sin embargo, en L<\/strong><strong>a Rural no le importa el super\u00e1vit fiscal y le regala plata a uno de los sectores que m\u00e1s plata tiene en este pa\u00eds\u201d<\/strong>.<\/p>\n\n\n\n<h2 class=\"wp-block-heading\"><strong>Las fuerzas del Norte<\/strong><\/h2>\n\n\n\n<p>Uno de los tramos m\u00e1s filosos del mensaje fue dirigido a Peter Lamelas, el embajador propuesto por Donald Trump. CFK lo acus\u00f3 de venir a la Argentina como \u201cinterventor\u201d y denunci\u00f3 que su misi\u00f3n expl\u00edcita es \u201cvigilar a los gobernadores, frenar acuerdos con China y asegurarse de que Cristina Fern\u00e1ndez de Kirchner reciba la justicia que merece\u201d.<\/p>\n\n\n\n<p>\u201cHoy estamos transitando un intento de destrucci\u00f3n. Esto no es una cosa que nunca sucedi\u00f3. Es un nuevo intento de destrucci\u00f3n de lo argentino y de subordinaci\u00f3n total de nuestros intereses nacionales\u201d, dijo la expresidenta.<strong>&nbsp;\u201cUn desgobierno, en el que Milei que claramente gobierna para los ricos y bajo las \u00f3rdenes de las fuerzas del norte, no de las fuerzas del cielo como dicen ellos\u201d.<\/strong>&nbsp;Luego, se refiri\u00f3 a quienes para ella son los verdaderos jefes de campa\u00f1a de La Libertad Avanza:<strong>&nbsp;\u201cAc\u00e1 la campa\u00f1a la est\u00e1n haciendo desde Washington y desde el Fondo Monetario\u201d.<\/strong>&nbsp;\u201cHace exactamente 80 a\u00f1os era Braden o Per\u00f3n y ahora, bueno, ahora es: Patria o Lamelas. Lamelas. Casi, casi pornogr\u00e1fico\u201d remat\u00f3 la mandataria.<\/p>\n\n\n\n<p>En el mismo sentido se pronunci\u00f3 el presidente del PJ bonaerense, M\u00e1ximo Kirchner, que encabez\u00f3 un plenario de Fuerza Patria en Hurlingham, donde se lo vio junto al intendente Dami\u00e1n Celsi, Guillermo Moreno y la candidata a concejal Florencia Lampreabe. \u201cLa Argentina es un territorio en disputa, y nuestro pueblo y nosotros como sociedad tenemos un gran desaf\u00edo por delante: si vamos a tener una patria libre, justa y soberana o si, deprimidos y tristes, la vamos a entregar a manos cipayas y extranjeras en vez de defenderla\u00bb, dijo el diputado nacional. \u201c\u00bfQui\u00e9n carajo se cree que es ese se\u00f1or? Ac\u00e1, el pueblo argentino vota. Ac\u00e1, el pueblo argentino elige\u00bb, dijo al referirse a Peter Lamelas.<\/p>\n\n\n\n<h2 class=\"wp-block-heading\"><strong>Los d\u00f3lares al colch\u00f3n<\/strong><\/h2>\n\n\n\n<p>El tercer eje del discurso estuvo centrado en la situaci\u00f3n econ\u00f3mica. Cristina cuestion\u00f3 una de los anuncios del ministro Luis Caputo: \u201cAl Toto Caputo no le sale una. Nada de lo que dice se cumple. Iban a hacer\u2026 \u00bfSe acuerdan, no? que los argentinos sacaran los d\u00f3lares del colch\u00f3n\u201d. Luego contrast\u00f3 con la informaci\u00f3n que revela el BCRA: \u201clos datos en su balance cambiario desde abril, mayo y junio, revelan que todos los meses un mill\u00f3n de argentinos le compra cada vez m\u00e1s d\u00f3lares para llevarlos al colch\u00f3n. No para sacarlos\u201d, cuestion\u00f3 CFK. \u201cArgentina cada vez debe m\u00e1s d\u00f3lares y al mismo tiempo cada vez se van m\u00e1s d\u00f3lares al colch\u00f3n, a la caja de seguridad, a la formaci\u00f3n de activos en el exterior o a financiar turismo y compras en el exterior. D\u00f3lares que se sustraen del crecimiento y desarrollo de la econom\u00eda argentina. Una verdadera y aut\u00e9ntica cat\u00e1strofe\u201d, defini\u00f3 y remat\u00f3: \u201cEsto no termina bien\u201d,<\/p>\n\n\n\n<h2 class=\"wp-block-heading\"><strong>Peronismo en modo campa\u00f1a<\/strong><\/h2>\n\n\n\n<p>Tras un cierre de listas marcado por la tensi\u00f3n interna, el peronismo logr\u00f3 dar vuelta la p\u00e1gina y puso en marcha la campa\u00f1a electoral. El viernes, Axel Kicillof inaugur\u00f3 un paso a nivel en Lomas de Zamora junto al intendente Federico Oterm\u00edn y, por la tarde, encabez\u00f3 el cierre del Encuentro Bonaerense de Ciencia en la Universidad de Quilmes, acompa\u00f1ado por Mayra Mendoza y Facundo Tignanelli, los dos candidatos m\u00e1s cercanos a Cristina Kirchner en la Tercera Secci\u00f3n Electoral.<\/p>\n\n\n\n<p>El s\u00e1bado, las actividades se concentraron en la Primera Secci\u00f3n. M\u00e1ximo Kirchner cerr\u00f3 el plenario de Fuerza Patria en Hurlingham, donde llam\u00f3 a sostener la militancia pese a las dificultades: \u201cNo se quiebren, no va a ser f\u00e1cil, pero hay un pasado que nos ense\u00f1a, un presente que nos reclama y un futuro que nos convoca a no esperar que alguien nos d\u00e9 la oportunidad de un pa\u00eds diferente, sino a generar nosotros mismos la oportunidad que nuestro pueblo merece para realmente poder poner a la Patria en el camino de la grandeza\u201d. Por la noche, Cristina Fern\u00e1ndez de Kirchner envi\u00f3 su mensaje a la marcha de antorchas en Moreno, encabezada por la intendenta Mariel Fern\u00e1ndez junto al primer candidato de esa secci\u00f3n, Gabriel Katopodis. A todos ellos, la expresidenta les pidi\u00f3 \u201cmilitar con las tres C: cabeza, coraz\u00f3n y coraje\u201d.<\/p>\n\n\n\n<h2 class=\"wp-block-heading\"><strong>San Jos\u00e9 1111<\/strong><\/h2>\n\n\n\n<p>Tambi\u00e9n hubo actividades en las inmediaciones de la casa donde Cristina Kirchner cumple arresto domiciliario. El viernes, un centenar de militantes se acerc\u00f3 a rezar a la Virgen por su liberaci\u00f3n y ella les respondi\u00f3 saludando desde el balc\u00f3n. El s\u00e1bado, los trabajadores del bar y espacio cultural \u00abUn caf\u00e9 con Per\u00f3n\u00bb \u2014clausurado por el gobierno tras el cierre del Instituto Nacional Juan Domingo Per\u00f3n\u2014 llevaron hasta la esquina de San Jos\u00e9 y Salta una estatua del general con un cartel que dec\u00eda: \u201cBasta de persecuci\u00f3n\u201d.<\/p>\n\n\n\n<p>Por la ma\u00f1ana, Cristina recibi\u00f3 la visita de su hijo, M\u00e1ximo Kirchner, quien comparti\u00f3 en su cuenta de X im\u00e1genes de una antigua edici\u00f3n del libro&nbsp;<em>Mi mensaje<\/em>, el \u00faltimo escrito por Eva Per\u00f3n. Uno de los fragmentos subrayados dec\u00eda: \u201cDe m\u00ed no se dir\u00e1 jam\u00e1s que traicion\u00e9 a mi pueblo mareada por las alturas del poder y de la gloria\u201d.<\/p>\n\n\n\n<h4 class=\"wp-block-heading\">Paula Marussich \/P12 \/AGP<\/h4>\n\n\n\n<p>Editor: EM<\/p>\n\n\n\n<p><\/p>\n","protected":false},"excerpt":{"rendered":"<p>Tras el anunci\u00f3 de la baja de retenciones, la expresidenta envi\u00f3 un mensaje en el&#8230;<\/p>\n","protected":false},"author":1,"featured_media":1723,"comment_status":"open","ping_status":"open","sticky":false,"template":"","format":"standard","meta":{"footnotes":""},"categories":[34,36],"tags":[],"class_list":["post-1722","post","type-post","status-publish","format-standard","has-post-thumbnail","hentry","category-politica","category-recientes"],"yoast_head":"<!-- This site is optimized with the Yoast SEO plugin v27.2 - https:\/\/yoast.com\/product\/yoast-seo-wordpress\/ -->\n<title>Cristina Kirchner: \u201cEn La Rural, a Milei no le importa el super\u00e1vit\u201d | Patagonia Rebelde<\/title>\n<meta name=\"robots\" content=\"index, follow, max-snippet:-1, max-image-preview:large, max-video-preview:-1\" \/>\n<link rel=\"canonical\" href=\"https:\/\/patagoniarebeldeweb.com.ar\/?p=1722\" \/>\n<meta property=\"og:locale\" content=\"es_ES\" \/>\n<meta property=\"og:type\" content=\"article\" \/>\n<meta property=\"og:title\" content=\"Cristina Kirchner: \u201cEn La Rural, a Milei no le importa el super\u00e1vit\u201d | Patagonia Rebelde\" \/>\n<meta property=\"og:description\" content=\"Tras el anunci\u00f3 de la baja de retenciones, la expresidenta envi\u00f3 un mensaje en el...\" \/>\n<meta property=\"og:url\" content=\"https:\/\/patagoniarebeldeweb.com.ar\/?p=1722\" \/>\n<meta property=\"og:site_name\" content=\"Patagonia Rebelde\" \/>\n<meta property=\"article:publisher\" content=\"https:\/\/www.facebook.com\/patagoniarebeldeweb\/\" \/>\n<meta property=\"article:published_time\" content=\"2025-07-27T09:37:11+00:00\" \/>\n<meta property=\"article:modified_time\" content=\"2025-07-27T09:37:13+00:00\" \/>\n<meta property=\"og:image\" content=\"https:\/\/patagoniarebeldeweb.com.ar\/wp-content\/uploads\/2025\/07\/CRISTINA-EN-EL-BALCON.webp\" \/>\n\t<meta property=\"og:image:width\" content=\"1200\" \/>\n\t<meta property=\"og:image:height\" content=\"800\" \/>\n\t<meta property=\"og:image:type\" content=\"image\/webp\" \/>\n<meta name=\"author\" content=\"admin\" \/>\n<meta name=\"twitter:card\" content=\"summary_large_image\" \/>\n<meta name=\"twitter:label1\" content=\"Escrito por\" \/>\n\t<meta name=\"twitter:data1\" content=\"admin\" \/>\n\t<meta name=\"twitter:label2\" content=\"Tiempo de lectura\" \/>\n\t<meta name=\"twitter:data2\" content=\"7 minutos\" \/>\n<script type=\"application\/ld+json\" class=\"yoast-schema-graph\">{\"@context\":\"https:\/\/schema.org\",\"@graph\":[{\"@type\":\"Article\",\"@id\":\"https:\/\/patagoniarebeldeweb.com.ar\/?p=1722#article\",\"isPartOf\":{\"@id\":\"https:\/\/patagoniarebeldeweb.com.ar\/?p=1722\"},\"author\":{\"name\":\"admin\",\"@id\":\"https:\/\/patagoniarebeldeweb.com.ar\/#\/schema\/person\/e293fd079db65aaa1c67b010d4a45452\"},\"headline\":\"Cristina Kirchner: \u201cEn La Rural, a Milei no le importa el super\u00e1vit\u201d\",\"datePublished\":\"2025-07-27T09:37:11+00:00\",\"dateModified\":\"2025-07-27T09:37:13+00:00\",\"mainEntityOfPage\":{\"@id\":\"https:\/\/patagoniarebeldeweb.com.ar\/?p=1722\"},\"wordCount\":1448,\"commentCount\":0,\"publisher\":{\"@id\":\"https:\/\/patagoniarebeldeweb.com.ar\/#organization\"},\"image\":{\"@id\":\"https:\/\/patagoniarebeldeweb.com.ar\/?p=1722#primaryimage\"},\"thumbnailUrl\":\"https:\/\/patagoniarebeldeweb.com.ar\/wp-content\/uploads\/2025\/07\/CRISTINA-EN-EL-BALCON.webp\",\"articleSection\":[\"POLITICA\",\"RECIENTES\"],\"inLanguage\":\"es-AR\",\"potentialAction\":[{\"@type\":\"CommentAction\",\"name\":\"Comment\",\"target\":[\"https:\/\/patagoniarebeldeweb.com.ar\/?p=1722#respond\"]}]},{\"@type\":\"WebPage\",\"@id\":\"https:\/\/patagoniarebeldeweb.com.ar\/?p=1722\",\"url\":\"https:\/\/patagoniarebeldeweb.com.ar\/?p=1722\",\"name\":\"Cristina Kirchner: \u201cEn La Rural, a Milei no le importa el super\u00e1vit\u201d | Patagonia Rebelde\",\"isPartOf\":{\"@id\":\"https:\/\/patagoniarebeldeweb.com.ar\/#website\"},\"primaryImageOfPage\":{\"@id\":\"https:\/\/patagoniarebeldeweb.com.ar\/?p=1722#primaryimage\"},\"image\":{\"@id\":\"https:\/\/patagoniarebeldeweb.com.ar\/?p=1722#primaryimage\"},\"thumbnailUrl\":\"https:\/\/patagoniarebeldeweb.com.ar\/wp-content\/uploads\/2025\/07\/CRISTINA-EN-EL-BALCON.webp\",\"datePublished\":\"2025-07-27T09:37:11+00:00\",\"dateModified\":\"2025-07-27T09:37:13+00:00\",\"breadcrumb\":{\"@id\":\"https:\/\/patagoniarebeldeweb.com.ar\/?p=1722#breadcrumb\"},\"inLanguage\":\"es-AR\",\"potentialAction\":[{\"@type\":\"ReadAction\",\"target\":[\"https:\/\/patagoniarebeldeweb.com.ar\/?p=1722\"]}]},{\"@type\":\"ImageObject\",\"inLanguage\":\"es-AR\",\"@id\":\"https:\/\/patagoniarebeldeweb.com.ar\/?p=1722#primaryimage\",\"url\":\"https:\/\/patagoniarebeldeweb.com.ar\/wp-content\/uploads\/2025\/07\/CRISTINA-EN-EL-BALCON.webp\",\"contentUrl\":\"https:\/\/patagoniarebeldeweb.com.ar\/wp-content\/uploads\/2025\/07\/CRISTINA-EN-EL-BALCON.webp\",\"width\":1200,\"height\":800},{\"@type\":\"BreadcrumbList\",\"@id\":\"https:\/\/patagoniarebeldeweb.com.ar\/?p=1722#breadcrumb\",\"itemListElement\":[{\"@type\":\"ListItem\",\"position\":1,\"name\":\"Portada\",\"item\":\"https:\/\/patagoniarebeldeweb.com.ar\/\"},{\"@type\":\"ListItem\",\"position\":2,\"name\":\"Cristina Kirchner: \u201cEn La Rural, a Milei no le importa el super\u00e1vit\u201d\"}]},{\"@type\":\"WebSite\",\"@id\":\"https:\/\/patagoniarebeldeweb.com.ar\/#website\",\"url\":\"https:\/\/patagoniarebeldeweb.com.ar\/\",\"name\":\"Patagonia Rebelde\",\"description\":\"Toda la info de General Rodr\u00edguez\",\"publisher\":{\"@id\":\"https:\/\/patagoniarebeldeweb.com.ar\/#organization\"},\"alternateName\":\"Patagonia Rebelde web\",\"potentialAction\":[{\"@type\":\"SearchAction\",\"target\":{\"@type\":\"EntryPoint\",\"urlTemplate\":\"https:\/\/patagoniarebeldeweb.com.ar\/?s={search_term_string}\"},\"query-input\":{\"@type\":\"PropertyValueSpecification\",\"valueRequired\":true,\"valueName\":\"search_term_string\"}}],\"inLanguage\":\"es-AR\"},{\"@type\":\"Organization\",\"@id\":\"https:\/\/patagoniarebeldeweb.com.ar\/#organization\",\"name\":\"Patagonia Rebelde\",\"alternateName\":\"Patagonia Rebelde web\",\"url\":\"https:\/\/patagoniarebeldeweb.com.ar\/\",\"logo\":{\"@type\":\"ImageObject\",\"inLanguage\":\"es-AR\",\"@id\":\"https:\/\/patagoniarebeldeweb.com.ar\/#\/schema\/logo\/image\/\",\"url\":\"https:\/\/patagoniarebeldeweb.com.ar\/wp-content\/uploads\/2024\/11\/logo-si.png\",\"contentUrl\":\"https:\/\/patagoniarebeldeweb.com.ar\/wp-content\/uploads\/2024\/11\/logo-si.png\",\"width\":460,\"height\":139,\"caption\":\"Patagonia Rebelde\"},\"image\":{\"@id\":\"https:\/\/patagoniarebeldeweb.com.ar\/#\/schema\/logo\/image\/\"},\"sameAs\":[\"https:\/\/www.facebook.com\/patagoniarebeldeweb\/\",\"https:\/\/www.youtube.com\/@edgardomiller\"]},{\"@type\":\"Person\",\"@id\":\"https:\/\/patagoniarebeldeweb.com.ar\/#\/schema\/person\/e293fd079db65aaa1c67b010d4a45452\",\"name\":\"admin\",\"image\":{\"@type\":\"ImageObject\",\"inLanguage\":\"es-AR\",\"@id\":\"https:\/\/secure.gravatar.com\/avatar\/aee4690e6ac4e427fd6efdc77149c35418ee5cc06426f4da7bc3ec412f507eb1?s=96&d=mm&r=g\",\"url\":\"https:\/\/secure.gravatar.com\/avatar\/aee4690e6ac4e427fd6efdc77149c35418ee5cc06426f4da7bc3ec412f507eb1?s=96&d=mm&r=g\",\"contentUrl\":\"https:\/\/secure.gravatar.com\/avatar\/aee4690e6ac4e427fd6efdc77149c35418ee5cc06426f4da7bc3ec412f507eb1?s=96&d=mm&r=g\",\"caption\":\"admin\"},\"sameAs\":[\"https:\/\/patagoniarebeldeweb.com.ar\"],\"url\":\"https:\/\/patagoniarebeldeweb.com.ar\/?author=1\"}]}<\/script>\n<!-- \/ Yoast SEO plugin. -->","yoast_head_json":{"title":"Cristina Kirchner: \u201cEn La Rural, a Milei no le importa el super\u00e1vit\u201d | Patagonia Rebelde","robots":{"index":"index","follow":"follow","max-snippet":"max-snippet:-1","max-image-preview":"max-image-preview:large","max-video-preview":"max-video-preview:-1"},"canonical":"https:\/\/patagoniarebeldeweb.com.ar\/?p=1722","og_locale":"es_ES","og_type":"article","og_title":"Cristina Kirchner: \u201cEn La Rural, a Milei no le importa el super\u00e1vit\u201d | Patagonia Rebelde","og_description":"Tras el anunci\u00f3 de la baja de retenciones, la expresidenta envi\u00f3 un mensaje en el...","og_url":"https:\/\/patagoniarebeldeweb.com.ar\/?p=1722","og_site_name":"Patagonia Rebelde","article_publisher":"https:\/\/www.facebook.com\/patagoniarebeldeweb\/","article_published_time":"2025-07-27T09:37:11+00:00","article_modified_time":"2025-07-27T09:37:13+00:00","og_image":[{"width":1200,"height":800,"url":"https:\/\/patagoniarebeldeweb.com.ar\/wp-content\/uploads\/2025\/07\/CRISTINA-EN-EL-BALCON.webp","type":"image\/webp"}],"author":"admin","twitter_card":"summary_large_image","twitter_misc":{"Escrito por":"admin","Tiempo de lectura":"7 minutos"},"schema":{"@context":"https:\/\/schema.org","@graph":[{"@type":"Article","@id":"https:\/\/patagoniarebeldeweb.com.ar\/?p=1722#article","isPartOf":{"@id":"https:\/\/patagoniarebeldeweb.com.ar\/?p=1722"},"author":{"name":"admin","@id":"https:\/\/patagoniarebeldeweb.com.ar\/#\/schema\/person\/e293fd079db65aaa1c67b010d4a45452"},"headline":"Cristina Kirchner: \u201cEn La Rural, a Milei no le importa el super\u00e1vit\u201d","datePublished":"2025-07-27T09:37:11+00:00","dateModified":"2025-07-27T09:37:13+00:00","mainEntityOfPage":{"@id":"https:\/\/patagoniarebeldeweb.com.ar\/?p=1722"},"wordCount":1448,"commentCount":0,"publisher":{"@id":"https:\/\/patagoniarebeldeweb.com.ar\/#organization"},"image":{"@id":"https:\/\/patagoniarebeldeweb.com.ar\/?p=1722#primaryimage"},"thumbnailUrl":"https:\/\/patagoniarebeldeweb.com.ar\/wp-content\/uploads\/2025\/07\/CRISTINA-EN-EL-BALCON.webp","articleSection":["POLITICA","RECIENTES"],"inLanguage":"es-AR","potentialAction":[{"@type":"CommentAction","name":"Comment","target":["https:\/\/patagoniarebeldeweb.com.ar\/?p=1722#respond"]}]},{"@type":"WebPage","@id":"https:\/\/patagoniarebeldeweb.com.ar\/?p=1722","url":"https:\/\/patagoniarebeldeweb.com.ar\/?p=1722","name":"Cristina Kirchner: \u201cEn La Rural, a Milei no le importa el super\u00e1vit\u201d | Patagonia Rebelde","isPartOf":{"@id":"https:\/\/patagoniarebeldeweb.com.ar\/#website"},"primaryImageOfPage":{"@id":"https:\/\/patagoniarebeldeweb.com.ar\/?p=1722#primaryimage"},"image":{"@id":"https:\/\/patagoniarebeldeweb.com.ar\/?p=1722#primaryimage"},"thumbnailUrl":"https:\/\/patagoniarebeldeweb.com.ar\/wp-content\/uploads\/2025\/07\/CRISTINA-EN-EL-BALCON.webp","datePublished":"2025-07-27T09:37:11+00:00","dateModified":"2025-07-27T09:37:13+00:00","breadcrumb":{"@id":"https:\/\/patagoniarebeldeweb.com.ar\/?p=1722#breadcrumb"},"inLanguage":"es-AR","potentialAction":[{"@type":"ReadAction","target":["https:\/\/patagoniarebeldeweb.com.ar\/?p=1722"]}]},{"@type":"ImageObject","inLanguage":"es-AR","@id":"https:\/\/patagoniarebeldeweb.com.ar\/?p=1722#primaryimage","url":"https:\/\/patagoniarebeldeweb.com.ar\/wp-content\/uploads\/2025\/07\/CRISTINA-EN-EL-BALCON.webp","contentUrl":"https:\/\/patagoniarebeldeweb.com.ar\/wp-content\/uploads\/2025\/07\/CRISTINA-EN-EL-BALCON.webp","width":1200,"height":800},{"@type":"BreadcrumbList","@id":"https:\/\/patagoniarebeldeweb.com.ar\/?p=1722#breadcrumb","itemListElement":[{"@type":"ListItem","position":1,"name":"Portada","item":"https:\/\/patagoniarebeldeweb.com.ar\/"},{"@type":"ListItem","position":2,"name":"Cristina Kirchner: \u201cEn La Rural, a Milei no le importa el super\u00e1vit\u201d"}]},{"@type":"WebSite","@id":"https:\/\/patagoniarebeldeweb.com.ar\/#website","url":"https:\/\/patagoniarebeldeweb.com.ar\/","name":"Patagonia Rebelde","description":"Toda la info de General Rodr\u00edguez","publisher":{"@id":"https:\/\/patagoniarebeldeweb.com.ar\/#organization"},"alternateName":"Patagonia Rebelde web","potentialAction":[{"@type":"SearchAction","target":{"@type":"EntryPoint","urlTemplate":"https:\/\/patagoniarebeldeweb.com.ar\/?s={search_term_string}"},"query-input":{"@type":"PropertyValueSpecification","valueRequired":true,"valueName":"search_term_string"}}],"inLanguage":"es-AR"},{"@type":"Organization","@id":"https:\/\/patagoniarebeldeweb.com.ar\/#organization","name":"Patagonia Rebelde","alternateName":"Patagonia Rebelde web","url":"https:\/\/patagoniarebeldeweb.com.ar\/","logo":{"@type":"ImageObject","inLanguage":"es-AR","@id":"https:\/\/patagoniarebeldeweb.com.ar\/#\/schema\/logo\/image\/","url":"https:\/\/patagoniarebeldeweb.com.ar\/wp-content\/uploads\/2024\/11\/logo-si.png","contentUrl":"https:\/\/patagoniarebeldeweb.com.ar\/wp-content\/uploads\/2024\/11\/logo-si.png","width":460,"height":139,"caption":"Patagonia Rebelde"},"image":{"@id":"https:\/\/patagoniarebeldeweb.com.ar\/#\/schema\/logo\/image\/"},"sameAs":["https:\/\/www.facebook.com\/patagoniarebeldeweb\/","https:\/\/www.youtube.com\/@edgardomiller"]},{"@type":"Person","@id":"https:\/\/patagoniarebeldeweb.com.ar\/#\/schema\/person\/e293fd079db65aaa1c67b010d4a45452","name":"admin","image":{"@type":"ImageObject","inLanguage":"es-AR","@id":"https:\/\/secure.gravatar.com\/avatar\/aee4690e6ac4e427fd6efdc77149c35418ee5cc06426f4da7bc3ec412f507eb1?s=96&d=mm&r=g","url":"https:\/\/secure.gravatar.com\/avatar\/aee4690e6ac4e427fd6efdc77149c35418ee5cc06426f4da7bc3ec412f507eb1?s=96&d=mm&r=g","contentUrl":"https:\/\/secure.gravatar.com\/avatar\/aee4690e6ac4e427fd6efdc77149c35418ee5cc06426f4da7bc3ec412f507eb1?s=96&d=mm&r=g","caption":"admin"},"sameAs":["https:\/\/patagoniarebeldeweb.com.ar"],"url":"https:\/\/patagoniarebeldeweb.com.ar\/?author=1"}]}},"featured_image_urls":{"full":["https:\/\/patagoniarebeldeweb.com.ar\/wp-content\/uploads\/2025\/07\/CRISTINA-EN-EL-BALCON.webp",1200,800,false],"thumbnail":["https:\/\/patagoniarebeldeweb.com.ar\/wp-content\/uploads\/2025\/07\/CRISTINA-EN-EL-BALCON-150x150.webp",150,150,true],"medium":["https:\/\/patagoniarebeldeweb.com.ar\/wp-content\/uploads\/2025\/07\/CRISTINA-EN-EL-BALCON-300x200.webp",300,200,true],"medium_large":["https:\/\/patagoniarebeldeweb.com.ar\/wp-content\/uploads\/2025\/07\/CRISTINA-EN-EL-BALCON-768x512.webp",640,427,true],"large":["https:\/\/patagoniarebeldeweb.com.ar\/wp-content\/uploads\/2025\/07\/CRISTINA-EN-EL-BALCON-1024x683.webp",640,427,true],"1536x1536":["https:\/\/patagoniarebeldeweb.com.ar\/wp-content\/uploads\/2025\/07\/CRISTINA-EN-EL-BALCON.webp",1200,800,false],"2048x2048":["https:\/\/patagoniarebeldeweb.com.ar\/wp-content\/uploads\/2025\/07\/CRISTINA-EN-EL-BALCON.webp",1200,800,false],"enternews-slider-full":["https:\/\/patagoniarebeldeweb.com.ar\/wp-content\/uploads\/2025\/07\/CRISTINA-EN-EL-BALCON.webp",1200,800,false],"enternews-featured":["https:\/\/patagoniarebeldeweb.com.ar\/wp-content\/uploads\/2025\/07\/CRISTINA-EN-EL-BALCON-1024x683.webp",1024,683,true],"enternews-medium":["https:\/\/patagoniarebeldeweb.com.ar\/wp-content\/uploads\/2025\/07\/CRISTINA-EN-EL-BALCON-720x475.webp",720,475,true]},"author_info":{"display_name":"admin","author_link":"https:\/\/patagoniarebeldeweb.com.ar\/?author=1"},"category_info":"<a href=\"https:\/\/patagoniarebeldeweb.com.ar\/?cat=34\" rel=\"category\">POLITICA<\/a> <a href=\"https:\/\/patagoniarebeldeweb.com.ar\/?cat=36\" rel=\"category\">RECIENTES<\/a>","tag_info":"RECIENTES","comment_count":"0","_links":{"self":[{"href":"https:\/\/patagoniarebeldeweb.com.ar\/index.php?rest_route=\/wp\/v2\/posts\/1722","targetHints":{"allow":["GET"]}}],"collection":[{"href":"https:\/\/patagoniarebeldeweb.com.ar\/index.php?rest_route=\/wp\/v2\/posts"}],"about":[{"href":"https:\/\/patagoniarebeldeweb.com.ar\/index.php?rest_route=\/wp\/v2\/types\/post"}],"author":[{"embeddable":true,"href":"https:\/\/patagoniarebeldeweb.com.ar\/index.php?rest_route=\/wp\/v2\/users\/1"}],"replies":[{"embeddable":true,"href":"https:\/\/patagoniarebeldeweb.com.ar\/index.php?rest_route=%2Fwp%2Fv2%2Fcomments&post=1722"}],"version-history":[{"count":1,"href":"https:\/\/patagoniarebeldeweb.com.ar\/index.php?rest_route=\/wp\/v2\/posts\/1722\/revisions"}],"predecessor-version":[{"id":1724,"href":"https:\/\/patagoniarebeldeweb.com.ar\/index.php?rest_route=\/wp\/v2\/posts\/1722\/revisions\/1724"}],"wp:featuredmedia":[{"embeddable":true,"href":"https:\/\/patagoniarebeldeweb.com.ar\/index.php?rest_route=\/wp\/v2\/media\/1723"}],"wp:attachment":[{"href":"https:\/\/patagoniarebeldeweb.com.ar\/index.php?rest_route=%2Fwp%2Fv2%2Fmedia&parent=1722"}],"wp:term":[{"taxonomy":"category","embeddable":true,"href":"https:\/\/patagoniarebeldeweb.com.ar\/index.php?rest_route=%2Fwp%2Fv2%2Fcategories&post=1722"},{"taxonomy":"post_tag","embeddable":true,"href":"https:\/\/patagoniarebeldeweb.com.ar\/index.php?rest_route=%2Fwp%2Fv2%2Ftags&post=1722"}],"curies":[{"name":"wp","href":"https:\/\/api.w.org\/{rel}","templated":true}]}}