{"id":1695,"date":"2025-07-25T06:50:52","date_gmt":"2025-07-25T09:50:52","guid":{"rendered":"https:\/\/patagoniarebeldeweb.com.ar\/?p=1695"},"modified":"2025-07-25T06:50:55","modified_gmt":"2025-07-25T09:50:55","slug":"el-papa-se-prepara-para-un-evento-crucial-y-multitudinario-que-sera-un-grito-contra-la-guerra","status":"publish","type":"post","link":"https:\/\/patagoniarebeldeweb.com.ar\/?p=1695","title":{"rendered":"El Papa se prepara para un evento crucial y multitudinario que ser\u00e1 \u201cun grito contra la guerra\u201d"},"content":{"rendered":"\n<h4 class=\"wp-block-heading\">Le\u00f3n XIV ajusta los detalles de la Jornada Mundial de la Juventud, que se inicia el lunes en el Vaticano. Se espera un mill\u00f3n de fieles de todo el mundo. Clamor contra las guerras y la violencia.<\/h4>\n\n\n\n<p>Arrancan en el Vaticano los preparativos finales del m\u00e1s importante evento multitudinario del A\u00f1o Santo 2025, que ha reunido m\u00e1s de 17 millones de fieles en distintas celebraciones. Es el encuentro dedicado a la juventud, que comenzar\u00e1 el lunes 28 y concluir\u00e1 el 3 de agosto, y concentra la atenci\u00f3n del&nbsp;<strong>Papa Le\u00f3n XIV<\/strong>.<\/p>\n\n\n\n<p>El Vaticano ya asegur\u00f3 alojamiento a&nbsp;<strong>medio mill\u00f3n de j\u00f3venes que llegar\u00e1n de 146 pa\u00edses.<\/strong>&nbsp;Adem\u00e1s el encuentro no representa solo el A\u00f1o Santo sino tambi\u00e9n la&nbsp;<strong>Jornada Mundial de la Juventud<\/strong>, que se celebra cada tres a\u00f1os en una ciudad. Se estima que la asistencia podr\u00eda superar ampliamente el mill\u00f3n de asistentes.<\/p>\n\n\n\n<p>La Santa Sede lanz\u00f3 el mi\u00e9rcoles los preparativos finales de lo que ser\u00e1<strong>&nbsp;\u201cun grito contra la guerra&#8221;.&nbsp;<\/strong>El cardenal Rino Fisichella anunci\u00f3 que se ha habilitado alojamiento en 429 escuelas y seis parroquias. Adem\u00e1s, miles de j\u00f3venes ser\u00e1n alojados en terrenos libres.<\/p>\n\n\n\n<p>La concentraci\u00f3n m\u00e1s importante para escuchar al Papa y celebrar una misa campal ser\u00e1 en el barrio de Tor Vergata, en un gigantesco descampado cerca de los edificios de la segunda Universidad estatal en Roma.<\/p>\n\n\n\n<p>En Tor Vergata se concentraron dos millones de j\u00f3venes en el a\u00f1o 2000 para ver y escuchar a Juan Pablo II, el polaco Karol Wojtyla.<\/p>\n\n\n\n<p>La primera fase del jubileo estar\u00e1 centrada en un encuentro popular con el Papa Le\u00f3n XIV, con una misa y un discurso a los j\u00f3venes.<\/p>\n\n\n\n<p>No hay dudas que ser\u00e1 la paz el centro de las preocupaciones de los j\u00f3venes y del mismo pont\u00edfice, en un mundo que perciben cada vez m\u00e1s dif\u00edcil. El contexto actual de&nbsp;<strong>guerras, terrorismo y violencia&nbsp;<\/strong>hacen necesaria \u201cun verdadero momento de paz y de reconstrucci\u00f3n de la paz en el mundo\u201d, se\u00f1al\u00f3 el cardenal Risichella.<\/p>\n\n\n\n<p>En el Jubileo de los j\u00f3venes habr\u00e1 una jornada dedicada a las confesiones \u201cpara crear un clima de fe y fraternidad\u201d. El cardenal Fisichella dijo que los j\u00f3venes har\u00e1n preguntas. Cit\u00f3 las amistades sinceras en la era digital, el futuro y sobre todo sobre la esperanza, que es el tema general del Jubileo del A\u00f1o Santo 2025.<\/p>\n\n\n\n<h2 class=\"wp-block-heading\">Operativo de seguridad<\/h2>\n\n\n\n<p>En las zonas de m\u00e1s concentraci\u00f3n de j\u00f3venes, sobre todo del encuentro en Tor Vergata habr\u00e1 2760 ba\u00f1os port\u00e1tiles y 2660 estaciones de recarga, con cinco millones de botellas de agua potable y 70 nebulizadores disponibles. Habr\u00e1 una docena de grandes centros m\u00e9dicos con ambulancias y cuatro zonas de descanso.&nbsp;<strong>Los hospitales romanos estar\u00e1n en alerta de seguridad<\/strong>.<\/p>\n\n\n\n<p>Sobre la zona vaticana y de Tor Vergata habr\u00e1&nbsp;<strong>un fuerte control a\u00e9reo<\/strong>, incluso contra eventuales drones. Tambi\u00e9n 122 c\u00e1maras de videovigilancia y una sala de control de 400 metros cuatrados para garantizar el orden.<\/p>\n\n\n\n<p>Una novedad es que funcionar\u00e1n setenta ca\u00f1ones de agua gigantes para rociar a los j\u00f3venes peregrinos porque&nbsp;<strong>se esperan d\u00edas de alto calor en Roma.<\/strong><\/p>\n\n\n\n<p>De media docena de pa\u00edses europeos llegar\u00e1n tambi\u00e9n agentes de seguridad para ayudar a las fuerzas policiales a garantizar el orden p\u00fablico aunque las masas cat\u00f3licas son aqu\u00ed un modelo de autocontrol pac\u00edfico. Se estima que alrededor del 70% de los participantes provendr\u00e1 de pa\u00edses europeos.<\/p>\n\n\n\n<p>En Tor Vergata los servicios p\u00fablico de transporte garantizar\u00e1n los desplazamientos, pero los j\u00f3venes deber\u00e1n caminar dos kil\u00f3metros al llegar y otros tanto al final a los centros de concentraci\u00f3n de los \u00f3mnibus.<\/p>\n\n\n\n<p>*Por Julio Arg\u00f1araz \/ Clar\u00edn<\/p>\n\n\n\n<p>Editor: EM<\/p>\n","protected":false},"excerpt":{"rendered":"<p>Le\u00f3n XIV ajusta los detalles de la Jornada Mundial de la Juventud, que se inicia&#8230;<\/p>\n","protected":false},"author":1,"featured_media":1696,"comment_status":"open","ping_status":"open","sticky":false,"template":"","format":"standard","meta":{"footnotes":""},"categories":[38],"tags":[],"class_list":["post-1695","post","type-post","status-publish","format-standard","has-post-thumbnail","hentry","category-internacional"],"yoast_head":"<!-- This site is optimized with the Yoast SEO plugin v27.2 - https:\/\/yoast.com\/product\/yoast-seo-wordpress\/ -->\n<title>El Papa se prepara para un evento crucial y multitudinario que ser\u00e1 \u201cun grito contra la guerra\u201d | Patagonia Rebelde<\/title>\n<meta name=\"robots\" content=\"index, follow, max-snippet:-1, max-image-preview:large, max-video-preview:-1\" \/>\n<link rel=\"canonical\" href=\"https:\/\/patagoniarebeldeweb.com.ar\/?p=1695\" \/>\n<meta property=\"og:locale\" content=\"es_ES\" \/>\n<meta property=\"og:type\" content=\"article\" \/>\n<meta property=\"og:title\" content=\"El Papa se prepara para un evento crucial y multitudinario que ser\u00e1 \u201cun grito contra la guerra\u201d | Patagonia Rebelde\" \/>\n<meta property=\"og:description\" content=\"Le\u00f3n XIV ajusta los detalles de la Jornada Mundial de la Juventud, que se inicia...\" \/>\n<meta property=\"og:url\" content=\"https:\/\/patagoniarebeldeweb.com.ar\/?p=1695\" \/>\n<meta property=\"og:site_name\" content=\"Patagonia Rebelde\" \/>\n<meta property=\"article:publisher\" content=\"https:\/\/www.facebook.com\/patagoniarebeldeweb\/\" \/>\n<meta property=\"article:published_time\" content=\"2025-07-25T09:50:52+00:00\" \/>\n<meta property=\"article:modified_time\" content=\"2025-07-25T09:50:55+00:00\" \/>\n<meta property=\"og:image\" content=\"https:\/\/patagoniarebeldeweb.com.ar\/wp-content\/uploads\/2025\/07\/PAPA-LEON-XIV.webp\" \/>\n\t<meta property=\"og:image:width\" content=\"480\" \/>\n\t<meta property=\"og:image:height\" content=\"270\" \/>\n\t<meta property=\"og:image:type\" content=\"image\/webp\" \/>\n<meta name=\"author\" content=\"admin\" \/>\n<meta name=\"twitter:card\" content=\"summary_large_image\" \/>\n<meta name=\"twitter:label1\" content=\"Escrito por\" \/>\n\t<meta name=\"twitter:data1\" content=\"admin\" \/>\n\t<meta name=\"twitter:label2\" content=\"Tiempo de lectura\" \/>\n\t<meta name=\"twitter:data2\" content=\"3 minutos\" \/>\n<script type=\"application\/ld+json\" class=\"yoast-schema-graph\">{\"@context\":\"https:\/\/schema.org\",\"@graph\":[{\"@type\":\"Article\",\"@id\":\"https:\/\/patagoniarebeldeweb.com.ar\/?p=1695#article\",\"isPartOf\":{\"@id\":\"https:\/\/patagoniarebeldeweb.com.ar\/?p=1695\"},\"author\":{\"name\":\"admin\",\"@id\":\"https:\/\/patagoniarebeldeweb.com.ar\/#\/schema\/person\/e293fd079db65aaa1c67b010d4a45452\"},\"headline\":\"El Papa se prepara para un evento crucial y multitudinario que ser\u00e1 \u201cun grito contra la guerra\u201d\",\"datePublished\":\"2025-07-25T09:50:52+00:00\",\"dateModified\":\"2025-07-25T09:50:55+00:00\",\"mainEntityOfPage\":{\"@id\":\"https:\/\/patagoniarebeldeweb.com.ar\/?p=1695\"},\"wordCount\":671,\"commentCount\":0,\"publisher\":{\"@id\":\"https:\/\/patagoniarebeldeweb.com.ar\/#organization\"},\"image\":{\"@id\":\"https:\/\/patagoniarebeldeweb.com.ar\/?p=1695#primaryimage\"},\"thumbnailUrl\":\"https:\/\/patagoniarebeldeweb.com.ar\/wp-content\/uploads\/2025\/07\/PAPA-LEON-XIV.webp\",\"articleSection\":[\"INTERNACIONAL\"],\"inLanguage\":\"es-AR\",\"potentialAction\":[{\"@type\":\"CommentAction\",\"name\":\"Comment\",\"target\":[\"https:\/\/patagoniarebeldeweb.com.ar\/?p=1695#respond\"]}]},{\"@type\":\"WebPage\",\"@id\":\"https:\/\/patagoniarebeldeweb.com.ar\/?p=1695\",\"url\":\"https:\/\/patagoniarebeldeweb.com.ar\/?p=1695\",\"name\":\"El Papa se prepara para un evento crucial y multitudinario que ser\u00e1 \u201cun grito contra la guerra\u201d | Patagonia Rebelde\",\"isPartOf\":{\"@id\":\"https:\/\/patagoniarebeldeweb.com.ar\/#website\"},\"primaryImageOfPage\":{\"@id\":\"https:\/\/patagoniarebeldeweb.com.ar\/?p=1695#primaryimage\"},\"image\":{\"@id\":\"https:\/\/patagoniarebeldeweb.com.ar\/?p=1695#primaryimage\"},\"thumbnailUrl\":\"https:\/\/patagoniarebeldeweb.com.ar\/wp-content\/uploads\/2025\/07\/PAPA-LEON-XIV.webp\",\"datePublished\":\"2025-07-25T09:50:52+00:00\",\"dateModified\":\"2025-07-25T09:50:55+00:00\",\"breadcrumb\":{\"@id\":\"https:\/\/patagoniarebeldeweb.com.ar\/?p=1695#breadcrumb\"},\"inLanguage\":\"es-AR\",\"potentialAction\":[{\"@type\":\"ReadAction\",\"target\":[\"https:\/\/patagoniarebeldeweb.com.ar\/?p=1695\"]}]},{\"@type\":\"ImageObject\",\"inLanguage\":\"es-AR\",\"@id\":\"https:\/\/patagoniarebeldeweb.com.ar\/?p=1695#primaryimage\",\"url\":\"https:\/\/patagoniarebeldeweb.com.ar\/wp-content\/uploads\/2025\/07\/PAPA-LEON-XIV.webp\",\"contentUrl\":\"https:\/\/patagoniarebeldeweb.com.ar\/wp-content\/uploads\/2025\/07\/PAPA-LEON-XIV.webp\",\"width\":480,\"height\":270},{\"@type\":\"BreadcrumbList\",\"@id\":\"https:\/\/patagoniarebeldeweb.com.ar\/?p=1695#breadcrumb\",\"itemListElement\":[{\"@type\":\"ListItem\",\"position\":1,\"name\":\"Portada\",\"item\":\"https:\/\/patagoniarebeldeweb.com.ar\/\"},{\"@type\":\"ListItem\",\"position\":2,\"name\":\"El Papa se prepara para un evento crucial y multitudinario que ser\u00e1 \u201cun grito contra la guerra\u201d\"}]},{\"@type\":\"WebSite\",\"@id\":\"https:\/\/patagoniarebeldeweb.com.ar\/#website\",\"url\":\"https:\/\/patagoniarebeldeweb.com.ar\/\",\"name\":\"Patagonia Rebelde\",\"description\":\"Toda la info de General Rodr\u00edguez\",\"publisher\":{\"@id\":\"https:\/\/patagoniarebeldeweb.com.ar\/#organization\"},\"alternateName\":\"Patagonia Rebelde web\",\"potentialAction\":[{\"@type\":\"SearchAction\",\"target\":{\"@type\":\"EntryPoint\",\"urlTemplate\":\"https:\/\/patagoniarebeldeweb.com.ar\/?s={search_term_string}\"},\"query-input\":{\"@type\":\"PropertyValueSpecification\",\"valueRequired\":true,\"valueName\":\"search_term_string\"}}],\"inLanguage\":\"es-AR\"},{\"@type\":\"Organization\",\"@id\":\"https:\/\/patagoniarebeldeweb.com.ar\/#organization\",\"name\":\"Patagonia Rebelde\",\"alternateName\":\"Patagonia Rebelde web\",\"url\":\"https:\/\/patagoniarebeldeweb.com.ar\/\",\"logo\":{\"@type\":\"ImageObject\",\"inLanguage\":\"es-AR\",\"@id\":\"https:\/\/patagoniarebeldeweb.com.ar\/#\/schema\/logo\/image\/\",\"url\":\"https:\/\/patagoniarebeldeweb.com.ar\/wp-content\/uploads\/2024\/11\/logo-si.png\",\"contentUrl\":\"https:\/\/patagoniarebeldeweb.com.ar\/wp-content\/uploads\/2024\/11\/logo-si.png\",\"width\":460,\"height\":139,\"caption\":\"Patagonia Rebelde\"},\"image\":{\"@id\":\"https:\/\/patagoniarebeldeweb.com.ar\/#\/schema\/logo\/image\/\"},\"sameAs\":[\"https:\/\/www.facebook.com\/patagoniarebeldeweb\/\",\"https:\/\/www.youtube.com\/@edgardomiller\"]},{\"@type\":\"Person\",\"@id\":\"https:\/\/patagoniarebeldeweb.com.ar\/#\/schema\/person\/e293fd079db65aaa1c67b010d4a45452\",\"name\":\"admin\",\"image\":{\"@type\":\"ImageObject\",\"inLanguage\":\"es-AR\",\"@id\":\"https:\/\/secure.gravatar.com\/avatar\/aee4690e6ac4e427fd6efdc77149c35418ee5cc06426f4da7bc3ec412f507eb1?s=96&d=mm&r=g\",\"url\":\"https:\/\/secure.gravatar.com\/avatar\/aee4690e6ac4e427fd6efdc77149c35418ee5cc06426f4da7bc3ec412f507eb1?s=96&d=mm&r=g\",\"contentUrl\":\"https:\/\/secure.gravatar.com\/avatar\/aee4690e6ac4e427fd6efdc77149c35418ee5cc06426f4da7bc3ec412f507eb1?s=96&d=mm&r=g\",\"caption\":\"admin\"},\"sameAs\":[\"https:\/\/patagoniarebeldeweb.com.ar\"],\"url\":\"https:\/\/patagoniarebeldeweb.com.ar\/?author=1\"}]}<\/script>\n<!-- \/ Yoast SEO plugin. -->","yoast_head_json":{"title":"El Papa se prepara para un evento crucial y multitudinario que ser\u00e1 \u201cun grito contra la guerra\u201d | Patagonia Rebelde","robots":{"index":"index","follow":"follow","max-snippet":"max-snippet:-1","max-image-preview":"max-image-preview:large","max-video-preview":"max-video-preview:-1"},"canonical":"https:\/\/patagoniarebeldeweb.com.ar\/?p=1695","og_locale":"es_ES","og_type":"article","og_title":"El Papa se prepara para un evento crucial y multitudinario que ser\u00e1 \u201cun grito contra la guerra\u201d | Patagonia Rebelde","og_description":"Le\u00f3n XIV ajusta los detalles de la Jornada Mundial de la Juventud, que se inicia...","og_url":"https:\/\/patagoniarebeldeweb.com.ar\/?p=1695","og_site_name":"Patagonia Rebelde","article_publisher":"https:\/\/www.facebook.com\/patagoniarebeldeweb\/","article_published_time":"2025-07-25T09:50:52+00:00","article_modified_time":"2025-07-25T09:50:55+00:00","og_image":[{"width":480,"height":270,"url":"https:\/\/patagoniarebeldeweb.com.ar\/wp-content\/uploads\/2025\/07\/PAPA-LEON-XIV.webp","type":"image\/webp"}],"author":"admin","twitter_card":"summary_large_image","twitter_misc":{"Escrito por":"admin","Tiempo de lectura":"3 minutos"},"schema":{"@context":"https:\/\/schema.org","@graph":[{"@type":"Article","@id":"https:\/\/patagoniarebeldeweb.com.ar\/?p=1695#article","isPartOf":{"@id":"https:\/\/patagoniarebeldeweb.com.ar\/?p=1695"},"author":{"name":"admin","@id":"https:\/\/patagoniarebeldeweb.com.ar\/#\/schema\/person\/e293fd079db65aaa1c67b010d4a45452"},"headline":"El Papa se prepara para un evento crucial y multitudinario que ser\u00e1 \u201cun grito contra la guerra\u201d","datePublished":"2025-07-25T09:50:52+00:00","dateModified":"2025-07-25T09:50:55+00:00","mainEntityOfPage":{"@id":"https:\/\/patagoniarebeldeweb.com.ar\/?p=1695"},"wordCount":671,"commentCount":0,"publisher":{"@id":"https:\/\/patagoniarebeldeweb.com.ar\/#organization"},"image":{"@id":"https:\/\/patagoniarebeldeweb.com.ar\/?p=1695#primaryimage"},"thumbnailUrl":"https:\/\/patagoniarebeldeweb.com.ar\/wp-content\/uploads\/2025\/07\/PAPA-LEON-XIV.webp","articleSection":["INTERNACIONAL"],"inLanguage":"es-AR","potentialAction":[{"@type":"CommentAction","name":"Comment","target":["https:\/\/patagoniarebeldeweb.com.ar\/?p=1695#respond"]}]},{"@type":"WebPage","@id":"https:\/\/patagoniarebeldeweb.com.ar\/?p=1695","url":"https:\/\/patagoniarebeldeweb.com.ar\/?p=1695","name":"El Papa se prepara para un evento crucial y multitudinario que ser\u00e1 \u201cun grito contra la guerra\u201d | Patagonia Rebelde","isPartOf":{"@id":"https:\/\/patagoniarebeldeweb.com.ar\/#website"},"primaryImageOfPage":{"@id":"https:\/\/patagoniarebeldeweb.com.ar\/?p=1695#primaryimage"},"image":{"@id":"https:\/\/patagoniarebeldeweb.com.ar\/?p=1695#primaryimage"},"thumbnailUrl":"https:\/\/patagoniarebeldeweb.com.ar\/wp-content\/uploads\/2025\/07\/PAPA-LEON-XIV.webp","datePublished":"2025-07-25T09:50:52+00:00","dateModified":"2025-07-25T09:50:55+00:00","breadcrumb":{"@id":"https:\/\/patagoniarebeldeweb.com.ar\/?p=1695#breadcrumb"},"inLanguage":"es-AR","potentialAction":[{"@type":"ReadAction","target":["https:\/\/patagoniarebeldeweb.com.ar\/?p=1695"]}]},{"@type":"ImageObject","inLanguage":"es-AR","@id":"https:\/\/patagoniarebeldeweb.com.ar\/?p=1695#primaryimage","url":"https:\/\/patagoniarebeldeweb.com.ar\/wp-content\/uploads\/2025\/07\/PAPA-LEON-XIV.webp","contentUrl":"https:\/\/patagoniarebeldeweb.com.ar\/wp-content\/uploads\/2025\/07\/PAPA-LEON-XIV.webp","width":480,"height":270},{"@type":"BreadcrumbList","@id":"https:\/\/patagoniarebeldeweb.com.ar\/?p=1695#breadcrumb","itemListElement":[{"@type":"ListItem","position":1,"name":"Portada","item":"https:\/\/patagoniarebeldeweb.com.ar\/"},{"@type":"ListItem","position":2,"name":"El Papa se prepara para un evento crucial y multitudinario que ser\u00e1 \u201cun grito contra la guerra\u201d"}]},{"@type":"WebSite","@id":"https:\/\/patagoniarebeldeweb.com.ar\/#website","url":"https:\/\/patagoniarebeldeweb.com.ar\/","name":"Patagonia Rebelde","description":"Toda la info de General Rodr\u00edguez","publisher":{"@id":"https:\/\/patagoniarebeldeweb.com.ar\/#organization"},"alternateName":"Patagonia Rebelde web","potentialAction":[{"@type":"SearchAction","target":{"@type":"EntryPoint","urlTemplate":"https:\/\/patagoniarebeldeweb.com.ar\/?s={search_term_string}"},"query-input":{"@type":"PropertyValueSpecification","valueRequired":true,"valueName":"search_term_string"}}],"inLanguage":"es-AR"},{"@type":"Organization","@id":"https:\/\/patagoniarebeldeweb.com.ar\/#organization","name":"Patagonia Rebelde","alternateName":"Patagonia Rebelde web","url":"https:\/\/patagoniarebeldeweb.com.ar\/","logo":{"@type":"ImageObject","inLanguage":"es-AR","@id":"https:\/\/patagoniarebeldeweb.com.ar\/#\/schema\/logo\/image\/","url":"https:\/\/patagoniarebeldeweb.com.ar\/wp-content\/uploads\/2024\/11\/logo-si.png","contentUrl":"https:\/\/patagoniarebeldeweb.com.ar\/wp-content\/uploads\/2024\/11\/logo-si.png","width":460,"height":139,"caption":"Patagonia Rebelde"},"image":{"@id":"https:\/\/patagoniarebeldeweb.com.ar\/#\/schema\/logo\/image\/"},"sameAs":["https:\/\/www.facebook.com\/patagoniarebeldeweb\/","https:\/\/www.youtube.com\/@edgardomiller"]},{"@type":"Person","@id":"https:\/\/patagoniarebeldeweb.com.ar\/#\/schema\/person\/e293fd079db65aaa1c67b010d4a45452","name":"admin","image":{"@type":"ImageObject","inLanguage":"es-AR","@id":"https:\/\/secure.gravatar.com\/avatar\/aee4690e6ac4e427fd6efdc77149c35418ee5cc06426f4da7bc3ec412f507eb1?s=96&d=mm&r=g","url":"https:\/\/secure.gravatar.com\/avatar\/aee4690e6ac4e427fd6efdc77149c35418ee5cc06426f4da7bc3ec412f507eb1?s=96&d=mm&r=g","contentUrl":"https:\/\/secure.gravatar.com\/avatar\/aee4690e6ac4e427fd6efdc77149c35418ee5cc06426f4da7bc3ec412f507eb1?s=96&d=mm&r=g","caption":"admin"},"sameAs":["https:\/\/patagoniarebeldeweb.com.ar"],"url":"https:\/\/patagoniarebeldeweb.com.ar\/?author=1"}]}},"featured_image_urls":{"full":["https:\/\/patagoniarebeldeweb.com.ar\/wp-content\/uploads\/2025\/07\/PAPA-LEON-XIV.webp",480,270,false],"thumbnail":["https:\/\/patagoniarebeldeweb.com.ar\/wp-content\/uploads\/2025\/07\/PAPA-LEON-XIV-150x150.webp",150,150,true],"medium":["https:\/\/patagoniarebeldeweb.com.ar\/wp-content\/uploads\/2025\/07\/PAPA-LEON-XIV-300x169.webp",300,169,true],"medium_large":["https:\/\/patagoniarebeldeweb.com.ar\/wp-content\/uploads\/2025\/07\/PAPA-LEON-XIV.webp",480,270,false],"large":["https:\/\/patagoniarebeldeweb.com.ar\/wp-content\/uploads\/2025\/07\/PAPA-LEON-XIV.webp",480,270,false],"1536x1536":["https:\/\/patagoniarebeldeweb.com.ar\/wp-content\/uploads\/2025\/07\/PAPA-LEON-XIV.webp",480,270,false],"2048x2048":["https:\/\/patagoniarebeldeweb.com.ar\/wp-content\/uploads\/2025\/07\/PAPA-LEON-XIV.webp",480,270,false],"enternews-slider-full":["https:\/\/patagoniarebeldeweb.com.ar\/wp-content\/uploads\/2025\/07\/PAPA-LEON-XIV.webp",480,270,false],"enternews-featured":["https:\/\/patagoniarebeldeweb.com.ar\/wp-content\/uploads\/2025\/07\/PAPA-LEON-XIV.webp",480,270,false],"enternews-medium":["https:\/\/patagoniarebeldeweb.com.ar\/wp-content\/uploads\/2025\/07\/PAPA-LEON-XIV.webp",480,270,false]},"author_info":{"display_name":"admin","author_link":"https:\/\/patagoniarebeldeweb.com.ar\/?author=1"},"category_info":"<a href=\"https:\/\/patagoniarebeldeweb.com.ar\/?cat=38\" rel=\"category\">INTERNACIONAL<\/a>","tag_info":"INTERNACIONAL","comment_count":"0","_links":{"self":[{"href":"https:\/\/patagoniarebeldeweb.com.ar\/index.php?rest_route=\/wp\/v2\/posts\/1695","targetHints":{"allow":["GET"]}}],"collection":[{"href":"https:\/\/patagoniarebeldeweb.com.ar\/index.php?rest_route=\/wp\/v2\/posts"}],"about":[{"href":"https:\/\/patagoniarebeldeweb.com.ar\/index.php?rest_route=\/wp\/v2\/types\/post"}],"author":[{"embeddable":true,"href":"https:\/\/patagoniarebeldeweb.com.ar\/index.php?rest_route=\/wp\/v2\/users\/1"}],"replies":[{"embeddable":true,"href":"https:\/\/patagoniarebeldeweb.com.ar\/index.php?rest_route=%2Fwp%2Fv2%2Fcomments&post=1695"}],"version-history":[{"count":1,"href":"https:\/\/patagoniarebeldeweb.com.ar\/index.php?rest_route=\/wp\/v2\/posts\/1695\/revisions"}],"predecessor-version":[{"id":1697,"href":"https:\/\/patagoniarebeldeweb.com.ar\/index.php?rest_route=\/wp\/v2\/posts\/1695\/revisions\/1697"}],"wp:featuredmedia":[{"embeddable":true,"href":"https:\/\/patagoniarebeldeweb.com.ar\/index.php?rest_route=\/wp\/v2\/media\/1696"}],"wp:attachment":[{"href":"https:\/\/patagoniarebeldeweb.com.ar\/index.php?rest_route=%2Fwp%2Fv2%2Fmedia&parent=1695"}],"wp:term":[{"taxonomy":"category","embeddable":true,"href":"https:\/\/patagoniarebeldeweb.com.ar\/index.php?rest_route=%2Fwp%2Fv2%2Fcategories&post=1695"},{"taxonomy":"post_tag","embeddable":true,"href":"https:\/\/patagoniarebeldeweb.com.ar\/index.php?rest_route=%2Fwp%2Fv2%2Ftags&post=1695"}],"curies":[{"name":"wp","href":"https:\/\/api.w.org\/{rel}","templated":true}]}}