{"id":1565,"date":"2025-04-08T23:26:46","date_gmt":"2025-04-09T02:26:46","guid":{"rendered":"https:\/\/patagoniarebeldeweb.com.ar\/?p=1565"},"modified":"2025-04-08T23:26:52","modified_gmt":"2025-04-09T02:26:52","slug":"libra-al-congreso-los-gobernadores-dialoguistas-la-clave-de-un-nuevo-golpe-a-milei-en-diputados","status":"publish","type":"post","link":"https:\/\/patagoniarebeldeweb.com.ar\/?p=1565","title":{"rendered":"$LIBRA al Congreso: los gobernadores &#8220;dialoguistas&#8221;, la clave de un nuevo golpe a Milei en Diputados"},"content":{"rendered":"\n<h4 class=\"wp-block-heading\">Con negociaciones a contrarreloj, cambi\u00f3 la postura de no dar qu\u00f3rum que ten\u00edan muchos legisladores que responden directamente a gobernadores. Bajaron y permitieron la aprobaci\u00f3n de los proyectos a los que el Ejecutivo intentaba esquivar.<\/h4>\n\n\n\n<p>Las maniobras del gobierno nacional esta vez no fueron suficientes para bloquear una derrota en el Congreso. Otra vez m\u00e1s, luego del rev\u00e9s en el Senado por el rechazo de los pliegos de los jueces propuestos por el Ejecutivo para la Corte Suprema,&nbsp;<a href=\"https:\/\/senado:%20la%20oposici%C3%B3n%20logr%C3%B3%20qu%C3%B3rum%20y%20se%20acerca%20a%20rechazar%20los%20pliegos%20de%20Garc%C3%ADa%20Mansilla%20y%20Lijo\/\" target=\"_blank\" rel=\"noreferrer noopener\"><strong>Manuel Garc\u00eda Mansilla<\/strong>&nbsp;y&nbsp;<strong>Ariel Lijo<\/strong><\/a>, el parlamento logr\u00f3 un sorpresivo qu\u00f3rum y aprob\u00f3 en el recinto los proyectos que pretenden investigar el esc\u00e1ndalo de&nbsp;<strong>$LIBRA<\/strong>.<\/p>\n\n\n\n<p>Se aprob\u00f3 con 128 votos afirmativos, 93 negativos y 7 abstenciones la creaci\u00f3n de una comisi\u00f3n investigadora. Luego, fueron 131 votos a favor, 96 en contra y ninguna abstenci\u00f3n para aprobar la interpelaci\u00f3n de los funcionarios del gobierno. Por \u00faltimo, tambi\u00e9n aprobaron el pedido de informes al Poder Ejecutivo por la criptoestafa, con 135 votos a favor, 84 en contra y 7 abstenciones.<\/p>\n\n\n\n<h2 class=\"wp-block-heading\"><strong>No alcanzaron las presiones del Ejecutivo: \u00bflos gobernadores empiezan a soltarle la mano?<\/strong><\/h2>\n\n\n\n<p>En este caso, la solicitud de la sesi\u00f3n para este martes 8 de abril al mediod\u00eda ten\u00eda la firma de unos 36 diputados de distintos espacios opositores, y llegaba justo dos semanas despu\u00e9s de que tan s\u00f3lo por 5 bancas no pudieran obtener el qu\u00f3rum en el recinto. Hab\u00eda confianza de que esta vez llegar\u00edan. Menem convoc\u00f3 a la sesi\u00f3n y, en paralelo, hizo su jugada para disuadir, aunque sea, a los m\u00e1s dialoguistas con el gobierno dentro de esa oposici\u00f3n: anticip\u00f3 que el jefe de Gabinete,&nbsp;<strong>Guillermo Francos<\/strong>, asistir\u00eda el pr\u00f3ximo 16 de abril para presentar el informe de gesti\u00f3n, en donde podr\u00eda responder por la estafa cripto, entre otros temas.<\/p>\n\n\n\n<p>Eso conform\u00f3 a la UCR de&nbsp;<strong>Rodrigo De Loredo<\/strong>. Desde ese bloque afirmaron a&nbsp;<em><strong>PERFIL<\/strong><\/em>&nbsp;que &#8220;el problema es que las comisiones investigadoras solo han sido un instrumento para que las autoridades de las comisiones se lleven contratos y la usen para hacer campa\u00f1a en sus provincias. Resolutivas nunca&#8221;.<\/p>\n\n\n\n<p>&#8220;Hicimos un pedido de acceso a la informaci\u00f3n a Milei (est\u00e1 obligado a responder) ma\u00f1ana se vence la fecha -9 de abril- y poco importa si nos responde. Porque lo que va a ser informaci\u00f3n es incluso lo que no responde. Ser\u00e1 la Justicia la que tenga que ver la presuntas que no respondi\u00f3&#8221;, agregaron.<\/p>\n\n\n\n<p>Pero el as bajo la manga que siempre utiliz\u00f3 hasta ahora el gobierno fue levantar el tel\u00e9fono a las provincias, en un contexto de a\u00f1o electoral, con obra p\u00fablica congelada y sin una Ley de Presupuesto (ni 2024, ni 2025), para manejarse con total discrecionalidad y frenar la voluntad hasta de diputados o senadores que firmaban los proyectos y luego los rechazaban o se absten\u00edan.<\/p>\n\n\n\n<p>Por eso, los propios diputados que hab\u00edan firmado la solicitud para sesionar y algunos de los proyectos con dictamen reconoc\u00edan a este medio &#8220;estamos muy justos&#8221;. Otros hasta ya daban por sentado que &#8220;no se va llegar&#8221;.<\/p>\n\n\n\n<p>Entre este grupo de diputados expuesto a los llamados del Ejecutivo, los cordobeses que responden al gobernador&nbsp;<strong>Mart\u00edn Llaryora<\/strong>. Hoy s\u00ed que dieron una sorpresa. Sus mismos pares de bloque no se animaban a confirmar su presencia, acostumbrados a responder ante esas presiones. Hubo una gesti\u00f3n a contrarreloj que arroj\u00f3, sorpresivamente, esperanza. Y finalmente bajaron:&nbsp;<strong>Ignacio Garc\u00eda Aresca, Carlos Guti\u00e9rrez, Juan Br\u00fcgge y Alejandra Torres&nbsp;<\/strong>ingresaron al recinto y dieron qu\u00f3rum. Quien mantuvo di\u00e1logo permanente con ellos fue su par&nbsp;<strong>Oscar Agost Carre\u00f1o<\/strong>, clave en esas negociaciones de \u00faltimo momento. Tambi\u00e9n lo hizo&nbsp;<strong>Natalia de la Sota<\/strong>, de quien se esperaba que bajara. Lo cierto es que&nbsp;<strong>Aresca, Guti\u00e9rrez y Torres terminaron votando en contra, pero de no haberse sentado, no se hubiera aprobado. Br\u00fcgge se abstuvo.<\/strong><\/p>\n\n\n\n<p>El resto de EF ya hab\u00eda adelantado su postura a: &#8220;Que Francos cumpla con el mandato constitucional de dar su informe de gesti\u00f3n en el Congreso, es otra cosa. Los implicados en la estafa tienen que dar explicaciones. Algunos &#8220;opositores&#8221; usaran el informe de Francos como excusa para no dar qu\u00f3rum ma\u00f1ana. Pero no es m\u00e1s que una excusa. Porque quienes tuvieron contacto con los tipos de Libra y quienes les abrieron las puertas de la Rosada para que se re\u00fanan con el presidente, son la hermana (Karina) y Adorni&#8221;. Vale destacar que tanto la secretaria de Presidencia como el vocero, fueron finalmente excluidos de la interpelaci\u00f3n. Deber\u00e1n ir al recinto los ministros de Justicia y Econom\u00eda, Mariano C\u00faneo Libarona y Luis Caputo. Tambi\u00e9n al jefe de Gabinete, Guillermo Francos, y al titular de la Comisi\u00f3n Nacional de Valores, Roberto Silva.<\/p>\n\n\n\n<p>Y la otra gran sorpresa la dieron que tres de los cuatro catarmaque\u00f1os de Uni\u00f3n por la Patria que responden a Ra\u00fal Jalil bajaran. Habitualmente, apoyan siempre al Presidente en sus desaf\u00edos parlamentarios.<\/p>\n\n\n\n<p>Por \u00faltimo, la aparici\u00f3n de tres radicales fueron vitales tambi\u00e9n. Si bien desde el entorno de Julio Cobos (Mendoza) hab\u00edan anticipado que el diputado dar\u00eda qu\u00f3rum, sorprendi\u00f3 Fabio Quetglas de Buenos Aires y Mario Barletta, del monobloque Unidos (Santa Fe). Algunos se\u00f1alaron que en el caso del mendocino ten\u00eda que ver con una interna con Rodolfo Su\u00e1rez, gobernador de dicha provincia. Sin embargo, Cobos vot\u00f3 a favor de investigar al gobierno, mientras que Quelglas y Barletta se ausentaron en la votaci\u00f3n. Otra sorpresa del mundo radical pero entre el bloque de los d\u00edscolos de DpS fue el juje\u00f1o&nbsp;<strong>Jorge Rizzotti,&nbsp;<\/strong>que de pasar a no dar qu\u00f3rum no s\u00f3lo lo dio sino que vot\u00f3 a favor de investigar al Ejecutivo.<\/p>\n\n\n\n<p>Por su parte, la bancada del PRO que conduce&nbsp;<strong>Cristian Ritondo<\/strong>&nbsp;aclar\u00f3 su posici\u00f3n de no dar qu\u00f3rum y despej\u00f3 las especulaciones de que el enfrentamiento de Macri con&nbsp;<strong>Santiago Caputo<\/strong>&nbsp;y&nbsp;<strong>Karina Milei<\/strong>&nbsp;tuviera implicancias. Nadie baj\u00f3. &#8220;Creemos que es la Justicia quien tiene que investigar&#8221;, afirmaron desde el bloque.<\/p>\n\n\n\n<p>Por \u00faltimo, una de las llamativas ausencias a la hora de votar fue la de Marcela Pagano, quien estuvo presente durante la sesi\u00f3n, aunque no se sent\u00f3 a dar qu\u00f3rum. Las otras dos libertarias en crisis con el bloque de LLA, Lourdes Arrieta y Roc\u00edo Bonacci, optaron por abstenerse o rechazar los proyectos respectivamente.<\/p>\n\n\n\n<p>JD \/<\/p>\n\n\n\n<p>Fuente: Perfil \/AGP<\/p>\n\n\n\n<p>Editor: EM<\/p>\n\n\n\n<p><\/p>\n","protected":false},"excerpt":{"rendered":"<p>Con negociaciones a contrarreloj, cambi\u00f3 la postura de no dar qu\u00f3rum que ten\u00edan muchos legisladores&#8230;<\/p>\n","protected":false},"author":1,"featured_media":1395,"comment_status":"open","ping_status":"open","sticky":false,"template":"","format":"standard","meta":{"footnotes":""},"categories":[36],"tags":[],"class_list":["post-1565","post","type-post","status-publish","format-standard","has-post-thumbnail","hentry","category-recientes"],"yoast_head":"<!-- This site is optimized with the Yoast SEO plugin v27.2 - https:\/\/yoast.com\/product\/yoast-seo-wordpress\/ -->\n<title>$LIBRA al Congreso: los gobernadores &quot;dialoguistas&quot;, la clave de un nuevo golpe a Milei en Diputados | Patagonia Rebelde<\/title>\n<meta name=\"robots\" content=\"index, follow, max-snippet:-1, max-image-preview:large, max-video-preview:-1\" \/>\n<link rel=\"canonical\" href=\"https:\/\/patagoniarebeldeweb.com.ar\/?p=1565\" \/>\n<meta property=\"og:locale\" content=\"es_ES\" \/>\n<meta property=\"og:type\" content=\"article\" \/>\n<meta property=\"og:title\" content=\"$LIBRA al Congreso: los gobernadores &quot;dialoguistas&quot;, la clave de un nuevo golpe a Milei en Diputados | Patagonia Rebelde\" \/>\n<meta property=\"og:description\" content=\"Con negociaciones a contrarreloj, cambi\u00f3 la postura de no dar qu\u00f3rum que ten\u00edan muchos legisladores...\" \/>\n<meta property=\"og:url\" content=\"https:\/\/patagoniarebeldeweb.com.ar\/?p=1565\" \/>\n<meta property=\"og:site_name\" content=\"Patagonia Rebelde\" \/>\n<meta property=\"article:publisher\" content=\"https:\/\/www.facebook.com\/patagoniarebeldeweb\/\" \/>\n<meta property=\"article:published_time\" content=\"2025-04-09T02:26:46+00:00\" \/>\n<meta property=\"article:modified_time\" content=\"2025-04-09T02:26:52+00:00\" \/>\n<meta property=\"og:image\" content=\"https:\/\/patagoniarebeldeweb.com.ar\/wp-content\/uploads\/2025\/02\/CONGRESO.jpg\" \/>\n\t<meta property=\"og:image:width\" content=\"1256\" \/>\n\t<meta property=\"og:image:height\" content=\"620\" \/>\n\t<meta property=\"og:image:type\" content=\"image\/jpeg\" \/>\n<meta name=\"author\" content=\"admin\" \/>\n<meta name=\"twitter:card\" content=\"summary_large_image\" \/>\n<meta name=\"twitter:label1\" content=\"Escrito por\" \/>\n\t<meta name=\"twitter:data1\" content=\"admin\" \/>\n\t<meta name=\"twitter:label2\" content=\"Tiempo de lectura\" \/>\n\t<meta name=\"twitter:data2\" content=\"5 minutos\" \/>\n<script type=\"application\/ld+json\" class=\"yoast-schema-graph\">{\"@context\":\"https:\/\/schema.org\",\"@graph\":[{\"@type\":\"Article\",\"@id\":\"https:\/\/patagoniarebeldeweb.com.ar\/?p=1565#article\",\"isPartOf\":{\"@id\":\"https:\/\/patagoniarebeldeweb.com.ar\/?p=1565\"},\"author\":{\"name\":\"admin\",\"@id\":\"https:\/\/patagoniarebeldeweb.com.ar\/#\/schema\/person\/e293fd079db65aaa1c67b010d4a45452\"},\"headline\":\"$LIBRA al Congreso: los gobernadores &#8220;dialoguistas&#8221;, la clave de un nuevo golpe a Milei en Diputados\",\"datePublished\":\"2025-04-09T02:26:46+00:00\",\"dateModified\":\"2025-04-09T02:26:52+00:00\",\"mainEntityOfPage\":{\"@id\":\"https:\/\/patagoniarebeldeweb.com.ar\/?p=1565\"},\"wordCount\":1137,\"commentCount\":0,\"publisher\":{\"@id\":\"https:\/\/patagoniarebeldeweb.com.ar\/#organization\"},\"image\":{\"@id\":\"https:\/\/patagoniarebeldeweb.com.ar\/?p=1565#primaryimage\"},\"thumbnailUrl\":\"https:\/\/patagoniarebeldeweb.com.ar\/wp-content\/uploads\/2025\/02\/CONGRESO.jpg\",\"articleSection\":[\"RECIENTES\"],\"inLanguage\":\"es-AR\",\"potentialAction\":[{\"@type\":\"CommentAction\",\"name\":\"Comment\",\"target\":[\"https:\/\/patagoniarebeldeweb.com.ar\/?p=1565#respond\"]}]},{\"@type\":\"WebPage\",\"@id\":\"https:\/\/patagoniarebeldeweb.com.ar\/?p=1565\",\"url\":\"https:\/\/patagoniarebeldeweb.com.ar\/?p=1565\",\"name\":\"$LIBRA al Congreso: los gobernadores \\\"dialoguistas\\\", la clave de un nuevo golpe a Milei en Diputados | Patagonia Rebelde\",\"isPartOf\":{\"@id\":\"https:\/\/patagoniarebeldeweb.com.ar\/#website\"},\"primaryImageOfPage\":{\"@id\":\"https:\/\/patagoniarebeldeweb.com.ar\/?p=1565#primaryimage\"},\"image\":{\"@id\":\"https:\/\/patagoniarebeldeweb.com.ar\/?p=1565#primaryimage\"},\"thumbnailUrl\":\"https:\/\/patagoniarebeldeweb.com.ar\/wp-content\/uploads\/2025\/02\/CONGRESO.jpg\",\"datePublished\":\"2025-04-09T02:26:46+00:00\",\"dateModified\":\"2025-04-09T02:26:52+00:00\",\"breadcrumb\":{\"@id\":\"https:\/\/patagoniarebeldeweb.com.ar\/?p=1565#breadcrumb\"},\"inLanguage\":\"es-AR\",\"potentialAction\":[{\"@type\":\"ReadAction\",\"target\":[\"https:\/\/patagoniarebeldeweb.com.ar\/?p=1565\"]}]},{\"@type\":\"ImageObject\",\"inLanguage\":\"es-AR\",\"@id\":\"https:\/\/patagoniarebeldeweb.com.ar\/?p=1565#primaryimage\",\"url\":\"https:\/\/patagoniarebeldeweb.com.ar\/wp-content\/uploads\/2025\/02\/CONGRESO.jpg\",\"contentUrl\":\"https:\/\/patagoniarebeldeweb.com.ar\/wp-content\/uploads\/2025\/02\/CONGRESO.jpg\",\"width\":1256,\"height\":620},{\"@type\":\"BreadcrumbList\",\"@id\":\"https:\/\/patagoniarebeldeweb.com.ar\/?p=1565#breadcrumb\",\"itemListElement\":[{\"@type\":\"ListItem\",\"position\":1,\"name\":\"Portada\",\"item\":\"https:\/\/patagoniarebeldeweb.com.ar\/\"},{\"@type\":\"ListItem\",\"position\":2,\"name\":\"$LIBRA al Congreso: los gobernadores &#8220;dialoguistas&#8221;, la clave de un nuevo golpe a Milei en Diputados\"}]},{\"@type\":\"WebSite\",\"@id\":\"https:\/\/patagoniarebeldeweb.com.ar\/#website\",\"url\":\"https:\/\/patagoniarebeldeweb.com.ar\/\",\"name\":\"Patagonia Rebelde\",\"description\":\"Toda la info de General Rodr\u00edguez\",\"publisher\":{\"@id\":\"https:\/\/patagoniarebeldeweb.com.ar\/#organization\"},\"alternateName\":\"Patagonia Rebelde web\",\"potentialAction\":[{\"@type\":\"SearchAction\",\"target\":{\"@type\":\"EntryPoint\",\"urlTemplate\":\"https:\/\/patagoniarebeldeweb.com.ar\/?s={search_term_string}\"},\"query-input\":{\"@type\":\"PropertyValueSpecification\",\"valueRequired\":true,\"valueName\":\"search_term_string\"}}],\"inLanguage\":\"es-AR\"},{\"@type\":\"Organization\",\"@id\":\"https:\/\/patagoniarebeldeweb.com.ar\/#organization\",\"name\":\"Patagonia Rebelde\",\"alternateName\":\"Patagonia Rebelde web\",\"url\":\"https:\/\/patagoniarebeldeweb.com.ar\/\",\"logo\":{\"@type\":\"ImageObject\",\"inLanguage\":\"es-AR\",\"@id\":\"https:\/\/patagoniarebeldeweb.com.ar\/#\/schema\/logo\/image\/\",\"url\":\"https:\/\/patagoniarebeldeweb.com.ar\/wp-content\/uploads\/2024\/11\/logo-si.png\",\"contentUrl\":\"https:\/\/patagoniarebeldeweb.com.ar\/wp-content\/uploads\/2024\/11\/logo-si.png\",\"width\":460,\"height\":139,\"caption\":\"Patagonia Rebelde\"},\"image\":{\"@id\":\"https:\/\/patagoniarebeldeweb.com.ar\/#\/schema\/logo\/image\/\"},\"sameAs\":[\"https:\/\/www.facebook.com\/patagoniarebeldeweb\/\",\"https:\/\/www.youtube.com\/@edgardomiller\"]},{\"@type\":\"Person\",\"@id\":\"https:\/\/patagoniarebeldeweb.com.ar\/#\/schema\/person\/e293fd079db65aaa1c67b010d4a45452\",\"name\":\"admin\",\"image\":{\"@type\":\"ImageObject\",\"inLanguage\":\"es-AR\",\"@id\":\"https:\/\/secure.gravatar.com\/avatar\/aee4690e6ac4e427fd6efdc77149c35418ee5cc06426f4da7bc3ec412f507eb1?s=96&d=mm&r=g\",\"url\":\"https:\/\/secure.gravatar.com\/avatar\/aee4690e6ac4e427fd6efdc77149c35418ee5cc06426f4da7bc3ec412f507eb1?s=96&d=mm&r=g\",\"contentUrl\":\"https:\/\/secure.gravatar.com\/avatar\/aee4690e6ac4e427fd6efdc77149c35418ee5cc06426f4da7bc3ec412f507eb1?s=96&d=mm&r=g\",\"caption\":\"admin\"},\"sameAs\":[\"https:\/\/patagoniarebeldeweb.com.ar\"],\"url\":\"https:\/\/patagoniarebeldeweb.com.ar\/?author=1\"}]}<\/script>\n<!-- \/ Yoast SEO plugin. -->","yoast_head_json":{"title":"$LIBRA al Congreso: los gobernadores \"dialoguistas\", la clave de un nuevo golpe a Milei en Diputados | Patagonia Rebelde","robots":{"index":"index","follow":"follow","max-snippet":"max-snippet:-1","max-image-preview":"max-image-preview:large","max-video-preview":"max-video-preview:-1"},"canonical":"https:\/\/patagoniarebeldeweb.com.ar\/?p=1565","og_locale":"es_ES","og_type":"article","og_title":"$LIBRA al Congreso: los gobernadores \"dialoguistas\", la clave de un nuevo golpe a Milei en Diputados | Patagonia Rebelde","og_description":"Con negociaciones a contrarreloj, cambi\u00f3 la postura de no dar qu\u00f3rum que ten\u00edan muchos legisladores...","og_url":"https:\/\/patagoniarebeldeweb.com.ar\/?p=1565","og_site_name":"Patagonia Rebelde","article_publisher":"https:\/\/www.facebook.com\/patagoniarebeldeweb\/","article_published_time":"2025-04-09T02:26:46+00:00","article_modified_time":"2025-04-09T02:26:52+00:00","og_image":[{"width":1256,"height":620,"url":"https:\/\/patagoniarebeldeweb.com.ar\/wp-content\/uploads\/2025\/02\/CONGRESO.jpg","type":"image\/jpeg"}],"author":"admin","twitter_card":"summary_large_image","twitter_misc":{"Escrito por":"admin","Tiempo de lectura":"5 minutos"},"schema":{"@context":"https:\/\/schema.org","@graph":[{"@type":"Article","@id":"https:\/\/patagoniarebeldeweb.com.ar\/?p=1565#article","isPartOf":{"@id":"https:\/\/patagoniarebeldeweb.com.ar\/?p=1565"},"author":{"name":"admin","@id":"https:\/\/patagoniarebeldeweb.com.ar\/#\/schema\/person\/e293fd079db65aaa1c67b010d4a45452"},"headline":"$LIBRA al Congreso: los gobernadores &#8220;dialoguistas&#8221;, la clave de un nuevo golpe a Milei en Diputados","datePublished":"2025-04-09T02:26:46+00:00","dateModified":"2025-04-09T02:26:52+00:00","mainEntityOfPage":{"@id":"https:\/\/patagoniarebeldeweb.com.ar\/?p=1565"},"wordCount":1137,"commentCount":0,"publisher":{"@id":"https:\/\/patagoniarebeldeweb.com.ar\/#organization"},"image":{"@id":"https:\/\/patagoniarebeldeweb.com.ar\/?p=1565#primaryimage"},"thumbnailUrl":"https:\/\/patagoniarebeldeweb.com.ar\/wp-content\/uploads\/2025\/02\/CONGRESO.jpg","articleSection":["RECIENTES"],"inLanguage":"es-AR","potentialAction":[{"@type":"CommentAction","name":"Comment","target":["https:\/\/patagoniarebeldeweb.com.ar\/?p=1565#respond"]}]},{"@type":"WebPage","@id":"https:\/\/patagoniarebeldeweb.com.ar\/?p=1565","url":"https:\/\/patagoniarebeldeweb.com.ar\/?p=1565","name":"$LIBRA al Congreso: los gobernadores \"dialoguistas\", la clave de un nuevo golpe a Milei en Diputados | Patagonia Rebelde","isPartOf":{"@id":"https:\/\/patagoniarebeldeweb.com.ar\/#website"},"primaryImageOfPage":{"@id":"https:\/\/patagoniarebeldeweb.com.ar\/?p=1565#primaryimage"},"image":{"@id":"https:\/\/patagoniarebeldeweb.com.ar\/?p=1565#primaryimage"},"thumbnailUrl":"https:\/\/patagoniarebeldeweb.com.ar\/wp-content\/uploads\/2025\/02\/CONGRESO.jpg","datePublished":"2025-04-09T02:26:46+00:00","dateModified":"2025-04-09T02:26:52+00:00","breadcrumb":{"@id":"https:\/\/patagoniarebeldeweb.com.ar\/?p=1565#breadcrumb"},"inLanguage":"es-AR","potentialAction":[{"@type":"ReadAction","target":["https:\/\/patagoniarebeldeweb.com.ar\/?p=1565"]}]},{"@type":"ImageObject","inLanguage":"es-AR","@id":"https:\/\/patagoniarebeldeweb.com.ar\/?p=1565#primaryimage","url":"https:\/\/patagoniarebeldeweb.com.ar\/wp-content\/uploads\/2025\/02\/CONGRESO.jpg","contentUrl":"https:\/\/patagoniarebeldeweb.com.ar\/wp-content\/uploads\/2025\/02\/CONGRESO.jpg","width":1256,"height":620},{"@type":"BreadcrumbList","@id":"https:\/\/patagoniarebeldeweb.com.ar\/?p=1565#breadcrumb","itemListElement":[{"@type":"ListItem","position":1,"name":"Portada","item":"https:\/\/patagoniarebeldeweb.com.ar\/"},{"@type":"ListItem","position":2,"name":"$LIBRA al Congreso: los gobernadores &#8220;dialoguistas&#8221;, la clave de un nuevo golpe a Milei en Diputados"}]},{"@type":"WebSite","@id":"https:\/\/patagoniarebeldeweb.com.ar\/#website","url":"https:\/\/patagoniarebeldeweb.com.ar\/","name":"Patagonia Rebelde","description":"Toda la info de General Rodr\u00edguez","publisher":{"@id":"https:\/\/patagoniarebeldeweb.com.ar\/#organization"},"alternateName":"Patagonia Rebelde web","potentialAction":[{"@type":"SearchAction","target":{"@type":"EntryPoint","urlTemplate":"https:\/\/patagoniarebeldeweb.com.ar\/?s={search_term_string}"},"query-input":{"@type":"PropertyValueSpecification","valueRequired":true,"valueName":"search_term_string"}}],"inLanguage":"es-AR"},{"@type":"Organization","@id":"https:\/\/patagoniarebeldeweb.com.ar\/#organization","name":"Patagonia Rebelde","alternateName":"Patagonia Rebelde web","url":"https:\/\/patagoniarebeldeweb.com.ar\/","logo":{"@type":"ImageObject","inLanguage":"es-AR","@id":"https:\/\/patagoniarebeldeweb.com.ar\/#\/schema\/logo\/image\/","url":"https:\/\/patagoniarebeldeweb.com.ar\/wp-content\/uploads\/2024\/11\/logo-si.png","contentUrl":"https:\/\/patagoniarebeldeweb.com.ar\/wp-content\/uploads\/2024\/11\/logo-si.png","width":460,"height":139,"caption":"Patagonia Rebelde"},"image":{"@id":"https:\/\/patagoniarebeldeweb.com.ar\/#\/schema\/logo\/image\/"},"sameAs":["https:\/\/www.facebook.com\/patagoniarebeldeweb\/","https:\/\/www.youtube.com\/@edgardomiller"]},{"@type":"Person","@id":"https:\/\/patagoniarebeldeweb.com.ar\/#\/schema\/person\/e293fd079db65aaa1c67b010d4a45452","name":"admin","image":{"@type":"ImageObject","inLanguage":"es-AR","@id":"https:\/\/secure.gravatar.com\/avatar\/aee4690e6ac4e427fd6efdc77149c35418ee5cc06426f4da7bc3ec412f507eb1?s=96&d=mm&r=g","url":"https:\/\/secure.gravatar.com\/avatar\/aee4690e6ac4e427fd6efdc77149c35418ee5cc06426f4da7bc3ec412f507eb1?s=96&d=mm&r=g","contentUrl":"https:\/\/secure.gravatar.com\/avatar\/aee4690e6ac4e427fd6efdc77149c35418ee5cc06426f4da7bc3ec412f507eb1?s=96&d=mm&r=g","caption":"admin"},"sameAs":["https:\/\/patagoniarebeldeweb.com.ar"],"url":"https:\/\/patagoniarebeldeweb.com.ar\/?author=1"}]}},"featured_image_urls":{"full":["https:\/\/patagoniarebeldeweb.com.ar\/wp-content\/uploads\/2025\/02\/CONGRESO.jpg",1256,620,false],"thumbnail":["https:\/\/patagoniarebeldeweb.com.ar\/wp-content\/uploads\/2025\/02\/CONGRESO-150x150.jpg",150,150,true],"medium":["https:\/\/patagoniarebeldeweb.com.ar\/wp-content\/uploads\/2025\/02\/CONGRESO-300x148.jpg",300,148,true],"medium_large":["https:\/\/patagoniarebeldeweb.com.ar\/wp-content\/uploads\/2025\/02\/CONGRESO-768x379.jpg",640,316,true],"large":["https:\/\/patagoniarebeldeweb.com.ar\/wp-content\/uploads\/2025\/02\/CONGRESO-1024x505.jpg",640,316,true],"1536x1536":["https:\/\/patagoniarebeldeweb.com.ar\/wp-content\/uploads\/2025\/02\/CONGRESO.jpg",1256,620,false],"2048x2048":["https:\/\/patagoniarebeldeweb.com.ar\/wp-content\/uploads\/2025\/02\/CONGRESO.jpg",1256,620,false],"enternews-slider-full":["https:\/\/patagoniarebeldeweb.com.ar\/wp-content\/uploads\/2025\/02\/CONGRESO.jpg",1256,620,false],"enternews-featured":["https:\/\/patagoniarebeldeweb.com.ar\/wp-content\/uploads\/2025\/02\/CONGRESO-1024x505.jpg",1024,505,true],"enternews-medium":["https:\/\/patagoniarebeldeweb.com.ar\/wp-content\/uploads\/2025\/02\/CONGRESO-720x475.jpg",720,475,true]},"author_info":{"display_name":"admin","author_link":"https:\/\/patagoniarebeldeweb.com.ar\/?author=1"},"category_info":"<a href=\"https:\/\/patagoniarebeldeweb.com.ar\/?cat=36\" rel=\"category\">RECIENTES<\/a>","tag_info":"RECIENTES","comment_count":"0","_links":{"self":[{"href":"https:\/\/patagoniarebeldeweb.com.ar\/index.php?rest_route=\/wp\/v2\/posts\/1565","targetHints":{"allow":["GET"]}}],"collection":[{"href":"https:\/\/patagoniarebeldeweb.com.ar\/index.php?rest_route=\/wp\/v2\/posts"}],"about":[{"href":"https:\/\/patagoniarebeldeweb.com.ar\/index.php?rest_route=\/wp\/v2\/types\/post"}],"author":[{"embeddable":true,"href":"https:\/\/patagoniarebeldeweb.com.ar\/index.php?rest_route=\/wp\/v2\/users\/1"}],"replies":[{"embeddable":true,"href":"https:\/\/patagoniarebeldeweb.com.ar\/index.php?rest_route=%2Fwp%2Fv2%2Fcomments&post=1565"}],"version-history":[{"count":1,"href":"https:\/\/patagoniarebeldeweb.com.ar\/index.php?rest_route=\/wp\/v2\/posts\/1565\/revisions"}],"predecessor-version":[{"id":1566,"href":"https:\/\/patagoniarebeldeweb.com.ar\/index.php?rest_route=\/wp\/v2\/posts\/1565\/revisions\/1566"}],"wp:featuredmedia":[{"embeddable":true,"href":"https:\/\/patagoniarebeldeweb.com.ar\/index.php?rest_route=\/wp\/v2\/media\/1395"}],"wp:attachment":[{"href":"https:\/\/patagoniarebeldeweb.com.ar\/index.php?rest_route=%2Fwp%2Fv2%2Fmedia&parent=1565"}],"wp:term":[{"taxonomy":"category","embeddable":true,"href":"https:\/\/patagoniarebeldeweb.com.ar\/index.php?rest_route=%2Fwp%2Fv2%2Fcategories&post=1565"},{"taxonomy":"post_tag","embeddable":true,"href":"https:\/\/patagoniarebeldeweb.com.ar\/index.php?rest_route=%2Fwp%2Fv2%2Ftags&post=1565"}],"curies":[{"name":"wp","href":"https:\/\/api.w.org\/{rel}","templated":true}]}}