{"id":1408,"date":"2025-03-03T01:42:26","date_gmt":"2025-03-03T04:42:26","guid":{"rendered":"https:\/\/patagoniarebeldeweb.com.ar\/?p=1408"},"modified":"2025-03-03T01:43:36","modified_gmt":"2025-03-03T04:43:36","slug":"la-guerra-con-rusia-europa-promueve-un-plan-de-paz-para-ucrania-con-un-alto-el-fuego-de-un-mes","status":"publish","type":"post","link":"https:\/\/patagoniarebeldeweb.com.ar\/?p=1408","title":{"rendered":"La guerra con Rusia: Europa promueve un plan de paz para Ucrania con un alto el fuego de un mes"},"content":{"rendered":"\n<h4 class=\"wp-block-heading\">Lo asegur\u00f3 el presidente de Francia,Emmanuel Macron, tras la cumbre europea realizada en Londres y como respuesta al choque entre Donald Trump y Volodimir Zelenski en la Casa Blanca. Sin embargo, no quiso concretar cu\u00e1les son los pa\u00edses que se sumar\u00edan a ese plan, pero junto al premier brit\u00e1nico Keir Starmer, asegur\u00f3 que se lo presentar\u00e1n a EE.UU.<\/h4>\n\n\n\n<p>Despu\u00e9s de la p\u00fablica humillaci\u00f3n al presidente ucraniano Volodimir Zelenski en el sal\u00f3n Oval de la Casa Blanca,&nbsp;<strong>el domingo fue un d\u00eda hist\u00f3rico para Europa y su cumbre de seguridad<\/strong>, cuando Elton Musk recomienda a Donald Trump abandonar la OTAN, la espina dorsal de la defensa europea pos Guerra Fr\u00eda.<\/p>\n\n\n\n<p>El presidente franc\u00e9s, Emmanuel Macron, afirm\u00f3 que todas las naciones que asistieron a la cumbre de Londres est\u00e1n determinadas a actua<strong>r para tener una paz duradera en Ucrania<\/strong>&nbsp;y a tomar medidas para garantizar la seguridad colectiva.<\/p>\n\n\n\n<p>&#8220;En torno a la mesa de Londres, todos estamos decididos a actuar en favor de una paz s\u00f3lida y duradera en Ucrania y a garantizar nuestra seguridad colectiva&#8221;, asegur\u00f3 el mandatario galo en la red social X horas despu\u00e9s del encuentro.<\/p>\n\n\n\n<p>Macron anunci\u00f3 que \u00e9l y el primer ministro brit\u00e1nico, Keir Starmer, han puesto sobre la mesa una&nbsp;<strong>&#8220;tregua en el aire, en el mar y en las infraestructuras energ\u00e9ticas&#8221; de Ucrania que durar\u00eda un mes.<\/strong><\/p>\n\n\n\n<p>En una entrevista al diario<strong>&nbsp;Le Figaro&nbsp;<\/strong>tras la crucial reuni\u00f3n en Londres de una quincena de l\u00edderes europeos e internacionales, el jefe de Estado galo explic\u00f3 que el despliegue de tropas de otros pa\u00edses sobre el terreno para mantener la paz ser\u00eda en una segunda fase del plan.<\/p>\n\n\n\n<p>&#8220;No habr\u00e1 tropas europeas en suelo ucraniano en las pr\u00f3ximas semanas&#8221;, asegur\u00f3. &#8220;La cuesti\u00f3n es c\u00f3mo utilizar este tiempo para intentar obtener una tregua accesible, con negociaciones que durar\u00e1n varias semanas y luego, una vez firmada la paz, un despliegue&#8221;, consider<\/p>\n\n\n\n<p>La Cumbre de dieciocho pa\u00edses en Gran Breta\u00f1a m\u00e1s la Uni\u00f3n Europea en Lancaster House en Londres se transform\u00f3 en una cumbre de guerra&nbsp;<strong>para el futuro de Ucrania y la defensa europea.<\/strong>&nbsp;Gran Breta\u00f1a anunci\u00f3 un pr\u00e9stamo de 1,6 billones de libras esterlinas a Ucrania para producir armas. Hay un plan para que Ucrania pueda comprar 5.000 misiles para defenderse, que ser\u00e1n producidos en Belfast.<\/p>\n\n\n\n<h2 class=\"wp-block-heading\">Cumbre de sobrevivencia<\/h2>\n\n\n\n<p>Una cumbre de seguridad se convirti\u00f3 en una cumbre de emergencia, tras la humillaci\u00f3n de Trump a Zelenski, que lleg\u00f3 a Londres el s\u00e1bado. La reuni\u00f3n termin\u00f3 cuando un helic\u00f3ptero militar despeg\u00f3 del palacio de Buckingham, trasladando a Zelenski a Sandringham, donde lo esperaba en la puerta del palacio el rey Carlos III para expresar su solidaridad con Ucrania.<\/p>\n\n\n\n<p>\u201cLa prioridad es defender el pa\u00eds en vol\u00e1tiles tiempos\u201d, dijo el primer ministro Sir Keir Starmer en su conferencia de prensa, al final de la cumbre. \u201cEstamos en una encrucijada de la historia hoy\u201d, continu\u00f3.&nbsp;<strong>&#8220;No es un tiempo para m\u00e1s conversaciones, es tiempo para la acci\u00f3n\u201d,<\/strong>&nbsp;precis\u00f3.<\/p>\n\n\n\n<p>Rechaz\u00f3 que Estados Unidos \u201chaya dejado de ser un aliado fiable y \u201cpreservar la paz\u201d es su prioridad para sus ciudadanos.<\/p>\n\n\n\n<p>Starmer dijo que el Reino Unido, Francia y otros pa\u00edses<strong>&nbsp;dise\u00f1ar\u00e1n ahora un plan para detener los combates en Ucrania<\/strong>&nbsp;y se lo presentar\u00e1n a los EE.UU.<\/p>\n\n\n\n<p>El objetivo de la reuni\u00f3n, dijo, era \u201cunir a los aliados europeos en torno a este plan\u201d.<\/p>\n\n\n\n<p><strong>&#8220;Nuestro punto de partida debe ser poner a Ucrania en la posici\u00f3n m\u00e1s fuerte posible ahora&#8221;<\/strong>, asegur\u00f3.<\/p>\n\n\n\n<p>Starmer a\u00f1adi\u00f3 que &#8220;cualquier acuerdo debe estar respaldado por la fuerza&#8221;. Es decir tropas en el terreno y aviones en el aire. El gran interrogante es qu\u00e9 pa\u00edses contribuir\u00e1n, cuando Elon Musk sugiere que Estados Unidos debe abandonar la OTAN.<\/p>\n\n\n\n<p>Pero Starmer dijo que&nbsp;<strong>\u201chay un n\u00famero de pa\u00edses\u201d que quiere ser parte de asegurar la paz<\/strong>&nbsp;en Ucrania. El modelo ser\u00eda la coalici\u00f3n occidental en la guerra en Irak m\u00e1s que la OTAN, con todos sus riesgos.<\/p>\n\n\n\n<p>Se le pregunt\u00f3 al primer ministro por qu\u00e9 cree que Rusia firmar\u00e1 un acuerdo de paz, creado por la UE, de la que no forma parte.<\/p>\n\n\n\n<p>Starmer dijo&nbsp;<strong>que &#8220;por supuesto&#8221; un acuerdo tendr\u00e1 que incluir a Rusia<\/strong>, pero que &#8220;no pueden dictar los t\u00e9rminos&#8221;. &#8220;De lo contrario, no haremos ning\u00fan progreso&#8221;, declar\u00f3.<\/p>\n\n\n\n<p>&#8220;Si se llega a un acuerdo, hay que defenderlo. Lo que hemos visto en el pasado es un cese de las hostilidades sin ning\u00fan respaldo y Rusia lo ha incumplido con regularidad. Esa es una situaci\u00f3n que debemos evitar&#8221;, explic\u00f3 Starmer, al cierre de la cumbre.<\/p>\n\n\n\n<h2 class=\"wp-block-heading\">\u201cTodos estamos con Ucrania\u201d<\/h2>\n\n\n\n<p>Al abrir la cumbre, el primer ministro Starmer \u2013 flanqueado por el franc\u00e9s Macron y el ucraniano Zelenski\u2013 destac\u00f3 la c\u00e1lida recepci\u00f3n que recibi\u00f3 anoche el presidente ucraniano, cuando lleg\u00f3 al n\u00famero 10 de Downing Street, con un grupo de seguidores que lo vitoreaban en la calle.<\/p>\n\n\n\n<p><strong>\u201cTodos estamos con ustedes, con Ucrania<\/strong>, durante el tiempo que sea necesario\u201d, dijo el premier brit\u00e1nico.<\/p>\n\n\n\n<p>Pero el primer ministro brit\u00e1nico advirti\u00f3 que \u201ceste es un momento \u00fanico en una generaci\u00f3n para la seguridad de Europa\u201d, ya que \u201cobtener un buen resultado para Ucrania no es solo una cuesti\u00f3n de bien o mal.&nbsp;<strong>Es vital para la seguridad de todas las naciones aqu\u00ed y de muchas otras tambi\u00e9n\u201d.<\/strong><\/p>\n\n\n\n<p>Agreg\u00f3 que habl\u00f3 con las naciones b\u00e1lticas antes, ya que \u201cobviamente son parte de nuestra discusi\u00f3n\u201d tambi\u00e9n.<\/p>\n\n\n\n<p>Starmer dijo que tiene la intenci\u00f3n de trabajar en un plan para Ucrania, para&nbsp;<strong>\u201cluego discutirlo con los EE. UU. y llevarlo adelante juntos\u201d.<\/strong><\/p>\n\n\n\n<p>Fren\u00e9ticas negociaciones se realizaron el s\u00e1bado entre Starmer, Macron, Zelenski y finalmente Trump para conseguir un alto al fuego en Ucrania. Ese ser\u00e1 el plan que pondr\u00e1n en marcha.<\/p>\n\n\n\n<p>Las conversaciones de hoy se centraron en<strong>&nbsp;&#8220;c\u00f3mo podemos lograr juntos una paz justa y duradera&#8221;<\/strong>, dijo Starmer. \u201cC\u00f3mo apoyar a Ucrania es otro interrogante, porque incluso mientras Rusia habla de paz, contin\u00faa con su agresi\u00f3n implacable&#8221;, insisti\u00f3 el primer ministro.<\/p>\n\n\n\n<p>Europa se enfrenta a un momento \u201c\u00fanico en una generaci\u00f3n\u201d para su seguridad, dijo Starmer.<\/p>\n\n\n\n<h2 class=\"wp-block-heading\">La cumbre<\/h2>\n\n\n\n<p>Eran las 3 de la tarde, hora brit\u00e1nica, cuando las conversaciones comenzaron en Lancaster House mientras todos los l\u00edderes estaban europeos presentes. El lugar hab\u00eda sido la sede de decisiones hist\u00f3ricas y estrat\u00e9gicas en el reino en The Mall, la avenida que une a Trafalgar Square con el palacio de Buckingham.<\/p>\n\n\n\n<p>Zelenski lleg\u00f3 a la cumbre de Ucrania pero tambi\u00e9n su embajador en Londres y ex jefe del ejercito, general Valerii Zaluzhny, que puede ser el nuevo candidato presidencial ucraniano.<\/p>\n\n\n\n<p><strong>\u201cEs importante que los pa\u00edses b\u00e1lticos se involucren<\/strong>, dijo Sili\u0146a de Letonia, en un comentario directo despu\u00e9s de la llamada con Starmer.<\/p>\n\n\n\n<p>&#8220;Estados Unidos y Ucrania deber\u00edan volver a la mesa de negociaciones&#8221;, dijo el presidente lituano despu\u00e9s de las conversaciones con Starmer y los l\u00edderes b\u00e1lticos.<\/p>\n\n\n\n<p>&#8220;Debemos unirnos&#8221;, dice Starmer, tras la llamada con los l\u00edderes b\u00e1lticos.Starmer se disculp\u00f3 con los pa\u00edses b\u00e1lticos por no haberlos invitado, dijo el asistente del presidente lituano.<\/p>\n\n\n\n<p><strong>\u201cUcrania necesita garant\u00edas de seguridad\u201d<\/strong>, subray\u00f3 Zelenski, tras las conversaciones con la italiana primera ministra Giorgia Meloni.<\/p>\n\n\n\n<p>En medio de la Cumbre, el Kremlin dijo que \u201clas pol\u00edticas exteriores de Rusia y Estados Unidos est\u00e1n alineadas\u201d. Starmer dijo que<strong>&nbsp;no &#8220;conf\u00eda&#8221; en Putin<\/strong>, a quien advierte que &#8220;volver\u00e1&#8221; si se le da la oportunidad.<\/p>\n\n\n\n<p>Rusia contin\u00faa con los ataques mortales contra Ucrania mientras los l\u00edderes europeos se re\u00fanen para una cumbre crucial de defensa.<\/p>\n\n\n\n<p>El primer ministro polaco Donald Tusk inst\u00f3 los l\u00edderes europeos a aumentar la presencia militar en el flanco oriental de la OTAN.<strong>&nbsp;Polonia tiene uno de los ej\u00e9rcitos m\u00e1s fuertes de Europa.<\/strong><\/p>\n\n\n\n<p>Dijo que&nbsp;<strong>no hab\u00eda \u201cninguna duda sobre qui\u00e9n es el agresor y qui\u00e9n es el agredido<\/strong>, y qui\u00e9n tiene a Europa de su lado\u201d. Pero confirm\u00f3 que se habl\u00f3 de \u201casumir m\u00e1s responsabilidad\u201d en la financiaci\u00f3n militar y de defensa por parte de los pa\u00edses europeos.<\/p>\n\n\n\n<p>Repiti\u00f3 que Polonia es el mayor gastador de la OTAN con un 4,7% del PIB. A\u00f1adi\u00f3 que estaba contento \u201cde que cada vez m\u00e1s pa\u00edses vayan m\u00e1s all\u00e1 de las palabras y las declaraciones para aumentar el gasto\u201d.<\/p>\n\n\n\n<p>Tambi\u00e9n rechaz\u00f3 cualquier sugerencia de una ruptura duradera entre Europa y los EE.UU., ya que insisti\u00f3 en que&nbsp;<strong>\u201cno podemos permitir que suceda\u201d.<\/strong><\/p>\n\n\n\n<p>Utilizando im\u00e1genes un tanto inusuales, Ursula von der Leyen, presidenta de la Comisi\u00f3n de la Uni\u00f3n Europea, dijo que los europeos necesitan trabajar en \u201cb\u00e1sicamente&nbsp;<strong>convertir a Ucrania en un puercoesp\u00edn de acero<\/strong>, que sea indigesto para los invasores potenciales\u201d.<\/p>\n\n\n\n<p>Curiosamente, es palabra por palabra el mismo lenguaje que utiliz\u00f3 hace unos d\u00edas el ex primer ministro brit\u00e1nico, Boris Johnson, un aliado de Zelenski.<\/p>\n\n\n\n<p><strong>\u201cTenemos que rearmar urgentemente a Europa\u201d,<\/strong>&nbsp;dijo von der Leyen, quien fue una de las primeras en salir de la cumbre y en dar su primera reacci\u00f3n.<\/p>\n\n\n\n<p>Ella dijo que los l\u00edderes tuvieron una \u201cdiscusi\u00f3n buena y franca\u201d, discutiendo lo que se necesita para poner a Ucrania en una posici\u00f3n de fuerza.<\/p>\n\n\n\n<p>Ella asegur\u00f3 que Ucrania necesita<strong>&nbsp;\u201cgarant\u00edas de seguridad integrales\u201d,<\/strong>&nbsp;que respalden sus posiciones econ\u00f3micas y militares.<\/p>\n\n\n\n<p>\u201cTenemos que rearmar urgentemente a Europa\u201d, afirm\u00f3.La Comisi\u00f3n propondr\u00e1 un plan al respecto en el Consejo Europeo del 6 de marzo.<\/p>\n\n\n\n<p>AGP \/Clar\u00edn<\/p>\n\n\n\n<p>Editor: EM<\/p>\n","protected":false},"excerpt":{"rendered":"<p>Lo asegur\u00f3 el presidente de Francia,Emmanuel Macron, tras la cumbre europea realizada en Londres y&#8230;<\/p>\n","protected":false},"author":1,"featured_media":1410,"comment_status":"open","ping_status":"open","sticky":false,"template":"","format":"standard","meta":{"footnotes":""},"categories":[37,38],"tags":[],"class_list":["post-1408","post","type-post","status-publish","format-standard","has-post-thumbnail","hentry","category-actualidad","category-internacional"],"yoast_head":"<!-- This site is optimized with the Yoast SEO plugin v27.2 - https:\/\/yoast.com\/product\/yoast-seo-wordpress\/ -->\n<title>La guerra con Rusia: Europa promueve un plan de paz para Ucrania con un alto el fuego de un mes | Patagonia Rebelde<\/title>\n<meta name=\"robots\" content=\"index, follow, max-snippet:-1, max-image-preview:large, max-video-preview:-1\" \/>\n<link rel=\"canonical\" href=\"https:\/\/patagoniarebeldeweb.com.ar\/?p=1408\" \/>\n<meta property=\"og:locale\" content=\"es_ES\" \/>\n<meta property=\"og:type\" content=\"article\" \/>\n<meta property=\"og:title\" content=\"La guerra con Rusia: Europa promueve un plan de paz para Ucrania con un alto el fuego de un mes | Patagonia Rebelde\" \/>\n<meta property=\"og:description\" content=\"Lo asegur\u00f3 el presidente de Francia,Emmanuel Macron, tras la cumbre europea realizada en Londres y...\" \/>\n<meta property=\"og:url\" content=\"https:\/\/patagoniarebeldeweb.com.ar\/?p=1408\" \/>\n<meta property=\"og:site_name\" content=\"Patagonia Rebelde\" \/>\n<meta property=\"article:publisher\" content=\"https:\/\/www.facebook.com\/patagoniarebeldeweb\/\" \/>\n<meta property=\"article:published_time\" content=\"2025-03-03T04:42:26+00:00\" \/>\n<meta property=\"article:modified_time\" content=\"2025-03-03T04:43:36+00:00\" \/>\n<meta property=\"og:image\" content=\"https:\/\/patagoniarebeldeweb.com.ar\/wp-content\/uploads\/2025\/03\/LIDERES-EUROPA.jpg\" \/>\n\t<meta property=\"og:image:width\" content=\"1256\" \/>\n\t<meta property=\"og:image:height\" content=\"620\" \/>\n\t<meta property=\"og:image:type\" content=\"image\/jpeg\" \/>\n<meta name=\"author\" content=\"admin\" \/>\n<meta name=\"twitter:card\" content=\"summary_large_image\" \/>\n<meta name=\"twitter:label1\" content=\"Escrito por\" \/>\n\t<meta name=\"twitter:data1\" content=\"admin\" \/>\n\t<meta name=\"twitter:label2\" content=\"Tiempo de lectura\" \/>\n\t<meta name=\"twitter:data2\" content=\"8 minutos\" \/>\n<script type=\"application\/ld+json\" class=\"yoast-schema-graph\">{\"@context\":\"https:\/\/schema.org\",\"@graph\":[{\"@type\":\"Article\",\"@id\":\"https:\/\/patagoniarebeldeweb.com.ar\/?p=1408#article\",\"isPartOf\":{\"@id\":\"https:\/\/patagoniarebeldeweb.com.ar\/?p=1408\"},\"author\":{\"name\":\"admin\",\"@id\":\"https:\/\/patagoniarebeldeweb.com.ar\/#\/schema\/person\/e293fd079db65aaa1c67b010d4a45452\"},\"headline\":\"La guerra con Rusia: Europa promueve un plan de paz para Ucrania con un alto el fuego de un mes\",\"datePublished\":\"2025-03-03T04:42:26+00:00\",\"dateModified\":\"2025-03-03T04:43:36+00:00\",\"mainEntityOfPage\":{\"@id\":\"https:\/\/patagoniarebeldeweb.com.ar\/?p=1408\"},\"wordCount\":1699,\"commentCount\":0,\"publisher\":{\"@id\":\"https:\/\/patagoniarebeldeweb.com.ar\/#organization\"},\"image\":{\"@id\":\"https:\/\/patagoniarebeldeweb.com.ar\/?p=1408#primaryimage\"},\"thumbnailUrl\":\"https:\/\/patagoniarebeldeweb.com.ar\/wp-content\/uploads\/2025\/03\/LIDERES-EUROPA.jpg\",\"articleSection\":[\"ACTUALIDAD\",\"INTERNACIONAL\"],\"inLanguage\":\"es-AR\",\"potentialAction\":[{\"@type\":\"CommentAction\",\"name\":\"Comment\",\"target\":[\"https:\/\/patagoniarebeldeweb.com.ar\/?p=1408#respond\"]}]},{\"@type\":\"WebPage\",\"@id\":\"https:\/\/patagoniarebeldeweb.com.ar\/?p=1408\",\"url\":\"https:\/\/patagoniarebeldeweb.com.ar\/?p=1408\",\"name\":\"La guerra con Rusia: Europa promueve un plan de paz para Ucrania con un alto el fuego de un mes | Patagonia Rebelde\",\"isPartOf\":{\"@id\":\"https:\/\/patagoniarebeldeweb.com.ar\/#website\"},\"primaryImageOfPage\":{\"@id\":\"https:\/\/patagoniarebeldeweb.com.ar\/?p=1408#primaryimage\"},\"image\":{\"@id\":\"https:\/\/patagoniarebeldeweb.com.ar\/?p=1408#primaryimage\"},\"thumbnailUrl\":\"https:\/\/patagoniarebeldeweb.com.ar\/wp-content\/uploads\/2025\/03\/LIDERES-EUROPA.jpg\",\"datePublished\":\"2025-03-03T04:42:26+00:00\",\"dateModified\":\"2025-03-03T04:43:36+00:00\",\"breadcrumb\":{\"@id\":\"https:\/\/patagoniarebeldeweb.com.ar\/?p=1408#breadcrumb\"},\"inLanguage\":\"es-AR\",\"potentialAction\":[{\"@type\":\"ReadAction\",\"target\":[\"https:\/\/patagoniarebeldeweb.com.ar\/?p=1408\"]}]},{\"@type\":\"ImageObject\",\"inLanguage\":\"es-AR\",\"@id\":\"https:\/\/patagoniarebeldeweb.com.ar\/?p=1408#primaryimage\",\"url\":\"https:\/\/patagoniarebeldeweb.com.ar\/wp-content\/uploads\/2025\/03\/LIDERES-EUROPA.jpg\",\"contentUrl\":\"https:\/\/patagoniarebeldeweb.com.ar\/wp-content\/uploads\/2025\/03\/LIDERES-EUROPA.jpg\",\"width\":1256,\"height\":620},{\"@type\":\"BreadcrumbList\",\"@id\":\"https:\/\/patagoniarebeldeweb.com.ar\/?p=1408#breadcrumb\",\"itemListElement\":[{\"@type\":\"ListItem\",\"position\":1,\"name\":\"Portada\",\"item\":\"https:\/\/patagoniarebeldeweb.com.ar\/\"},{\"@type\":\"ListItem\",\"position\":2,\"name\":\"La guerra con Rusia: Europa promueve un plan de paz para Ucrania con un alto el fuego de un mes\"}]},{\"@type\":\"WebSite\",\"@id\":\"https:\/\/patagoniarebeldeweb.com.ar\/#website\",\"url\":\"https:\/\/patagoniarebeldeweb.com.ar\/\",\"name\":\"Patagonia Rebelde\",\"description\":\"Toda la info de General Rodr\u00edguez\",\"publisher\":{\"@id\":\"https:\/\/patagoniarebeldeweb.com.ar\/#organization\"},\"alternateName\":\"Patagonia Rebelde web\",\"potentialAction\":[{\"@type\":\"SearchAction\",\"target\":{\"@type\":\"EntryPoint\",\"urlTemplate\":\"https:\/\/patagoniarebeldeweb.com.ar\/?s={search_term_string}\"},\"query-input\":{\"@type\":\"PropertyValueSpecification\",\"valueRequired\":true,\"valueName\":\"search_term_string\"}}],\"inLanguage\":\"es-AR\"},{\"@type\":\"Organization\",\"@id\":\"https:\/\/patagoniarebeldeweb.com.ar\/#organization\",\"name\":\"Patagonia Rebelde\",\"alternateName\":\"Patagonia Rebelde web\",\"url\":\"https:\/\/patagoniarebeldeweb.com.ar\/\",\"logo\":{\"@type\":\"ImageObject\",\"inLanguage\":\"es-AR\",\"@id\":\"https:\/\/patagoniarebeldeweb.com.ar\/#\/schema\/logo\/image\/\",\"url\":\"https:\/\/patagoniarebeldeweb.com.ar\/wp-content\/uploads\/2024\/11\/logo-si.png\",\"contentUrl\":\"https:\/\/patagoniarebeldeweb.com.ar\/wp-content\/uploads\/2024\/11\/logo-si.png\",\"width\":460,\"height\":139,\"caption\":\"Patagonia Rebelde\"},\"image\":{\"@id\":\"https:\/\/patagoniarebeldeweb.com.ar\/#\/schema\/logo\/image\/\"},\"sameAs\":[\"https:\/\/www.facebook.com\/patagoniarebeldeweb\/\",\"https:\/\/www.youtube.com\/@edgardomiller\"]},{\"@type\":\"Person\",\"@id\":\"https:\/\/patagoniarebeldeweb.com.ar\/#\/schema\/person\/e293fd079db65aaa1c67b010d4a45452\",\"name\":\"admin\",\"image\":{\"@type\":\"ImageObject\",\"inLanguage\":\"es-AR\",\"@id\":\"https:\/\/secure.gravatar.com\/avatar\/aee4690e6ac4e427fd6efdc77149c35418ee5cc06426f4da7bc3ec412f507eb1?s=96&d=mm&r=g\",\"url\":\"https:\/\/secure.gravatar.com\/avatar\/aee4690e6ac4e427fd6efdc77149c35418ee5cc06426f4da7bc3ec412f507eb1?s=96&d=mm&r=g\",\"contentUrl\":\"https:\/\/secure.gravatar.com\/avatar\/aee4690e6ac4e427fd6efdc77149c35418ee5cc06426f4da7bc3ec412f507eb1?s=96&d=mm&r=g\",\"caption\":\"admin\"},\"sameAs\":[\"https:\/\/patagoniarebeldeweb.com.ar\"],\"url\":\"https:\/\/patagoniarebeldeweb.com.ar\/?author=1\"}]}<\/script>\n<!-- \/ Yoast SEO plugin. -->","yoast_head_json":{"title":"La guerra con Rusia: Europa promueve un plan de paz para Ucrania con un alto el fuego de un mes | Patagonia Rebelde","robots":{"index":"index","follow":"follow","max-snippet":"max-snippet:-1","max-image-preview":"max-image-preview:large","max-video-preview":"max-video-preview:-1"},"canonical":"https:\/\/patagoniarebeldeweb.com.ar\/?p=1408","og_locale":"es_ES","og_type":"article","og_title":"La guerra con Rusia: Europa promueve un plan de paz para Ucrania con un alto el fuego de un mes | Patagonia Rebelde","og_description":"Lo asegur\u00f3 el presidente de Francia,Emmanuel Macron, tras la cumbre europea realizada en Londres y...","og_url":"https:\/\/patagoniarebeldeweb.com.ar\/?p=1408","og_site_name":"Patagonia Rebelde","article_publisher":"https:\/\/www.facebook.com\/patagoniarebeldeweb\/","article_published_time":"2025-03-03T04:42:26+00:00","article_modified_time":"2025-03-03T04:43:36+00:00","og_image":[{"width":1256,"height":620,"url":"https:\/\/patagoniarebeldeweb.com.ar\/wp-content\/uploads\/2025\/03\/LIDERES-EUROPA.jpg","type":"image\/jpeg"}],"author":"admin","twitter_card":"summary_large_image","twitter_misc":{"Escrito por":"admin","Tiempo de lectura":"8 minutos"},"schema":{"@context":"https:\/\/schema.org","@graph":[{"@type":"Article","@id":"https:\/\/patagoniarebeldeweb.com.ar\/?p=1408#article","isPartOf":{"@id":"https:\/\/patagoniarebeldeweb.com.ar\/?p=1408"},"author":{"name":"admin","@id":"https:\/\/patagoniarebeldeweb.com.ar\/#\/schema\/person\/e293fd079db65aaa1c67b010d4a45452"},"headline":"La guerra con Rusia: Europa promueve un plan de paz para Ucrania con un alto el fuego de un mes","datePublished":"2025-03-03T04:42:26+00:00","dateModified":"2025-03-03T04:43:36+00:00","mainEntityOfPage":{"@id":"https:\/\/patagoniarebeldeweb.com.ar\/?p=1408"},"wordCount":1699,"commentCount":0,"publisher":{"@id":"https:\/\/patagoniarebeldeweb.com.ar\/#organization"},"image":{"@id":"https:\/\/patagoniarebeldeweb.com.ar\/?p=1408#primaryimage"},"thumbnailUrl":"https:\/\/patagoniarebeldeweb.com.ar\/wp-content\/uploads\/2025\/03\/LIDERES-EUROPA.jpg","articleSection":["ACTUALIDAD","INTERNACIONAL"],"inLanguage":"es-AR","potentialAction":[{"@type":"CommentAction","name":"Comment","target":["https:\/\/patagoniarebeldeweb.com.ar\/?p=1408#respond"]}]},{"@type":"WebPage","@id":"https:\/\/patagoniarebeldeweb.com.ar\/?p=1408","url":"https:\/\/patagoniarebeldeweb.com.ar\/?p=1408","name":"La guerra con Rusia: Europa promueve un plan de paz para Ucrania con un alto el fuego de un mes | Patagonia Rebelde","isPartOf":{"@id":"https:\/\/patagoniarebeldeweb.com.ar\/#website"},"primaryImageOfPage":{"@id":"https:\/\/patagoniarebeldeweb.com.ar\/?p=1408#primaryimage"},"image":{"@id":"https:\/\/patagoniarebeldeweb.com.ar\/?p=1408#primaryimage"},"thumbnailUrl":"https:\/\/patagoniarebeldeweb.com.ar\/wp-content\/uploads\/2025\/03\/LIDERES-EUROPA.jpg","datePublished":"2025-03-03T04:42:26+00:00","dateModified":"2025-03-03T04:43:36+00:00","breadcrumb":{"@id":"https:\/\/patagoniarebeldeweb.com.ar\/?p=1408#breadcrumb"},"inLanguage":"es-AR","potentialAction":[{"@type":"ReadAction","target":["https:\/\/patagoniarebeldeweb.com.ar\/?p=1408"]}]},{"@type":"ImageObject","inLanguage":"es-AR","@id":"https:\/\/patagoniarebeldeweb.com.ar\/?p=1408#primaryimage","url":"https:\/\/patagoniarebeldeweb.com.ar\/wp-content\/uploads\/2025\/03\/LIDERES-EUROPA.jpg","contentUrl":"https:\/\/patagoniarebeldeweb.com.ar\/wp-content\/uploads\/2025\/03\/LIDERES-EUROPA.jpg","width":1256,"height":620},{"@type":"BreadcrumbList","@id":"https:\/\/patagoniarebeldeweb.com.ar\/?p=1408#breadcrumb","itemListElement":[{"@type":"ListItem","position":1,"name":"Portada","item":"https:\/\/patagoniarebeldeweb.com.ar\/"},{"@type":"ListItem","position":2,"name":"La guerra con Rusia: Europa promueve un plan de paz para Ucrania con un alto el fuego de un mes"}]},{"@type":"WebSite","@id":"https:\/\/patagoniarebeldeweb.com.ar\/#website","url":"https:\/\/patagoniarebeldeweb.com.ar\/","name":"Patagonia Rebelde","description":"Toda la info de General Rodr\u00edguez","publisher":{"@id":"https:\/\/patagoniarebeldeweb.com.ar\/#organization"},"alternateName":"Patagonia Rebelde web","potentialAction":[{"@type":"SearchAction","target":{"@type":"EntryPoint","urlTemplate":"https:\/\/patagoniarebeldeweb.com.ar\/?s={search_term_string}"},"query-input":{"@type":"PropertyValueSpecification","valueRequired":true,"valueName":"search_term_string"}}],"inLanguage":"es-AR"},{"@type":"Organization","@id":"https:\/\/patagoniarebeldeweb.com.ar\/#organization","name":"Patagonia Rebelde","alternateName":"Patagonia Rebelde web","url":"https:\/\/patagoniarebeldeweb.com.ar\/","logo":{"@type":"ImageObject","inLanguage":"es-AR","@id":"https:\/\/patagoniarebeldeweb.com.ar\/#\/schema\/logo\/image\/","url":"https:\/\/patagoniarebeldeweb.com.ar\/wp-content\/uploads\/2024\/11\/logo-si.png","contentUrl":"https:\/\/patagoniarebeldeweb.com.ar\/wp-content\/uploads\/2024\/11\/logo-si.png","width":460,"height":139,"caption":"Patagonia Rebelde"},"image":{"@id":"https:\/\/patagoniarebeldeweb.com.ar\/#\/schema\/logo\/image\/"},"sameAs":["https:\/\/www.facebook.com\/patagoniarebeldeweb\/","https:\/\/www.youtube.com\/@edgardomiller"]},{"@type":"Person","@id":"https:\/\/patagoniarebeldeweb.com.ar\/#\/schema\/person\/e293fd079db65aaa1c67b010d4a45452","name":"admin","image":{"@type":"ImageObject","inLanguage":"es-AR","@id":"https:\/\/secure.gravatar.com\/avatar\/aee4690e6ac4e427fd6efdc77149c35418ee5cc06426f4da7bc3ec412f507eb1?s=96&d=mm&r=g","url":"https:\/\/secure.gravatar.com\/avatar\/aee4690e6ac4e427fd6efdc77149c35418ee5cc06426f4da7bc3ec412f507eb1?s=96&d=mm&r=g","contentUrl":"https:\/\/secure.gravatar.com\/avatar\/aee4690e6ac4e427fd6efdc77149c35418ee5cc06426f4da7bc3ec412f507eb1?s=96&d=mm&r=g","caption":"admin"},"sameAs":["https:\/\/patagoniarebeldeweb.com.ar"],"url":"https:\/\/patagoniarebeldeweb.com.ar\/?author=1"}]}},"featured_image_urls":{"full":["https:\/\/patagoniarebeldeweb.com.ar\/wp-content\/uploads\/2025\/03\/LIDERES-EUROPA.jpg",1256,620,false],"thumbnail":["https:\/\/patagoniarebeldeweb.com.ar\/wp-content\/uploads\/2025\/03\/LIDERES-EUROPA-150x150.jpg",150,150,true],"medium":["https:\/\/patagoniarebeldeweb.com.ar\/wp-content\/uploads\/2025\/03\/LIDERES-EUROPA-300x148.jpg",300,148,true],"medium_large":["https:\/\/patagoniarebeldeweb.com.ar\/wp-content\/uploads\/2025\/03\/LIDERES-EUROPA-768x379.jpg",640,316,true],"large":["https:\/\/patagoniarebeldeweb.com.ar\/wp-content\/uploads\/2025\/03\/LIDERES-EUROPA-1024x505.jpg",640,316,true],"1536x1536":["https:\/\/patagoniarebeldeweb.com.ar\/wp-content\/uploads\/2025\/03\/LIDERES-EUROPA.jpg",1256,620,false],"2048x2048":["https:\/\/patagoniarebeldeweb.com.ar\/wp-content\/uploads\/2025\/03\/LIDERES-EUROPA.jpg",1256,620,false],"enternews-slider-full":["https:\/\/patagoniarebeldeweb.com.ar\/wp-content\/uploads\/2025\/03\/LIDERES-EUROPA.jpg",1256,620,false],"enternews-featured":["https:\/\/patagoniarebeldeweb.com.ar\/wp-content\/uploads\/2025\/03\/LIDERES-EUROPA-1024x505.jpg",1024,505,true],"enternews-medium":["https:\/\/patagoniarebeldeweb.com.ar\/wp-content\/uploads\/2025\/03\/LIDERES-EUROPA-720x475.jpg",720,475,true]},"author_info":{"display_name":"admin","author_link":"https:\/\/patagoniarebeldeweb.com.ar\/?author=1"},"category_info":"<a href=\"https:\/\/patagoniarebeldeweb.com.ar\/?cat=37\" rel=\"category\">ACTUALIDAD<\/a> <a href=\"https:\/\/patagoniarebeldeweb.com.ar\/?cat=38\" rel=\"category\">INTERNACIONAL<\/a>","tag_info":"INTERNACIONAL","comment_count":"0","_links":{"self":[{"href":"https:\/\/patagoniarebeldeweb.com.ar\/index.php?rest_route=\/wp\/v2\/posts\/1408","targetHints":{"allow":["GET"]}}],"collection":[{"href":"https:\/\/patagoniarebeldeweb.com.ar\/index.php?rest_route=\/wp\/v2\/posts"}],"about":[{"href":"https:\/\/patagoniarebeldeweb.com.ar\/index.php?rest_route=\/wp\/v2\/types\/post"}],"author":[{"embeddable":true,"href":"https:\/\/patagoniarebeldeweb.com.ar\/index.php?rest_route=\/wp\/v2\/users\/1"}],"replies":[{"embeddable":true,"href":"https:\/\/patagoniarebeldeweb.com.ar\/index.php?rest_route=%2Fwp%2Fv2%2Fcomments&post=1408"}],"version-history":[{"count":1,"href":"https:\/\/patagoniarebeldeweb.com.ar\/index.php?rest_route=\/wp\/v2\/posts\/1408\/revisions"}],"predecessor-version":[{"id":1409,"href":"https:\/\/patagoniarebeldeweb.com.ar\/index.php?rest_route=\/wp\/v2\/posts\/1408\/revisions\/1409"}],"wp:featuredmedia":[{"embeddable":true,"href":"https:\/\/patagoniarebeldeweb.com.ar\/index.php?rest_route=\/wp\/v2\/media\/1410"}],"wp:attachment":[{"href":"https:\/\/patagoniarebeldeweb.com.ar\/index.php?rest_route=%2Fwp%2Fv2%2Fmedia&parent=1408"}],"wp:term":[{"taxonomy":"category","embeddable":true,"href":"https:\/\/patagoniarebeldeweb.com.ar\/index.php?rest_route=%2Fwp%2Fv2%2Fcategories&post=1408"},{"taxonomy":"post_tag","embeddable":true,"href":"https:\/\/patagoniarebeldeweb.com.ar\/index.php?rest_route=%2Fwp%2Fv2%2Ftags&post=1408"}],"curies":[{"name":"wp","href":"https:\/\/api.w.org\/{rel}","templated":true}]}}