{"id":1313,"date":"2025-01-16T01:11:06","date_gmt":"2025-01-16T04:11:06","guid":{"rendered":"https:\/\/patagoniarebeldeweb.com.ar\/?p=1313"},"modified":"2025-01-16T01:15:26","modified_gmt":"2025-01-16T04:15:26","slug":"el-papa-francisco-hablo-sobre-la-desaparicion-de-loan-y-considero-el-trafico-de-organos-como-una-de-las-hipotesis","status":"publish","type":"post","link":"https:\/\/patagoniarebeldeweb.com.ar\/?p=1313","title":{"rendered":"El Papa Francisco habl\u00f3 sobre la desaparici\u00f3n de Loan y consider\u00f3 el tr\u00e1fico de \u00f3rganos como &#8220;una de las hip\u00f3tesis&#8221;"},"content":{"rendered":"\n<h4 class=\"wp-block-heading\">El Sumo Pont\u00edfice dedic\u00f3 su audiencia general a la explotaci\u00f3n infantil y sugiri\u00f3 que el ni\u00f1o desaparecido en Corrientes pudo haber sido v\u00edctima de trata de personas.<\/h4>\n\n\n\n<p>Asiete meses de la&nbsp;<a target=\"_blank\" href=\"https:\/\/www.perfil.com\/noticias\/sociedad\/caso-loan-monica-millapi-cargo-contra-laudelina-pena-y-aseguro-que-hizo-cosas-raras.phtml\" rel=\"noreferrer noopener\">desaparici\u00f3n<\/a>&nbsp;de&nbsp;<strong>Loan Danilo Pe\u00f1a<\/strong>&nbsp;en 9 de Julio, Corrientes, el&nbsp;<a target=\"_blank\" href=\"https:\/\/www.perfil.com\/noticias\/internacional\/soy-un-pecador-admite-el-papa-francisco-en-su-autobiofrafia.phtml\" rel=\"noreferrer noopener\"><strong>Papa Francisco<\/strong><\/a>&nbsp;record\u00f3 el caso durante su audiencia este mi\u00e9rcoles y dijo que \u201cuna de las hip\u00f3tesis\u201d es que el ni\u00f1o de 5 a\u00f1os haya sido v\u00edctima del&nbsp;<strong>tr\u00e1fico de \u00f3rganos<\/strong>.&nbsp;<\/p>\n\n\n\n<p>El pont\u00edfice dedic\u00f3 la catequesis de su audiencia general a \u201clos cientos de millones de menores se ven obligados a trabajar\u201d y lament\u00f3 la indiferencia ante las \u201cvidas perdidas\u201d de los ni\u00f1os que son&nbsp;<strong>\u201cesclavos de la trata para la prostituci\u00f3n o de la pornograf\u00eda, y de los matrimonios forzados\u201d<\/strong>. A continuaci\u00f3n, Francisco dej\u00f3 de un lado su discurso preparado para su presentaci\u00f3n semanal sobre \u201cLos amados del Padre\u201d y mencion\u00f3 al ni\u00f1o correntino.<\/p>\n\n\n\n<p>\u201c<strong>Hay un caso en mi pa\u00eds, un chico llamado Loan fue secuestrado y nadie sabe d\u00f3nde est\u00e1, y una de las hip\u00f3tesis es que se lo hayan llevado para extraerle los \u00f3rganos, para hacer trasplantes.&nbsp;<\/strong>Y esto se hace, se sabe bien. Algunos vuelven con la cicatriz, otros mueren. Por eso hoy quiero recordar a este chico Loan\u201d, sostuvo el Santo Padre en el Aula Pablo VI.&nbsp;<\/p>\n\n\n\n<p>La manifestaci\u00f3n del Papa Francisco llega despu\u00e9s de que los padres de Loan,&nbsp;<strong>Mar\u00eda Noguera&nbsp;<\/strong>y<strong>&nbsp;Jos\u00e9 Pe\u00f1a<\/strong>, le enviaran una carta al Papa en la que le pidieron que incluyera a su hijo en sus rezos.&nbsp;<\/p>\n\n\n\n<p>\u201c<strong>Somos Mar\u00eda Noguera y Jos\u00e9 Pe\u00f1a, madre y padre de Loan Danilo Pe\u00f1a. Somos Mar\u00eda y Jos\u00e9 y nos toca en carne propia vivir el calvario que sufrieron los padres de Jes\u00fas<\/strong>. Ojal\u00e1 est\u00e1s palabras le lleguen y tambi\u00e9n que en alg\u00fan momento nos pueda recibir&#8221;, escribieron en el texto enviado al Vaticano el pasado 12 de noviembre.&nbsp;<\/p>\n\n\n\n<p>Adem\u00e1s, las declaraciones del Sumo Pont\u00edfice refuerzan el pedido que hizo la Iglesia Cat\u00f3lica argentina, a trav\u00e9s de la&nbsp;<strong>Comisi\u00f3n Episcopal de la Pastoral de Migrantes e Itinerantes<\/strong>&nbsp;(CEMI), cuando el pasado 23 de junio reclam\u00f3 en un comunicado su consternaci\u00f3n ante la repetici\u00f3n de casos semejantes \u201csin que se activen las alertas y procedimientos a tiempo, entorpeciendo el esclarecimiento de los mismos\u201d.&nbsp;<\/p>\n\n\n\n<p>De manera similar al pont\u00edfice, el organismo advirti\u00f3 en el escrito que, a partir de \u201cvarias conjeturas\u201d que se hicieron durante el inicio de la b\u00fasqueda,&nbsp;<strong>\u201cla eventual posibilidad de que (Loan) pueda ser una v\u00edctima m\u00e1s de la denominada trata de personas va cobrando fuerza\u201d<\/strong>.&nbsp;<\/p>\n\n\n\n<p>El paradero de Loan es desconocido desde el 13 de junio de 2024, cuando desapareci\u00f3 en el paraje Algarrobal, en una propiedad cercana a la casa de su abuela, mientras recog\u00eda naranjas junto a un grupo de familiares.&nbsp;<\/p>\n\n\n\n<p>Luego de recordar la desaparici\u00f3n del ni\u00f1o argentino, el Papa llam\u00f3 a \u201cescuchar el sufrimiento de los que no tienen voz, de los que no tienen educaci\u00f3n\u201d, a \u201cluchar contra la explotaci\u00f3n, especialmente la infantil\u201d y a \u201cno ser c\u00f3mplices\u201d.&nbsp;<\/p>\n\n\n\n<p>\u201c\u00bfY cu\u00e1ndo lo somos? Por ejemplo, cuando compramos productos que emplean mano de obra infantil. \u00bfC\u00f3mo puedo comer y vestirme sabiendo que detr\u00e1s de esa comida o de esa ropa hay ni\u00f1os explotados, que trabajan en vez de ir a la escuela?\u201c, cuestion\u00f3.&nbsp;<\/p>\n\n\n\n<p>En este sentido, adem\u00e1s de afirmar que cada individuo \u201cpuede ser una gota que puede convertirse en un mar\u201d, le record\u00f3 a las instituciones, \u201cincluidas las eclesi\u00e1sticas\u201d, y a las empresas que&nbsp;<strong>\u201cpueden marcar la diferencia dirigiendo sus inversiones a empresas que no utilicen ni permitan el trabajo infantil\u201d<\/strong>.&nbsp;<\/p>\n\n\n\n<p>Esta no es la primera vez que el pont\u00edfice se expresa sobre la pr\u00e1ctica de la trata de personas. En febrero de 2024, en el marco de la&nbsp;<strong>X Jornada Mundial de Oraci\u00f3n y Reflexi\u00f3n contra la Trata de Personas<\/strong>, escribi\u00f3:<strong>&nbsp;\u201cSi cerramos nuestros ojos y o\u00eddos, si permanecemos inertes, seremos c\u00f3mplices\u201d<\/strong>.&nbsp;<\/p>\n\n\n\n<p>AGP<\/p>\n\n\n\n<p>Editor: EM<\/p>\n","protected":false},"excerpt":{"rendered":"<p>El Sumo Pont\u00edfice dedic\u00f3 su audiencia general a la explotaci\u00f3n infantil y sugiri\u00f3 que el&#8230;<\/p>\n","protected":false},"author":1,"featured_media":1314,"comment_status":"open","ping_status":"open","sticky":false,"template":"","format":"standard","meta":{"footnotes":""},"categories":[25],"tags":[],"class_list":["post-1313","post","type-post","status-publish","format-standard","has-post-thumbnail","hentry","category-destacadas"],"yoast_head":"<!-- This site is optimized with the Yoast SEO plugin v27.2 - https:\/\/yoast.com\/product\/yoast-seo-wordpress\/ -->\n<title>El Papa Francisco habl\u00f3 sobre la desaparici\u00f3n de Loan y consider\u00f3 el tr\u00e1fico de \u00f3rganos como &quot;una de las hip\u00f3tesis&quot; | Patagonia Rebelde<\/title>\n<meta name=\"robots\" content=\"index, follow, max-snippet:-1, max-image-preview:large, max-video-preview:-1\" \/>\n<link rel=\"canonical\" href=\"https:\/\/patagoniarebeldeweb.com.ar\/?p=1313\" \/>\n<meta property=\"og:locale\" content=\"es_ES\" \/>\n<meta property=\"og:type\" content=\"article\" \/>\n<meta property=\"og:title\" content=\"El Papa Francisco habl\u00f3 sobre la desaparici\u00f3n de Loan y consider\u00f3 el tr\u00e1fico de \u00f3rganos como &quot;una de las hip\u00f3tesis&quot; | Patagonia Rebelde\" \/>\n<meta property=\"og:description\" content=\"El Sumo Pont\u00edfice dedic\u00f3 su audiencia general a la explotaci\u00f3n infantil y sugiri\u00f3 que el...\" \/>\n<meta property=\"og:url\" content=\"https:\/\/patagoniarebeldeweb.com.ar\/?p=1313\" \/>\n<meta property=\"og:site_name\" content=\"Patagonia Rebelde\" \/>\n<meta property=\"article:publisher\" content=\"https:\/\/www.facebook.com\/patagoniarebeldeweb\/\" \/>\n<meta property=\"article:published_time\" content=\"2025-01-16T04:11:06+00:00\" \/>\n<meta property=\"article:modified_time\" content=\"2025-01-16T04:15:26+00:00\" \/>\n<meta property=\"og:image\" content=\"https:\/\/patagoniarebeldeweb.com.ar\/wp-content\/uploads\/2025\/01\/PAPA-LOAN.webp\" \/>\n\t<meta property=\"og:image:width\" content=\"987\" \/>\n\t<meta property=\"og:image:height\" content=\"555\" \/>\n\t<meta property=\"og:image:type\" content=\"image\/webp\" \/>\n<meta name=\"author\" content=\"admin\" \/>\n<meta name=\"twitter:card\" content=\"summary_large_image\" \/>\n<meta name=\"twitter:label1\" content=\"Escrito por\" \/>\n\t<meta name=\"twitter:data1\" content=\"admin\" \/>\n\t<meta name=\"twitter:label2\" content=\"Tiempo de lectura\" \/>\n\t<meta name=\"twitter:data2\" content=\"4 minutos\" \/>\n<script type=\"application\/ld+json\" class=\"yoast-schema-graph\">{\"@context\":\"https:\/\/schema.org\",\"@graph\":[{\"@type\":\"Article\",\"@id\":\"https:\/\/patagoniarebeldeweb.com.ar\/?p=1313#article\",\"isPartOf\":{\"@id\":\"https:\/\/patagoniarebeldeweb.com.ar\/?p=1313\"},\"author\":{\"name\":\"admin\",\"@id\":\"https:\/\/patagoniarebeldeweb.com.ar\/#\/schema\/person\/e293fd079db65aaa1c67b010d4a45452\"},\"headline\":\"El Papa Francisco habl\u00f3 sobre la desaparici\u00f3n de Loan y consider\u00f3 el tr\u00e1fico de \u00f3rganos como &#8220;una de las hip\u00f3tesis&#8221;\",\"datePublished\":\"2025-01-16T04:11:06+00:00\",\"dateModified\":\"2025-01-16T04:15:26+00:00\",\"mainEntityOfPage\":{\"@id\":\"https:\/\/patagoniarebeldeweb.com.ar\/?p=1313\"},\"wordCount\":751,\"commentCount\":0,\"publisher\":{\"@id\":\"https:\/\/patagoniarebeldeweb.com.ar\/#organization\"},\"image\":{\"@id\":\"https:\/\/patagoniarebeldeweb.com.ar\/?p=1313#primaryimage\"},\"thumbnailUrl\":\"https:\/\/patagoniarebeldeweb.com.ar\/wp-content\/uploads\/2025\/01\/PAPA-LOAN.webp\",\"articleSection\":[\"Destacadas\"],\"inLanguage\":\"es-AR\",\"potentialAction\":[{\"@type\":\"CommentAction\",\"name\":\"Comment\",\"target\":[\"https:\/\/patagoniarebeldeweb.com.ar\/?p=1313#respond\"]}]},{\"@type\":\"WebPage\",\"@id\":\"https:\/\/patagoniarebeldeweb.com.ar\/?p=1313\",\"url\":\"https:\/\/patagoniarebeldeweb.com.ar\/?p=1313\",\"name\":\"El Papa Francisco habl\u00f3 sobre la desaparici\u00f3n de Loan y consider\u00f3 el tr\u00e1fico de \u00f3rganos como \\\"una de las hip\u00f3tesis\\\" | Patagonia Rebelde\",\"isPartOf\":{\"@id\":\"https:\/\/patagoniarebeldeweb.com.ar\/#website\"},\"primaryImageOfPage\":{\"@id\":\"https:\/\/patagoniarebeldeweb.com.ar\/?p=1313#primaryimage\"},\"image\":{\"@id\":\"https:\/\/patagoniarebeldeweb.com.ar\/?p=1313#primaryimage\"},\"thumbnailUrl\":\"https:\/\/patagoniarebeldeweb.com.ar\/wp-content\/uploads\/2025\/01\/PAPA-LOAN.webp\",\"datePublished\":\"2025-01-16T04:11:06+00:00\",\"dateModified\":\"2025-01-16T04:15:26+00:00\",\"breadcrumb\":{\"@id\":\"https:\/\/patagoniarebeldeweb.com.ar\/?p=1313#breadcrumb\"},\"inLanguage\":\"es-AR\",\"potentialAction\":[{\"@type\":\"ReadAction\",\"target\":[\"https:\/\/patagoniarebeldeweb.com.ar\/?p=1313\"]}]},{\"@type\":\"ImageObject\",\"inLanguage\":\"es-AR\",\"@id\":\"https:\/\/patagoniarebeldeweb.com.ar\/?p=1313#primaryimage\",\"url\":\"https:\/\/patagoniarebeldeweb.com.ar\/wp-content\/uploads\/2025\/01\/PAPA-LOAN.webp\",\"contentUrl\":\"https:\/\/patagoniarebeldeweb.com.ar\/wp-content\/uploads\/2025\/01\/PAPA-LOAN.webp\",\"width\":987,\"height\":555},{\"@type\":\"BreadcrumbList\",\"@id\":\"https:\/\/patagoniarebeldeweb.com.ar\/?p=1313#breadcrumb\",\"itemListElement\":[{\"@type\":\"ListItem\",\"position\":1,\"name\":\"Portada\",\"item\":\"https:\/\/patagoniarebeldeweb.com.ar\/\"},{\"@type\":\"ListItem\",\"position\":2,\"name\":\"El Papa Francisco habl\u00f3 sobre la desaparici\u00f3n de Loan y consider\u00f3 el tr\u00e1fico de \u00f3rganos como &#8220;una de las hip\u00f3tesis&#8221;\"}]},{\"@type\":\"WebSite\",\"@id\":\"https:\/\/patagoniarebeldeweb.com.ar\/#website\",\"url\":\"https:\/\/patagoniarebeldeweb.com.ar\/\",\"name\":\"Patagonia Rebelde\",\"description\":\"Toda la info de General Rodr\u00edguez\",\"publisher\":{\"@id\":\"https:\/\/patagoniarebeldeweb.com.ar\/#organization\"},\"alternateName\":\"Patagonia Rebelde web\",\"potentialAction\":[{\"@type\":\"SearchAction\",\"target\":{\"@type\":\"EntryPoint\",\"urlTemplate\":\"https:\/\/patagoniarebeldeweb.com.ar\/?s={search_term_string}\"},\"query-input\":{\"@type\":\"PropertyValueSpecification\",\"valueRequired\":true,\"valueName\":\"search_term_string\"}}],\"inLanguage\":\"es-AR\"},{\"@type\":\"Organization\",\"@id\":\"https:\/\/patagoniarebeldeweb.com.ar\/#organization\",\"name\":\"Patagonia Rebelde\",\"alternateName\":\"Patagonia Rebelde web\",\"url\":\"https:\/\/patagoniarebeldeweb.com.ar\/\",\"logo\":{\"@type\":\"ImageObject\",\"inLanguage\":\"es-AR\",\"@id\":\"https:\/\/patagoniarebeldeweb.com.ar\/#\/schema\/logo\/image\/\",\"url\":\"https:\/\/patagoniarebeldeweb.com.ar\/wp-content\/uploads\/2024\/11\/logo-si.png\",\"contentUrl\":\"https:\/\/patagoniarebeldeweb.com.ar\/wp-content\/uploads\/2024\/11\/logo-si.png\",\"width\":460,\"height\":139,\"caption\":\"Patagonia Rebelde\"},\"image\":{\"@id\":\"https:\/\/patagoniarebeldeweb.com.ar\/#\/schema\/logo\/image\/\"},\"sameAs\":[\"https:\/\/www.facebook.com\/patagoniarebeldeweb\/\",\"https:\/\/www.youtube.com\/@edgardomiller\"]},{\"@type\":\"Person\",\"@id\":\"https:\/\/patagoniarebeldeweb.com.ar\/#\/schema\/person\/e293fd079db65aaa1c67b010d4a45452\",\"name\":\"admin\",\"image\":{\"@type\":\"ImageObject\",\"inLanguage\":\"es-AR\",\"@id\":\"https:\/\/secure.gravatar.com\/avatar\/aee4690e6ac4e427fd6efdc77149c35418ee5cc06426f4da7bc3ec412f507eb1?s=96&d=mm&r=g\",\"url\":\"https:\/\/secure.gravatar.com\/avatar\/aee4690e6ac4e427fd6efdc77149c35418ee5cc06426f4da7bc3ec412f507eb1?s=96&d=mm&r=g\",\"contentUrl\":\"https:\/\/secure.gravatar.com\/avatar\/aee4690e6ac4e427fd6efdc77149c35418ee5cc06426f4da7bc3ec412f507eb1?s=96&d=mm&r=g\",\"caption\":\"admin\"},\"sameAs\":[\"https:\/\/patagoniarebeldeweb.com.ar\"],\"url\":\"https:\/\/patagoniarebeldeweb.com.ar\/?author=1\"}]}<\/script>\n<!-- \/ Yoast SEO plugin. -->","yoast_head_json":{"title":"El Papa Francisco habl\u00f3 sobre la desaparici\u00f3n de Loan y consider\u00f3 el tr\u00e1fico de \u00f3rganos como \"una de las hip\u00f3tesis\" | Patagonia Rebelde","robots":{"index":"index","follow":"follow","max-snippet":"max-snippet:-1","max-image-preview":"max-image-preview:large","max-video-preview":"max-video-preview:-1"},"canonical":"https:\/\/patagoniarebeldeweb.com.ar\/?p=1313","og_locale":"es_ES","og_type":"article","og_title":"El Papa Francisco habl\u00f3 sobre la desaparici\u00f3n de Loan y consider\u00f3 el tr\u00e1fico de \u00f3rganos como \"una de las hip\u00f3tesis\" | Patagonia Rebelde","og_description":"El Sumo Pont\u00edfice dedic\u00f3 su audiencia general a la explotaci\u00f3n infantil y sugiri\u00f3 que el...","og_url":"https:\/\/patagoniarebeldeweb.com.ar\/?p=1313","og_site_name":"Patagonia Rebelde","article_publisher":"https:\/\/www.facebook.com\/patagoniarebeldeweb\/","article_published_time":"2025-01-16T04:11:06+00:00","article_modified_time":"2025-01-16T04:15:26+00:00","og_image":[{"width":987,"height":555,"url":"https:\/\/patagoniarebeldeweb.com.ar\/wp-content\/uploads\/2025\/01\/PAPA-LOAN.webp","type":"image\/webp"}],"author":"admin","twitter_card":"summary_large_image","twitter_misc":{"Escrito por":"admin","Tiempo de lectura":"4 minutos"},"schema":{"@context":"https:\/\/schema.org","@graph":[{"@type":"Article","@id":"https:\/\/patagoniarebeldeweb.com.ar\/?p=1313#article","isPartOf":{"@id":"https:\/\/patagoniarebeldeweb.com.ar\/?p=1313"},"author":{"name":"admin","@id":"https:\/\/patagoniarebeldeweb.com.ar\/#\/schema\/person\/e293fd079db65aaa1c67b010d4a45452"},"headline":"El Papa Francisco habl\u00f3 sobre la desaparici\u00f3n de Loan y consider\u00f3 el tr\u00e1fico de \u00f3rganos como &#8220;una de las hip\u00f3tesis&#8221;","datePublished":"2025-01-16T04:11:06+00:00","dateModified":"2025-01-16T04:15:26+00:00","mainEntityOfPage":{"@id":"https:\/\/patagoniarebeldeweb.com.ar\/?p=1313"},"wordCount":751,"commentCount":0,"publisher":{"@id":"https:\/\/patagoniarebeldeweb.com.ar\/#organization"},"image":{"@id":"https:\/\/patagoniarebeldeweb.com.ar\/?p=1313#primaryimage"},"thumbnailUrl":"https:\/\/patagoniarebeldeweb.com.ar\/wp-content\/uploads\/2025\/01\/PAPA-LOAN.webp","articleSection":["Destacadas"],"inLanguage":"es-AR","potentialAction":[{"@type":"CommentAction","name":"Comment","target":["https:\/\/patagoniarebeldeweb.com.ar\/?p=1313#respond"]}]},{"@type":"WebPage","@id":"https:\/\/patagoniarebeldeweb.com.ar\/?p=1313","url":"https:\/\/patagoniarebeldeweb.com.ar\/?p=1313","name":"El Papa Francisco habl\u00f3 sobre la desaparici\u00f3n de Loan y consider\u00f3 el tr\u00e1fico de \u00f3rganos como \"una de las hip\u00f3tesis\" | Patagonia Rebelde","isPartOf":{"@id":"https:\/\/patagoniarebeldeweb.com.ar\/#website"},"primaryImageOfPage":{"@id":"https:\/\/patagoniarebeldeweb.com.ar\/?p=1313#primaryimage"},"image":{"@id":"https:\/\/patagoniarebeldeweb.com.ar\/?p=1313#primaryimage"},"thumbnailUrl":"https:\/\/patagoniarebeldeweb.com.ar\/wp-content\/uploads\/2025\/01\/PAPA-LOAN.webp","datePublished":"2025-01-16T04:11:06+00:00","dateModified":"2025-01-16T04:15:26+00:00","breadcrumb":{"@id":"https:\/\/patagoniarebeldeweb.com.ar\/?p=1313#breadcrumb"},"inLanguage":"es-AR","potentialAction":[{"@type":"ReadAction","target":["https:\/\/patagoniarebeldeweb.com.ar\/?p=1313"]}]},{"@type":"ImageObject","inLanguage":"es-AR","@id":"https:\/\/patagoniarebeldeweb.com.ar\/?p=1313#primaryimage","url":"https:\/\/patagoniarebeldeweb.com.ar\/wp-content\/uploads\/2025\/01\/PAPA-LOAN.webp","contentUrl":"https:\/\/patagoniarebeldeweb.com.ar\/wp-content\/uploads\/2025\/01\/PAPA-LOAN.webp","width":987,"height":555},{"@type":"BreadcrumbList","@id":"https:\/\/patagoniarebeldeweb.com.ar\/?p=1313#breadcrumb","itemListElement":[{"@type":"ListItem","position":1,"name":"Portada","item":"https:\/\/patagoniarebeldeweb.com.ar\/"},{"@type":"ListItem","position":2,"name":"El Papa Francisco habl\u00f3 sobre la desaparici\u00f3n de Loan y consider\u00f3 el tr\u00e1fico de \u00f3rganos como &#8220;una de las hip\u00f3tesis&#8221;"}]},{"@type":"WebSite","@id":"https:\/\/patagoniarebeldeweb.com.ar\/#website","url":"https:\/\/patagoniarebeldeweb.com.ar\/","name":"Patagonia Rebelde","description":"Toda la info de General Rodr\u00edguez","publisher":{"@id":"https:\/\/patagoniarebeldeweb.com.ar\/#organization"},"alternateName":"Patagonia Rebelde web","potentialAction":[{"@type":"SearchAction","target":{"@type":"EntryPoint","urlTemplate":"https:\/\/patagoniarebeldeweb.com.ar\/?s={search_term_string}"},"query-input":{"@type":"PropertyValueSpecification","valueRequired":true,"valueName":"search_term_string"}}],"inLanguage":"es-AR"},{"@type":"Organization","@id":"https:\/\/patagoniarebeldeweb.com.ar\/#organization","name":"Patagonia Rebelde","alternateName":"Patagonia Rebelde web","url":"https:\/\/patagoniarebeldeweb.com.ar\/","logo":{"@type":"ImageObject","inLanguage":"es-AR","@id":"https:\/\/patagoniarebeldeweb.com.ar\/#\/schema\/logo\/image\/","url":"https:\/\/patagoniarebeldeweb.com.ar\/wp-content\/uploads\/2024\/11\/logo-si.png","contentUrl":"https:\/\/patagoniarebeldeweb.com.ar\/wp-content\/uploads\/2024\/11\/logo-si.png","width":460,"height":139,"caption":"Patagonia Rebelde"},"image":{"@id":"https:\/\/patagoniarebeldeweb.com.ar\/#\/schema\/logo\/image\/"},"sameAs":["https:\/\/www.facebook.com\/patagoniarebeldeweb\/","https:\/\/www.youtube.com\/@edgardomiller"]},{"@type":"Person","@id":"https:\/\/patagoniarebeldeweb.com.ar\/#\/schema\/person\/e293fd079db65aaa1c67b010d4a45452","name":"admin","image":{"@type":"ImageObject","inLanguage":"es-AR","@id":"https:\/\/secure.gravatar.com\/avatar\/aee4690e6ac4e427fd6efdc77149c35418ee5cc06426f4da7bc3ec412f507eb1?s=96&d=mm&r=g","url":"https:\/\/secure.gravatar.com\/avatar\/aee4690e6ac4e427fd6efdc77149c35418ee5cc06426f4da7bc3ec412f507eb1?s=96&d=mm&r=g","contentUrl":"https:\/\/secure.gravatar.com\/avatar\/aee4690e6ac4e427fd6efdc77149c35418ee5cc06426f4da7bc3ec412f507eb1?s=96&d=mm&r=g","caption":"admin"},"sameAs":["https:\/\/patagoniarebeldeweb.com.ar"],"url":"https:\/\/patagoniarebeldeweb.com.ar\/?author=1"}]}},"featured_image_urls":{"full":["https:\/\/patagoniarebeldeweb.com.ar\/wp-content\/uploads\/2025\/01\/PAPA-LOAN.webp",987,555,false],"thumbnail":["https:\/\/patagoniarebeldeweb.com.ar\/wp-content\/uploads\/2025\/01\/PAPA-LOAN-150x150.webp",150,150,true],"medium":["https:\/\/patagoniarebeldeweb.com.ar\/wp-content\/uploads\/2025\/01\/PAPA-LOAN-300x169.webp",300,169,true],"medium_large":["https:\/\/patagoniarebeldeweb.com.ar\/wp-content\/uploads\/2025\/01\/PAPA-LOAN-768x432.webp",640,360,true],"large":["https:\/\/patagoniarebeldeweb.com.ar\/wp-content\/uploads\/2025\/01\/PAPA-LOAN.webp",640,360,false],"1536x1536":["https:\/\/patagoniarebeldeweb.com.ar\/wp-content\/uploads\/2025\/01\/PAPA-LOAN.webp",987,555,false],"2048x2048":["https:\/\/patagoniarebeldeweb.com.ar\/wp-content\/uploads\/2025\/01\/PAPA-LOAN.webp",987,555,false],"enternews-slider-full":["https:\/\/patagoniarebeldeweb.com.ar\/wp-content\/uploads\/2025\/01\/PAPA-LOAN.webp",987,555,false],"enternews-featured":["https:\/\/patagoniarebeldeweb.com.ar\/wp-content\/uploads\/2025\/01\/PAPA-LOAN.webp",987,555,false],"enternews-medium":["https:\/\/patagoniarebeldeweb.com.ar\/wp-content\/uploads\/2025\/01\/PAPA-LOAN-720x475.webp",720,475,true]},"author_info":{"display_name":"admin","author_link":"https:\/\/patagoniarebeldeweb.com.ar\/?author=1"},"category_info":"<a href=\"https:\/\/patagoniarebeldeweb.com.ar\/?cat=25\" rel=\"category\">Destacadas<\/a>","tag_info":"Destacadas","comment_count":"0","_links":{"self":[{"href":"https:\/\/patagoniarebeldeweb.com.ar\/index.php?rest_route=\/wp\/v2\/posts\/1313","targetHints":{"allow":["GET"]}}],"collection":[{"href":"https:\/\/patagoniarebeldeweb.com.ar\/index.php?rest_route=\/wp\/v2\/posts"}],"about":[{"href":"https:\/\/patagoniarebeldeweb.com.ar\/index.php?rest_route=\/wp\/v2\/types\/post"}],"author":[{"embeddable":true,"href":"https:\/\/patagoniarebeldeweb.com.ar\/index.php?rest_route=\/wp\/v2\/users\/1"}],"replies":[{"embeddable":true,"href":"https:\/\/patagoniarebeldeweb.com.ar\/index.php?rest_route=%2Fwp%2Fv2%2Fcomments&post=1313"}],"version-history":[{"count":1,"href":"https:\/\/patagoniarebeldeweb.com.ar\/index.php?rest_route=\/wp\/v2\/posts\/1313\/revisions"}],"predecessor-version":[{"id":1315,"href":"https:\/\/patagoniarebeldeweb.com.ar\/index.php?rest_route=\/wp\/v2\/posts\/1313\/revisions\/1315"}],"wp:featuredmedia":[{"embeddable":true,"href":"https:\/\/patagoniarebeldeweb.com.ar\/index.php?rest_route=\/wp\/v2\/media\/1314"}],"wp:attachment":[{"href":"https:\/\/patagoniarebeldeweb.com.ar\/index.php?rest_route=%2Fwp%2Fv2%2Fmedia&parent=1313"}],"wp:term":[{"taxonomy":"category","embeddable":true,"href":"https:\/\/patagoniarebeldeweb.com.ar\/index.php?rest_route=%2Fwp%2Fv2%2Fcategories&post=1313"},{"taxonomy":"post_tag","embeddable":true,"href":"https:\/\/patagoniarebeldeweb.com.ar\/index.php?rest_route=%2Fwp%2Fv2%2Ftags&post=1313"}],"curies":[{"name":"wp","href":"https:\/\/api.w.org\/{rel}","templated":true}]}}