{"id":1224,"date":"2024-12-14T13:24:31","date_gmt":"2024-12-14T13:24:31","guid":{"rendered":"https:\/\/patagoniarebeldeweb.com.ar\/?p=1224"},"modified":"2024-12-14T13:24:32","modified_gmt":"2024-12-14T13:24:32","slug":"finalizo-una-nueva-edicion-de-la-liga-rodriguense-de-futbol","status":"publish","type":"post","link":"https:\/\/patagoniarebeldeweb.com.ar\/?p=1224","title":{"rendered":"Finaliz\u00f3 una nueva edici\u00f3n de la Liga Rodriguense de f\u00fatbol"},"content":{"rendered":"\n<h4 class=\"wp-block-heading\">(AGP). -El Intendente Mauro Garc\u00eda asisti\u00f3 a los partidos definitorios de la Liga Rodriguense de F\u00fatbol que se llevaron a cabo en la cancha del Club Leandro N. Alem, en donde encabez\u00f3 la entrega de trofeos y medallas para los equipos que alcanzaron el podio del campeonato.<\/h4>\n\n\n\n<p>El Intendente Mauro Garc\u00eda asisti\u00f3 a los partidos definitorios de la Liga Rodriguense de F\u00fatbol que se llevaron a cabo en la cancha del Club Leandro N. Alem, en donde encabez\u00f3 la entrega de trofeos y medallas para los equipos que alcanzaron el podio del campeonato.<\/p>\n\n\n\n<p>En total participaron cerca de 28 clubes de nuestra ciudad y distritos aleda\u00f1os, con casi 3000 personas inscriptas para participar en las seis categor\u00edas que promueve la Liga: Primera Masculina y Femenina, Reserva, Veteranos, Sub 17 y Sub 15.<\/p>\n\n\n\n<p>Junto al jefe comunal estuvieron presentes la secretaria de Educaci\u00f3n, Cultura, Deportes y Juventudes, Claudia Guerra, su subsecretario, Gonzalo Gra\u00f1a, y el coordinador de Deportes, Eduardo Acosta, adem\u00e1s de autoridades del Club Alem y de los clubes participantes.<\/p>\n\n\n\n<p>La Liga Rodriguense surgi\u00f3 a mediados del 2022 en el marco de una pol\u00edtica de inclusi\u00f3n, integraci\u00f3n y promoci\u00f3n del desarrollo recreativo de vecinos y vecinas de nuestra ciudad a trav\u00e9s del deporte.<\/p>\n\n\n\n<p>Este a\u00f1o el campeonato se desarroll\u00f3 en el cl\u00e1sico formato de \u201ctodos contra todos\u201d que se llev\u00f3 a cabo en distintas canchas del distrito, para luego dar lugar a un reducido con los conjuntos que m\u00e1s puntos obtuvieron a lo largo del a\u00f1o.<\/p>\n\n\n\n<p>Durante las jornadas decisivas del torneo se destacaron los siguientes ganadores:<br>Cat. Sub 15:&nbsp;<strong>CLUB SAN BERNARDO<\/strong>&nbsp;(campe\u00f3n) \u2013 Atilra FC (subcampe\u00f3n) \u2013 Club El Lobito (tercero)<br>Cat. Sub 17:&nbsp;<strong>ESCUELA DEPORTIVA DEL BICENTENARIO (EDEBI)&nbsp;<\/strong>\u2013 Atilra FC \u2013 Malvinas FC<br>Cat. Reserva:&nbsp;<strong>MALVINAS FC<\/strong>&nbsp;\u2013 Sp. Victoria \u2013 PAC<br>Cat. Primera Femenina:&nbsp;<strong>LA PEPA<\/strong>&#8211; Dep. Mi Rinc\u00f3n-Sel. Moreno A<br>Cat. Primera Masculina:&nbsp;<strong>MALVINAS FC<\/strong>&#8211; La Esperanza FC \u2013 Dep. Marab\u00f3<br>Cat. Veteranos:&nbsp;<strong>UNI\u00d3N Y PROGRESO<\/strong>-PAC- At. General Rodr\u00edguez<\/p>\n\n\n\n<p>AGP<\/p>\n\n\n\n<p>Editor: EM<\/p>\n","protected":false},"excerpt":{"rendered":"<p>(AGP). -El Intendente Mauro Garc\u00eda asisti\u00f3 a los partidos definitorios de la Liga Rodriguense de&#8230;<\/p>\n","protected":false},"author":1,"featured_media":1225,"comment_status":"open","ping_status":"open","sticky":false,"template":"","format":"standard","meta":{"footnotes":""},"categories":[26,35],"tags":[],"class_list":["post-1224","post","type-post","status-publish","format-standard","has-post-thumbnail","hentry","category-general-rodriguez","category-gral-rodriguez"],"yoast_head":"<!-- This site is optimized with the Yoast SEO plugin v27.2 - https:\/\/yoast.com\/product\/yoast-seo-wordpress\/ -->\n<title>Finaliz\u00f3 una nueva edici\u00f3n de la Liga Rodriguense de f\u00fatbol | Patagonia Rebelde<\/title>\n<meta name=\"robots\" content=\"index, follow, max-snippet:-1, max-image-preview:large, max-video-preview:-1\" \/>\n<link rel=\"canonical\" href=\"https:\/\/patagoniarebeldeweb.com.ar\/?p=1224\" \/>\n<meta property=\"og:locale\" content=\"es_ES\" \/>\n<meta property=\"og:type\" content=\"article\" \/>\n<meta property=\"og:title\" content=\"Finaliz\u00f3 una nueva edici\u00f3n de la Liga Rodriguense de f\u00fatbol | Patagonia Rebelde\" \/>\n<meta property=\"og:description\" content=\"(AGP). -El Intendente Mauro Garc\u00eda asisti\u00f3 a los partidos definitorios de la Liga Rodriguense de...\" \/>\n<meta property=\"og:url\" content=\"https:\/\/patagoniarebeldeweb.com.ar\/?p=1224\" \/>\n<meta property=\"og:site_name\" content=\"Patagonia Rebelde\" \/>\n<meta property=\"article:publisher\" content=\"https:\/\/www.facebook.com\/patagoniarebeldeweb\/\" \/>\n<meta property=\"article:published_time\" content=\"2024-12-14T13:24:31+00:00\" \/>\n<meta property=\"article:modified_time\" content=\"2024-12-14T13:24:32+00:00\" \/>\n<meta property=\"og:image\" content=\"https:\/\/patagoniarebeldeweb.com.ar\/wp-content\/uploads\/2024\/12\/LIGA-GENERAL-RODRIGUEZ.jpg\" \/>\n\t<meta property=\"og:image:width\" content=\"1280\" \/>\n\t<meta property=\"og:image:height\" content=\"853\" \/>\n\t<meta property=\"og:image:type\" content=\"image\/jpeg\" \/>\n<meta name=\"author\" content=\"admin\" \/>\n<meta name=\"twitter:card\" content=\"summary_large_image\" \/>\n<meta name=\"twitter:label1\" content=\"Escrito por\" \/>\n\t<meta name=\"twitter:data1\" content=\"admin\" \/>\n\t<meta name=\"twitter:label2\" content=\"Tiempo de lectura\" \/>\n\t<meta name=\"twitter:data2\" content=\"2 minutos\" \/>\n<script type=\"application\/ld+json\" class=\"yoast-schema-graph\">{\"@context\":\"https:\/\/schema.org\",\"@graph\":[{\"@type\":\"Article\",\"@id\":\"https:\/\/patagoniarebeldeweb.com.ar\/?p=1224#article\",\"isPartOf\":{\"@id\":\"https:\/\/patagoniarebeldeweb.com.ar\/?p=1224\"},\"author\":{\"name\":\"admin\",\"@id\":\"https:\/\/patagoniarebeldeweb.com.ar\/#\/schema\/person\/e293fd079db65aaa1c67b010d4a45452\"},\"headline\":\"Finaliz\u00f3 una nueva edici\u00f3n de la Liga Rodriguense de f\u00fatbol\",\"datePublished\":\"2024-12-14T13:24:31+00:00\",\"dateModified\":\"2024-12-14T13:24:32+00:00\",\"mainEntityOfPage\":{\"@id\":\"https:\/\/patagoniarebeldeweb.com.ar\/?p=1224\"},\"wordCount\":355,\"commentCount\":0,\"publisher\":{\"@id\":\"https:\/\/patagoniarebeldeweb.com.ar\/#organization\"},\"image\":{\"@id\":\"https:\/\/patagoniarebeldeweb.com.ar\/?p=1224#primaryimage\"},\"thumbnailUrl\":\"https:\/\/patagoniarebeldeweb.com.ar\/wp-content\/uploads\/2024\/12\/LIGA-GENERAL-RODRIGUEZ.jpg\",\"articleSection\":[\"GENERAL RODRIGUEZ\",\"GRAL. RODRIGUEZ\"],\"inLanguage\":\"es-AR\",\"potentialAction\":[{\"@type\":\"CommentAction\",\"name\":\"Comment\",\"target\":[\"https:\/\/patagoniarebeldeweb.com.ar\/?p=1224#respond\"]}]},{\"@type\":\"WebPage\",\"@id\":\"https:\/\/patagoniarebeldeweb.com.ar\/?p=1224\",\"url\":\"https:\/\/patagoniarebeldeweb.com.ar\/?p=1224\",\"name\":\"Finaliz\u00f3 una nueva edici\u00f3n de la Liga Rodriguense de f\u00fatbol | Patagonia Rebelde\",\"isPartOf\":{\"@id\":\"https:\/\/patagoniarebeldeweb.com.ar\/#website\"},\"primaryImageOfPage\":{\"@id\":\"https:\/\/patagoniarebeldeweb.com.ar\/?p=1224#primaryimage\"},\"image\":{\"@id\":\"https:\/\/patagoniarebeldeweb.com.ar\/?p=1224#primaryimage\"},\"thumbnailUrl\":\"https:\/\/patagoniarebeldeweb.com.ar\/wp-content\/uploads\/2024\/12\/LIGA-GENERAL-RODRIGUEZ.jpg\",\"datePublished\":\"2024-12-14T13:24:31+00:00\",\"dateModified\":\"2024-12-14T13:24:32+00:00\",\"breadcrumb\":{\"@id\":\"https:\/\/patagoniarebeldeweb.com.ar\/?p=1224#breadcrumb\"},\"inLanguage\":\"es-AR\",\"potentialAction\":[{\"@type\":\"ReadAction\",\"target\":[\"https:\/\/patagoniarebeldeweb.com.ar\/?p=1224\"]}]},{\"@type\":\"ImageObject\",\"inLanguage\":\"es-AR\",\"@id\":\"https:\/\/patagoniarebeldeweb.com.ar\/?p=1224#primaryimage\",\"url\":\"https:\/\/patagoniarebeldeweb.com.ar\/wp-content\/uploads\/2024\/12\/LIGA-GENERAL-RODRIGUEZ.jpg\",\"contentUrl\":\"https:\/\/patagoniarebeldeweb.com.ar\/wp-content\/uploads\/2024\/12\/LIGA-GENERAL-RODRIGUEZ.jpg\",\"width\":1280,\"height\":853},{\"@type\":\"BreadcrumbList\",\"@id\":\"https:\/\/patagoniarebeldeweb.com.ar\/?p=1224#breadcrumb\",\"itemListElement\":[{\"@type\":\"ListItem\",\"position\":1,\"name\":\"Portada\",\"item\":\"https:\/\/patagoniarebeldeweb.com.ar\/\"},{\"@type\":\"ListItem\",\"position\":2,\"name\":\"Finaliz\u00f3 una nueva edici\u00f3n de la Liga Rodriguense de f\u00fatbol\"}]},{\"@type\":\"WebSite\",\"@id\":\"https:\/\/patagoniarebeldeweb.com.ar\/#website\",\"url\":\"https:\/\/patagoniarebeldeweb.com.ar\/\",\"name\":\"Patagonia Rebelde\",\"description\":\"Toda la info de General Rodr\u00edguez\",\"publisher\":{\"@id\":\"https:\/\/patagoniarebeldeweb.com.ar\/#organization\"},\"alternateName\":\"Patagonia Rebelde web\",\"potentialAction\":[{\"@type\":\"SearchAction\",\"target\":{\"@type\":\"EntryPoint\",\"urlTemplate\":\"https:\/\/patagoniarebeldeweb.com.ar\/?s={search_term_string}\"},\"query-input\":{\"@type\":\"PropertyValueSpecification\",\"valueRequired\":true,\"valueName\":\"search_term_string\"}}],\"inLanguage\":\"es-AR\"},{\"@type\":\"Organization\",\"@id\":\"https:\/\/patagoniarebeldeweb.com.ar\/#organization\",\"name\":\"Patagonia Rebelde\",\"alternateName\":\"Patagonia Rebelde web\",\"url\":\"https:\/\/patagoniarebeldeweb.com.ar\/\",\"logo\":{\"@type\":\"ImageObject\",\"inLanguage\":\"es-AR\",\"@id\":\"https:\/\/patagoniarebeldeweb.com.ar\/#\/schema\/logo\/image\/\",\"url\":\"https:\/\/patagoniarebeldeweb.com.ar\/wp-content\/uploads\/2024\/11\/logo-si.png\",\"contentUrl\":\"https:\/\/patagoniarebeldeweb.com.ar\/wp-content\/uploads\/2024\/11\/logo-si.png\",\"width\":460,\"height\":139,\"caption\":\"Patagonia Rebelde\"},\"image\":{\"@id\":\"https:\/\/patagoniarebeldeweb.com.ar\/#\/schema\/logo\/image\/\"},\"sameAs\":[\"https:\/\/www.facebook.com\/patagoniarebeldeweb\/\",\"https:\/\/www.youtube.com\/@edgardomiller\"]},{\"@type\":\"Person\",\"@id\":\"https:\/\/patagoniarebeldeweb.com.ar\/#\/schema\/person\/e293fd079db65aaa1c67b010d4a45452\",\"name\":\"admin\",\"image\":{\"@type\":\"ImageObject\",\"inLanguage\":\"es-AR\",\"@id\":\"https:\/\/secure.gravatar.com\/avatar\/aee4690e6ac4e427fd6efdc77149c35418ee5cc06426f4da7bc3ec412f507eb1?s=96&d=mm&r=g\",\"url\":\"https:\/\/secure.gravatar.com\/avatar\/aee4690e6ac4e427fd6efdc77149c35418ee5cc06426f4da7bc3ec412f507eb1?s=96&d=mm&r=g\",\"contentUrl\":\"https:\/\/secure.gravatar.com\/avatar\/aee4690e6ac4e427fd6efdc77149c35418ee5cc06426f4da7bc3ec412f507eb1?s=96&d=mm&r=g\",\"caption\":\"admin\"},\"sameAs\":[\"https:\/\/patagoniarebeldeweb.com.ar\"],\"url\":\"https:\/\/patagoniarebeldeweb.com.ar\/?author=1\"}]}<\/script>\n<!-- \/ Yoast SEO plugin. -->","yoast_head_json":{"title":"Finaliz\u00f3 una nueva edici\u00f3n de la Liga Rodriguense de f\u00fatbol | Patagonia Rebelde","robots":{"index":"index","follow":"follow","max-snippet":"max-snippet:-1","max-image-preview":"max-image-preview:large","max-video-preview":"max-video-preview:-1"},"canonical":"https:\/\/patagoniarebeldeweb.com.ar\/?p=1224","og_locale":"es_ES","og_type":"article","og_title":"Finaliz\u00f3 una nueva edici\u00f3n de la Liga Rodriguense de f\u00fatbol | Patagonia Rebelde","og_description":"(AGP). -El Intendente Mauro Garc\u00eda asisti\u00f3 a los partidos definitorios de la Liga Rodriguense de...","og_url":"https:\/\/patagoniarebeldeweb.com.ar\/?p=1224","og_site_name":"Patagonia Rebelde","article_publisher":"https:\/\/www.facebook.com\/patagoniarebeldeweb\/","article_published_time":"2024-12-14T13:24:31+00:00","article_modified_time":"2024-12-14T13:24:32+00:00","og_image":[{"width":1280,"height":853,"url":"https:\/\/patagoniarebeldeweb.com.ar\/wp-content\/uploads\/2024\/12\/LIGA-GENERAL-RODRIGUEZ.jpg","type":"image\/jpeg"}],"author":"admin","twitter_card":"summary_large_image","twitter_misc":{"Escrito por":"admin","Tiempo de lectura":"2 minutos"},"schema":{"@context":"https:\/\/schema.org","@graph":[{"@type":"Article","@id":"https:\/\/patagoniarebeldeweb.com.ar\/?p=1224#article","isPartOf":{"@id":"https:\/\/patagoniarebeldeweb.com.ar\/?p=1224"},"author":{"name":"admin","@id":"https:\/\/patagoniarebeldeweb.com.ar\/#\/schema\/person\/e293fd079db65aaa1c67b010d4a45452"},"headline":"Finaliz\u00f3 una nueva edici\u00f3n de la Liga Rodriguense de f\u00fatbol","datePublished":"2024-12-14T13:24:31+00:00","dateModified":"2024-12-14T13:24:32+00:00","mainEntityOfPage":{"@id":"https:\/\/patagoniarebeldeweb.com.ar\/?p=1224"},"wordCount":355,"commentCount":0,"publisher":{"@id":"https:\/\/patagoniarebeldeweb.com.ar\/#organization"},"image":{"@id":"https:\/\/patagoniarebeldeweb.com.ar\/?p=1224#primaryimage"},"thumbnailUrl":"https:\/\/patagoniarebeldeweb.com.ar\/wp-content\/uploads\/2024\/12\/LIGA-GENERAL-RODRIGUEZ.jpg","articleSection":["GENERAL RODRIGUEZ","GRAL. RODRIGUEZ"],"inLanguage":"es-AR","potentialAction":[{"@type":"CommentAction","name":"Comment","target":["https:\/\/patagoniarebeldeweb.com.ar\/?p=1224#respond"]}]},{"@type":"WebPage","@id":"https:\/\/patagoniarebeldeweb.com.ar\/?p=1224","url":"https:\/\/patagoniarebeldeweb.com.ar\/?p=1224","name":"Finaliz\u00f3 una nueva edici\u00f3n de la Liga Rodriguense de f\u00fatbol | Patagonia Rebelde","isPartOf":{"@id":"https:\/\/patagoniarebeldeweb.com.ar\/#website"},"primaryImageOfPage":{"@id":"https:\/\/patagoniarebeldeweb.com.ar\/?p=1224#primaryimage"},"image":{"@id":"https:\/\/patagoniarebeldeweb.com.ar\/?p=1224#primaryimage"},"thumbnailUrl":"https:\/\/patagoniarebeldeweb.com.ar\/wp-content\/uploads\/2024\/12\/LIGA-GENERAL-RODRIGUEZ.jpg","datePublished":"2024-12-14T13:24:31+00:00","dateModified":"2024-12-14T13:24:32+00:00","breadcrumb":{"@id":"https:\/\/patagoniarebeldeweb.com.ar\/?p=1224#breadcrumb"},"inLanguage":"es-AR","potentialAction":[{"@type":"ReadAction","target":["https:\/\/patagoniarebeldeweb.com.ar\/?p=1224"]}]},{"@type":"ImageObject","inLanguage":"es-AR","@id":"https:\/\/patagoniarebeldeweb.com.ar\/?p=1224#primaryimage","url":"https:\/\/patagoniarebeldeweb.com.ar\/wp-content\/uploads\/2024\/12\/LIGA-GENERAL-RODRIGUEZ.jpg","contentUrl":"https:\/\/patagoniarebeldeweb.com.ar\/wp-content\/uploads\/2024\/12\/LIGA-GENERAL-RODRIGUEZ.jpg","width":1280,"height":853},{"@type":"BreadcrumbList","@id":"https:\/\/patagoniarebeldeweb.com.ar\/?p=1224#breadcrumb","itemListElement":[{"@type":"ListItem","position":1,"name":"Portada","item":"https:\/\/patagoniarebeldeweb.com.ar\/"},{"@type":"ListItem","position":2,"name":"Finaliz\u00f3 una nueva edici\u00f3n de la Liga Rodriguense de f\u00fatbol"}]},{"@type":"WebSite","@id":"https:\/\/patagoniarebeldeweb.com.ar\/#website","url":"https:\/\/patagoniarebeldeweb.com.ar\/","name":"Patagonia Rebelde","description":"Toda la info de General Rodr\u00edguez","publisher":{"@id":"https:\/\/patagoniarebeldeweb.com.ar\/#organization"},"alternateName":"Patagonia Rebelde web","potentialAction":[{"@type":"SearchAction","target":{"@type":"EntryPoint","urlTemplate":"https:\/\/patagoniarebeldeweb.com.ar\/?s={search_term_string}"},"query-input":{"@type":"PropertyValueSpecification","valueRequired":true,"valueName":"search_term_string"}}],"inLanguage":"es-AR"},{"@type":"Organization","@id":"https:\/\/patagoniarebeldeweb.com.ar\/#organization","name":"Patagonia Rebelde","alternateName":"Patagonia Rebelde web","url":"https:\/\/patagoniarebeldeweb.com.ar\/","logo":{"@type":"ImageObject","inLanguage":"es-AR","@id":"https:\/\/patagoniarebeldeweb.com.ar\/#\/schema\/logo\/image\/","url":"https:\/\/patagoniarebeldeweb.com.ar\/wp-content\/uploads\/2024\/11\/logo-si.png","contentUrl":"https:\/\/patagoniarebeldeweb.com.ar\/wp-content\/uploads\/2024\/11\/logo-si.png","width":460,"height":139,"caption":"Patagonia Rebelde"},"image":{"@id":"https:\/\/patagoniarebeldeweb.com.ar\/#\/schema\/logo\/image\/"},"sameAs":["https:\/\/www.facebook.com\/patagoniarebeldeweb\/","https:\/\/www.youtube.com\/@edgardomiller"]},{"@type":"Person","@id":"https:\/\/patagoniarebeldeweb.com.ar\/#\/schema\/person\/e293fd079db65aaa1c67b010d4a45452","name":"admin","image":{"@type":"ImageObject","inLanguage":"es-AR","@id":"https:\/\/secure.gravatar.com\/avatar\/aee4690e6ac4e427fd6efdc77149c35418ee5cc06426f4da7bc3ec412f507eb1?s=96&d=mm&r=g","url":"https:\/\/secure.gravatar.com\/avatar\/aee4690e6ac4e427fd6efdc77149c35418ee5cc06426f4da7bc3ec412f507eb1?s=96&d=mm&r=g","contentUrl":"https:\/\/secure.gravatar.com\/avatar\/aee4690e6ac4e427fd6efdc77149c35418ee5cc06426f4da7bc3ec412f507eb1?s=96&d=mm&r=g","caption":"admin"},"sameAs":["https:\/\/patagoniarebeldeweb.com.ar"],"url":"https:\/\/patagoniarebeldeweb.com.ar\/?author=1"}]}},"featured_image_urls":{"full":["https:\/\/patagoniarebeldeweb.com.ar\/wp-content\/uploads\/2024\/12\/LIGA-GENERAL-RODRIGUEZ.jpg",1280,853,false],"thumbnail":["https:\/\/patagoniarebeldeweb.com.ar\/wp-content\/uploads\/2024\/12\/LIGA-GENERAL-RODRIGUEZ-150x150.jpg",150,150,true],"medium":["https:\/\/patagoniarebeldeweb.com.ar\/wp-content\/uploads\/2024\/12\/LIGA-GENERAL-RODRIGUEZ-300x200.jpg",300,200,true],"medium_large":["https:\/\/patagoniarebeldeweb.com.ar\/wp-content\/uploads\/2024\/12\/LIGA-GENERAL-RODRIGUEZ-768x512.jpg",640,427,true],"large":["https:\/\/patagoniarebeldeweb.com.ar\/wp-content\/uploads\/2024\/12\/LIGA-GENERAL-RODRIGUEZ-1024x682.jpg",640,426,true],"1536x1536":["https:\/\/patagoniarebeldeweb.com.ar\/wp-content\/uploads\/2024\/12\/LIGA-GENERAL-RODRIGUEZ.jpg",1280,853,false],"2048x2048":["https:\/\/patagoniarebeldeweb.com.ar\/wp-content\/uploads\/2024\/12\/LIGA-GENERAL-RODRIGUEZ.jpg",1280,853,false],"enternews-slider-full":["https:\/\/patagoniarebeldeweb.com.ar\/wp-content\/uploads\/2024\/12\/LIGA-GENERAL-RODRIGUEZ-1280x845.jpg",1280,845,true],"enternews-featured":["https:\/\/patagoniarebeldeweb.com.ar\/wp-content\/uploads\/2024\/12\/LIGA-GENERAL-RODRIGUEZ-1024x682.jpg",1024,682,true],"enternews-medium":["https:\/\/patagoniarebeldeweb.com.ar\/wp-content\/uploads\/2024\/12\/LIGA-GENERAL-RODRIGUEZ-720x475.jpg",720,475,true]},"author_info":{"display_name":"admin","author_link":"https:\/\/patagoniarebeldeweb.com.ar\/?author=1"},"category_info":"<a href=\"https:\/\/patagoniarebeldeweb.com.ar\/?cat=26\" rel=\"category\">GENERAL RODRIGUEZ<\/a> <a href=\"https:\/\/patagoniarebeldeweb.com.ar\/?cat=35\" rel=\"category\">GRAL. RODRIGUEZ<\/a>","tag_info":"GRAL. RODRIGUEZ","comment_count":"0","_links":{"self":[{"href":"https:\/\/patagoniarebeldeweb.com.ar\/index.php?rest_route=\/wp\/v2\/posts\/1224","targetHints":{"allow":["GET"]}}],"collection":[{"href":"https:\/\/patagoniarebeldeweb.com.ar\/index.php?rest_route=\/wp\/v2\/posts"}],"about":[{"href":"https:\/\/patagoniarebeldeweb.com.ar\/index.php?rest_route=\/wp\/v2\/types\/post"}],"author":[{"embeddable":true,"href":"https:\/\/patagoniarebeldeweb.com.ar\/index.php?rest_route=\/wp\/v2\/users\/1"}],"replies":[{"embeddable":true,"href":"https:\/\/patagoniarebeldeweb.com.ar\/index.php?rest_route=%2Fwp%2Fv2%2Fcomments&post=1224"}],"version-history":[{"count":1,"href":"https:\/\/patagoniarebeldeweb.com.ar\/index.php?rest_route=\/wp\/v2\/posts\/1224\/revisions"}],"predecessor-version":[{"id":1226,"href":"https:\/\/patagoniarebeldeweb.com.ar\/index.php?rest_route=\/wp\/v2\/posts\/1224\/revisions\/1226"}],"wp:featuredmedia":[{"embeddable":true,"href":"https:\/\/patagoniarebeldeweb.com.ar\/index.php?rest_route=\/wp\/v2\/media\/1225"}],"wp:attachment":[{"href":"https:\/\/patagoniarebeldeweb.com.ar\/index.php?rest_route=%2Fwp%2Fv2%2Fmedia&parent=1224"}],"wp:term":[{"taxonomy":"category","embeddable":true,"href":"https:\/\/patagoniarebeldeweb.com.ar\/index.php?rest_route=%2Fwp%2Fv2%2Fcategories&post=1224"},{"taxonomy":"post_tag","embeddable":true,"href":"https:\/\/patagoniarebeldeweb.com.ar\/index.php?rest_route=%2Fwp%2Fv2%2Ftags&post=1224"}],"curies":[{"name":"wp","href":"https:\/\/api.w.org\/{rel}","templated":true}]}}