{"id":1221,"date":"2024-12-14T01:20:59","date_gmt":"2024-12-14T01:20:59","guid":{"rendered":"https:\/\/patagoniarebeldeweb.com.ar\/?p=1221"},"modified":"2024-12-14T01:21:01","modified_gmt":"2024-12-14T01:21:01","slug":"willy-quiroga-ultima-entrevista-la-musica-me-dio-todo-lo-que-yo-esperaba-y-mucho-mas","status":"publish","type":"post","link":"https:\/\/patagoniarebeldeweb.com.ar\/?p=1221","title":{"rendered":"Willy Quiroga \/ \u00daltima entrevista: La m\u00fasica me dio todo lo que yo esperaba y mucho m\u00e1s"},"content":{"rendered":"\n<h4 class=\"wp-block-heading\">Por Edgardo Miller. &#8211; El 19 de septiembre pasado a las 4 de la tarde Willy Quiroga me atendi\u00f3 una vez m\u00e1s para realizar una nueva entrevista, yo no sab\u00eda que iba a ser la \u00faltima.<\/h4>\n\n\n\n<p>Vi a Vox Dei por primera vez a finales de los \u201960 en la Instituci\u00f3n Sarmiento de Santos Lugares, los pagos de Ernesto S\u00e1bato, con la formaci\u00f3n original, Ricardo Soule, Juan Carlos \u201cYodi\u201d Godoy, Rub\u00e9n Basoalto y Willy.<\/p>\n\n\n\n<p>Vox Dei es una \u201cbanda\u201d de culto, no solo son pioneros del rock argentino, sino que es la m\u00e1s longeva.<\/p>\n\n\n\n<p>Los entreviste en \u201cAudiencia M\u00fasica Contempor\u00e1nea\u201d, en la vieja LS6 Radio del Pueblo, que ten\u00eda los estudios en el altillo de la casa Devoto en Uruguay 1237, entre Arenales y Juncal. Es fue un ciclo donde desfilaron casi todos los pioneros de la m\u00fasica rock.<\/p>\n\n\n\n<p>Coincid\u00ed con Willy en \u201cLa Bombonera\u201d, cosas de la vida, estaciono su Renault 19 al lado de mi coche, nos reconocimos y nos abrazamos para caminar juntos hasta el glorioso estadio de Boca Juniors. Viajando por la provincia de C\u00f3rdoba nos encontramos en Marcos Ju\u00e1rez, en el mismo restaurante. Lo v\u00ed actuar con Manal Javi, estuve en el homenaje que se le realiz\u00f3 en la Biblioteca del Congreso, ah\u00ed mismo me lo cruc\u00e9 muchas veces en distintos actos. tambi\u00e9n hicimos un cap\u00edtulo de \u201cHora Cero\u2026a puro Rock\u201d para recordar los primeros 50 a\u00f1os de \u201cLa Biblia\u201d. Me considero un afortunado el haber compartido tantos momentos con \u00e9l. Eso s\u00ed, pens\u00e9 que Willy era eterno, me equivoque, eterna es su m\u00fasica.<\/p>\n\n\n\n<p>EM: \u00bfQu\u00e9 significa esta semejante trayectoria de la banda m\u00e1s a\u00f1eja del rock argentino? Arrancaron en el \u00b467, \u00bfno?.<\/p>\n\n\n\n<p>WQ: S\u00ed, yo ya ten\u00eda diez a\u00f1os de experiencia en la m\u00fasica. Compr\u00e9 mi primer guitarra a un hombre que tomaba mucho; se la canjee por una botella de vino. Y te la hago corta a la historia: empezamos con unos amigos haciendo un grupo de folklore; despu\u00e9s vino un loco que me ense\u00f1\u00f3 a tocar el bajo, cinco a\u00f1os despu\u00e9s \u2013en el \u201962, cuando aparecen los Beatles me compr\u00e9 la guitarra el\u00e9ctrica y empec\u00e9 a hacer rock o al menos lo que para la \u00e9poca que era m\u00e1s pop.<\/p>\n\n\n\n<p>EM: Ven\u00edas de C\u00f3rdoba.<\/p>\n\n\n\n<p>WQ: Si, soy cordob\u00e9s, nacido en R\u00edo Cuarto. En realidad soy \u201criocuartense\u201d, amo mi provincia pero soy de donde nac\u00ed.<\/p>\n\n\n\n<p>EM: Pasa lo mismo con los rosarinos que no son santafesinos, pasa igual. Willy, si tienes que hacer un repaso a tu extensa trayectoria, si no me equivoco son 57 a\u00f1os de m\u00fasica, \u00bflograste todo lo que quer\u00edas; la m\u00fasica fue lo m\u00e1s importante de tu vida? Hablemos de esas sensaciones que caben despu\u00e9s de tanto tiempo.<\/p>\n\n\n\n<p>WQ: Yo a los 27 a\u00f1os ya hab\u00eda pasado muchas etapas donde uno va creciendo y no tiene la menor idea de qu\u00e9 ser\u00e1 de tu vida. La primera aproximaci\u00f3n que tuve con la m\u00fasica fue gracias a un primo m\u00edo que ten\u00eda una discoteca muy amplia, donde hab\u00eda desde m\u00fasica centroamericana, jazz, y m\u00fasica cl\u00e1sica. Aprovechaba a irme ah\u00ed y me pasaba horas escuchando. Este &nbsp;primo era peluquero&nbsp; y mientras trabajaba escuchaba m\u00fasica. La m\u00fasica me entr\u00f3 muy adentro en la cabeza. Cuando ten\u00eda 12 a\u00f1os, aparece Elvis Presley y Bill Haley y ah\u00ed me gust\u00f3 todo lo que ten\u00eda que ver con el rock.<\/p>\n\n\n\n<p>EM: \u00bfLa m\u00fasica te dio todo lo vos esperabas,&nbsp; fue generosa con vos?<\/p>\n\n\n\n<p>WQ: La m\u00fasica me dio todo lo que yo esperaba y mucho m\u00e1s todav\u00eda. Le agradezco a la m\u00fasica la vida que me dio y la forma de ser. La m\u00fasica&nbsp;&nbsp; me ense\u00f1\u00f3 y me molde\u00f3 mucho mi car\u00e1cter, por ejemplo.<\/p>\n\n\n\n<p>EM: Siempre fuiste un tipo muy sencillo. Estuve en tu homenaje que hizo hace dos a\u00f1os Daniel Ripoll, &nbsp;en la Biblioteca del Congreso, porque en realidad dentro y fuera de la m\u00fasica rock sos muy reconocido en la Argentina.<\/p>\n\n\n\n<p>WQ: Para que tratar de aparentar m\u00e1s de lo que uno es, si ya con ser es suficiente para que la gente entienda quien sos.<\/p>\n\n\n\n<p>EM: \u00bfQu\u00e9 fue lo&nbsp; primero que grabaron con Vox Dei?<\/p>\n\n\n\n<p>WQ: Fue el \u00e1lbum \u201cCaliente\u201d que ten\u00eda: Canci\u00f3n para una mujer, \u201cPresente\u201d, \u201cTotal qu\u00e9\u201d,&nbsp; \u201cAz\u00facar amargo\u201d; fue realmente un \u00e9xito total porque cuando el disco apenas sali\u00f3 al conocimiento de la gente, a partir de ah\u00ed comenzamos a tener gente que nos segu\u00eda, all\u00ed nacieron los fan\u00e1ticos.<\/p>\n\n\n\n<p>EM: Inclusive hay varios simples con los temas que nombras.<\/p>\n\n\n\n<p>WQ: Si, en aquella \u00e9poca se hac\u00eda una especie de test o prueba a ver c\u00f3mo iba a andar, se hac\u00edan simples. Despu\u00e9s vino el \u00e1lbum.<\/p>\n\n\n\n<p>EM: Hay un simple muy bueno con el tema \u201cTotal qu\u00e9\u201d que es del sello Mandioca, si no me equivoco.<\/p>\n\n\n\n<p>WQ: Si, toda la primer \u00e9poca nuestra fue de Mandioca.<\/p>\n\n\n\n<p>EM: Jorge \u00c1lvarez con Puj\u00f3.<\/p>\n\n\n\n<p>WQ: Exactamente. Y ten\u00edan muchos m\u00fasicos; ten\u00edan a Moris, Almendra, Manal, en fin \u00e9ramos un mont\u00f3n de gente.<\/p>\n\n\n\n<p>EM: Adem\u00e1s ellos ten\u00edan la producci\u00f3n de recitales, que no eran los recitales actuales pero se mov\u00edan mucho, especialmente Jorge \u00c1lvarez.<\/p>\n\n\n\n<p>WQ: Situ\u00e9monos en la \u00e9poca que era, el mundo cambia d\u00eda a d\u00eda, no podemos medir lo que sucede hoy en d\u00eda con los recitales a lo que suced\u00eda en el a\u00f1o \u201970. Pero, si\u2026iban 400 o 500 personas y era un \u00e9xito total.<\/p>\n\n\n\n<p>EM: Adem\u00e1s se origin\u00f3 en Argentina un movimiento musical de mucha juventud que ten\u00eda una forma de ser, de vivir y de pensar, que fue mucho m\u00e1s all\u00e1 de la m\u00fasica. Hab\u00eda una idiosincrasia, fue un conjunto de situaciones.<\/p>\n\n\n\n<p>WQ: Y, muchas situaciones porque imag\u00ednate que era algo nuevo que aparec\u00eda con pelo largo, una forma diferente de vestir y fuimos muy perseguidos por esto. En mi caso, cada dos o tres d\u00edas me llevaban detenido para averiguaci\u00f3n de antecedentes.<\/p>\n\n\n\n<p>La&nbsp; compa\u00f1\u00eda CBS \u2013ya hab\u00edan pasado varios a\u00f1os de perseguirnos- nos hizo una especie de carnet donde se ped\u00eda a las autoridades pertinentes que tuvieran la gentileza de aceptar nuestra vestimenta y el pelo largo y bla, bla, bla\u2026<\/p>\n\n\n\n<p>EM: Era la \u00e9poca en que estaba Ecio Cuomo de presidente de la compa\u00f1\u00eda, y el Tano Vicente &nbsp;Belfiore en la difusi\u00f3n.<\/p>\n\n\n\n<p>WQ: Tambi\u00e9n recuerdo que Disc Jockey para darnos libertad nos pidi\u00f3 dinero adelantado para firmar un contrato que inclu\u00eda un \u00e1lbum en vivo, ten\u00edamos que hacerlo antes de irnos y que fue \u201cLa Biblia\u201d, que se grab\u00f3 en vivo con todos los conciertos que dimos en el pa\u00eds.<\/p>\n\n\n\n<p>EM: El sello Disc Jockey \u2013si no me equivoco- era de Rodr\u00edguez Luque.<\/p>\n\n\n\n<p>WQ: Estaba Rodr\u00edguez Luque, Divela y Portela. Nunca nos pagaron lo que La Biblia gener\u00f3. Vendimos millones y nos pagaron un 5% o 10%, fue mucho.<\/p>\n\n\n\n<p>EM: \u00bfC\u00f3mo se cocin\u00f3 La Biblia; c\u00f3mo sale esta obra m\u00e1s conceptual e importante del rock argentino?<\/p>\n\n\n\n<p>WQ: Sali\u00f3 la idea, lo charlamos, nos pareci\u00f3 genial y nos pusimos a &nbsp;trabajar. Nos tom\u00f3 cerca de un a\u00f1o y media componerla y estuvimos grabando dos o tres meses; termin\u00f3 siendo del sello Disc Jockey que entr\u00f3 en mora respecto del productor (Jorge \u00c1lvarez y editores) que no pudo pagar ni el estudio ni las grabaciones. Entonces el sello se qued\u00f3 con todo.<\/p>\n\n\n\n<p>EM: En la ficha t\u00e9cnica dice que fue grabado en 1971, si mal no recuerdo porque conservo los apuntes de la \u00e9poca, La Biblia se lanz\u00f3 el 15 de marzo del \u201971. \u00bfEs as\u00ed?<\/p>\n\n\n\n<p>WQ: Para m\u00ed fue en abril de ese a\u00f1o, puede ser marzo, abril, mayo\u2026<\/p>\n\n\n\n<p>EM: \u00bfTuvo alg\u00fan reconocimiento de la iglesia cat\u00f3lica?<\/p>\n\n\n\n<p>WQ: S\u00ed, nosotros sab\u00edamos que La Biblia no ten\u00eda nada que ver algo de mal gusto o improperios, fue una obra muy sensible, est\u00e1bamos seguros de que no hab\u00eda nada malo en ella. Cuando recibimos un mensaje de la curia donde nos ped\u00edan que llev\u00e1ramos las letras, y fuimos tal cual \u00e9ramos en esa \u00e9poca: bien rockeros nos miraban raros pero, bueno. Nos recibi\u00f3 un jefe de la Iglesia , claro con un poco de condescendencia, cuando empez\u00f3 a leer vimos que su cara hab\u00eda cambiado y nos dijo: \u201cla verdad es que&nbsp; yo que soy hombre de la iglesia me hubiera costado m\u00e1s palabras describir lo que es el g\u00e9nesis, ustedes lo hacen con tanta simpleza y entendible.<\/p>\n\n\n\n<p>EM: Es una gran obra sin lugar a dudas y adem\u00e1s, en una \u00e9poca dif\u00edcil donde hab\u00eda censura y se consultaban los contenidos. Por esa \u00e9poca hab\u00eda salido Jesucristo S\u00faper Stard y hab\u00eda dejado huellas pol\u00e9micas.<\/p>\n\n\n\n<p>WQ: S\u00ed,&nbsp; fue una \u00e9poca complicada. Pero, Jesucristo S\u00faper Star hablaba pura y exclusivamente de la vida de Jesucristo, La Biblia es mucho m\u00e1s amplia y abarca distintas \u00e9pocas.<\/p>\n\n\n\n<p>EM: La Biblia es una obra de arte y, lamento esto que me cont\u00e1s. Recuerdo que a Los Shakers les pas\u00f3 lo mismo. Hicieron una gira de tres meses por Brasil y le liquidaron mil d\u00f3lares, el resto se lo quedaron todo.<\/p>\n\n\n\n<p>WQ: &nbsp;Claro, en aquella \u00e9poca no exist\u00eda el control que hoy hace el estado. Hoy se controla, por suerte. Nosotros ser\u00edamos millonarios, yo no tendr\u00eda que trabajar a la fuerza sino realmente porque me gusta seguir tocando.<\/p>\n\n\n\n<p>EM: \u00bfHay alg\u00fan aproximado de cu\u00e1nto vendi\u00f3 La Biblia?<\/p>\n\n\n\n<p>WQ: No. S\u00e9 que se vendieron millones; y te das cuenta por la trascendencia que tuvo el alb\u00fan.<\/p>\n\n\n\n<p>EM: Es conocido en el mundo, no s\u00f3lo en Argentina.<\/p>\n\n\n\n<p>WQ: Me contaron que Paul Mac McCartney llev\u00f3 el disco cuando vino a Argentina. Pero\u2026anda a saber\u2026, la gente dice tantas cosas.<\/p>\n\n\n\n<p>EM: Es posible. Mac McCartney es un tipo que tiene en su grupo a Brian Ray que toc\u00f3 muchos a\u00f1os con Lucrecia (Nube 9), y ella me cont\u00f3 muchas cosas sobre Paul. Le gusta mucho la Argentina y es muy probable que haya llevado La Biblia.<\/p>\n\n\n\n<p>WQ: S\u00ed, adem\u00e1s es un tipo muy inteligente, muy culto y un m\u00fasico excepcional. Yo canto y toco el bajo porque \u00e9l me convenci\u00f3 que hab\u00eda que cantar y tocar el bajo. Amo a McCartney, es casi un amigo porque cuando sos fan\u00e1tico te sent\u00eds muy cerca.<\/p>\n\n\n\n<p>EM: Yo te cuento que soy un re fan\u00e1tico. Tuve la suerte de estar en la conferencia de prensa en el \u201993, cuando estaba en el Noticiero de Canal 9, ah\u00ed lo tuve cerca y conservo un disco sobre esa gira, que nos regal\u00f3. Despu\u00e9s, en Chile, fui al hotel\u2026donde estaba alojado y lo llam\u00e9 cuando iba saliendo y pude hacer cuatro cuadros de fotos porque me salud\u00f3, lo cual para m\u00ed fue un triunfo que no tiene precio.<\/p>\n\n\n\n<p>WQ: S\u00ed, yo no s\u00e9 si me aguantar\u00eda el coraz\u00f3n.<\/p>\n\n\n\n<p>EM: Es que nosotros cuando \u00e9ramos pibes ve\u00edamos a los Beatles en la luna de lejos que estaban de nuestras posibilidades.<\/p>\n\n\n\n<p>WQ: Era diferente. Ellos empezaron cuando no hab\u00eda nada en el mundo.<\/p>\n\n\n\n<p>EM: Yo te hablo de lo dif\u00edcil que era para nosotros poder ver a los Beatles en vivo. Yo me mor\u00eda por ver a los Beatles pero, qu\u00e9 posibilidad ten\u00edamos.Te estoy hablando del a\u00f1o \u201962, cuando yo ten\u00eda 22 a\u00f1os.<\/p>\n\n\n\n<p>WQ: En esa \u00e9poca organiz\u00e1bamos \u201casaltos\u201d, que era entrar a una casa y armar una fiesta y baile y, ah\u00ed estaban todos los discos, era la m\u00fasica obligada.<\/p>\n\n\n\n<p>EM: \u00bfViajaste a Liverpool?<\/p>\n\n\n\n<p>WQ: No. Ojal\u00e1 hubiera podido ir. Pero, tengo amigos que han ido y me han contado y yo me quiero morir de la bronca. Hubiera podido viajar si me pagaban bien La Biblia. A pesar de ser una obra muy completa y conocida.<\/p>\n\n\n\n<p>Obviamente tuvimos buenas \u00e9pocas, lo que se cobraba bien eran los recitales en vivo. La compa\u00f1\u00eda de discos te pasaba por arriba como le pas\u00f3 a Los Shakers y tambi\u00e9n a otras bandas. Recuerdo que a Pepito P\u00e9rez (Cantante mel\u00f3dico de mucho \u00e9xito) &nbsp;tambi\u00e9n le pas\u00f3 lo mismo, que en su estilo musical, era uno de los que m\u00e1s ventas ten\u00edan junto con Charles Aznavour. Los que te nombr\u00e9 \u00e9ramos los que sosten\u00edamos al sello Disc Jockey, en esa \u00e9poca esos tipos se hicieron millonarios a costa de los m\u00fasicos.<\/p>\n\n\n\n<p>EM: Pepito P\u00e9rez era de la \u00e9poca de Rosamel Araya (Cantante mel\u00f3dico chileno muy popular en los \u201960)<\/p>\n\n\n\n<p>WQ: Totalmente, \u00e9ramos todos amigos y ten\u00edamos muy buena onda.<\/p>\n\n\n\n<p>EM: Era impresionante como se vend\u00edan.<\/p>\n\n\n\n<p>No hace muchos a\u00f1os fui apoderado legal de Horacio Guarany y adem\u00e1s, muy amigo de \u00e9l con qui\u00e9n me di muchos placeres en cuanto a la m\u00fasica. Lo acompa\u00f1\u00e9 a la compa\u00f1\u00eda GLD y le hab\u00edan liquidado 400 discos.<\/p>\n\n\n\n<p>WQ: \u00a1Y claro!<\/p>\n\n\n\n<p>Nosotros no sab\u00edamos nada de contratos, no ten\u00edamos ni abogados ni contadores, nos daban un contrato que le\u00edamos y pens\u00e1bamos que lo &nbsp;entend\u00edamos. De la letra chica no ten\u00edamos idea.<\/p>\n\n\n\n<p>EM: Te caminaban, era verdad.<\/p>\n\n\n\n<p>WQ: Eso fue lo que nos pas\u00f3 y nos marc\u00f3 profundamente. Pasamos a ser tipos sufridos y luchar para adelante sin pensar en el atr\u00e1s. A m\u00ed no me gusta tomar carrera ni para correr ni para saltar.<\/p>\n\n\n\n<p>EM: Recuerdo que una vez nos encontramos en Marcos Ju\u00e1rez estabas en gira por la provincia de C\u00f3rdoba. Sos un laburante de esos que no para nunca. Los m\u00fasicos argentinos no llegaron muy lejos porque las compa\u00f1\u00edas de discos no pagaban lo que correspond\u00eda. Es totalmente cierto.<\/p>\n\n\n\n<p>WQ: Hay mucha gente que se enoja, pero el estado tiene que ejercer su rol de controlador para que las cosas se hagan bien.<\/p>\n\n\n\n<p>Por eso insisto con los m\u00fasicos j\u00f3venes, que traten de tener un manager que sea tal cual un hermano, un amigo y que tengas la total seguridad de que nadie te va a pasar por encima. Y que busquen abogados y contadores para que ellos lean tu contrato.<\/p>\n\n\n\n<p>EM: \u00bfQu\u00e9 signific\u00f3 para vos en la m\u00fasica el flaco Spinetta?<\/p>\n\n\n\n<p>WQ: Y el flaco fue un tipo profundamente especial. Y lo era desde la \u00e9poca de Almendra, despu\u00e9s se abre y comienza a hacer una m\u00fasica muy cerrada porque no se puede decir que lo entiendas completamente, pero, te das cuenta de que hay cierta calidad musical que sacude, que sorprende. Obviamente fue o mejor que le pas\u00f3 a la m\u00fasica argentina.<\/p>\n\n\n\n<p>Y, a m\u00ed, me gusta decir: m\u00fasica argentina por qu\u00e9 hablando de rock argentino le decimos rock nacional. Todos los pa\u00edses tienen rock nacional, nosotros tenemos \u201cRock argentino\u201d, que es realmente muy diferente a todos los dem\u00e1s; el rock argentino es muy importante en el mundo.<\/p>\n\n\n\n<p>EM: \u00bfTuviste relaci\u00f3n cercana con Spinetta?<\/p>\n\n\n\n<p>WQ: \u00a1Claro!, en la \u00e9poca de Almendra y Pescado, ten\u00edamos muy buena onda.<\/p>\n\n\n\n<p>EM: La Biblia es el disco que los marc\u00f3 a todos ustedes, desde tu punto de vista cu\u00e1l es el otro disco que le sigue en importancia a La Biblia.<\/p>\n\n\n\n<p>WQ: Eso ser\u00eda como preguntarme cu\u00e1l de los seis hijos quiero m\u00e1s, para m\u00ed cada \u00e1lbum es importante. Registra la \u00e9poca en que yo viv\u00eda como persona; hay temas en La Biblia \u2013como por ejemplo \u201cJerem\u00edas Pies de Plomo\u201d, que sali\u00f3 como caratula del disco, despu\u00e9s \u201cEs una nube, no hay duda\u201d que es un tema m\u00edo y que vos te das cuenta cuando lo tocas c\u00f3mo reacciona la gente.<\/p>\n\n\n\n<p>\u201cEs una nube no hay duda\u201d podr\u00eda decir que es un \u201ccuentito\u201d, la escrib\u00ed en la \u00e9poca de los milicos que te controlaban todo y no te dejaban sacar nada.<\/p>\n\n\n\n<p>No te imaginas la que se arm\u00f3 cuando el Negro Black Amaya (Pescado Rabioso) cuando sac\u00f3 \u201cMe gusta ese tajo\u201d. Entonces me dije: \u00bfc\u00f3mo hago para decir lo que quiero decir, que era que al final cada uno tiene derecho a pensar lo que quiera; empec\u00e9 con: aqu\u00ed tengo atrapada una nube y si me da la gana me lo creo. Quiero decir, esta locura, que para vos es una locura una nube atrapada en una jaula de alambre, sin embargo yo me lo creo. Tengo derecho a pensar como quiera; y la gente lo entendi\u00f3 as\u00ed<\/p>\n\n\n\n<p>EM: \u201cEs una nube no hay duda\u201d es un disco de CBS.<\/p>\n\n\n\n<p>WQ: El primer disco de CBS. Fue un disco que vendi\u00f3 mucho y la compa\u00f1\u00eda nos pagaba bien, a diferencia de lo ocurrido.<\/p>\n\n\n\n<p>Despu\u00e9s nos fuimos de CBS que era la \u00e9poca en que tambi\u00e9n estaba Sandro, un tipo muy jocoso y era totalmente rockero. Yo todav\u00eda no hab\u00eda comenzado a tocar, estaba a\u00fan con mi guitarra criolla. Sandro mov\u00eda la pelvis como Elvis, \u00e9l era recontra famoso cuando yo no era nada.<\/p>\n\n\n\n<p>EM: En los \u201990 produjo el disco de \u201cPelvis\u201d, la banda &nbsp;de Ronny &nbsp;Bar, que a\u00fan hoy siguen activos<\/p>\n\n\n\n<p>WQ: S\u00ed, Pelvis era una banda que realmente suena bien.<\/p>\n\n\n\n<p>EM: Yo dir\u00eda que todos los discos que hicieron ustedes fueron exitosos, no solamente La Biblia.<\/p>\n\n\n\n<p>WQ: El reconocimiento que tiene Vox Dei en la sociedad y en el lugar que nos toca ocupar en la m\u00fasica, no es una casualidad. Todos los discos fueron exitosos, todos. Nosotros hab\u00edamos acumulado una cierta cantidad de gente de diferentes generaciones que nos iban acompa\u00f1ando desde que sali\u00f3 Caliente, que fue en el \u201869 casi \u201970 imaginate cuando llegamos a s\u00e9ptimo disco. Cuando vino Joe Cocker a Argentina, nuestro manager estaba trabajando en la &nbsp;producci\u00f3n de ese recital y un d\u00eda se fue a comer con el manager de Cocker, y le pregunt\u00f3: adem\u00e1s de esto a qu\u00e9 te dedicas. Tengo una banda que manejo, le respondi\u00f3. \u00bfC\u00f3mo se llama? \u2013Vox Dei. \u00bfAndan bien? \u2013Ya tienen siete discos, a lo que el manager de Cocker le respondi\u00f3: \u00a1son millonarios!<\/p>\n\n\n\n<p>WQ: Claro, eso sucede en Inglaterra o en otros lugares, aunque sabemos que en nuestro pa\u00eds no pasa.<\/p>\n\n\n\n<p>EM: Que gran recuerdo. Lo trajo Javier Capalbo que era due\u00f1o de disquer\u00edas y Alfredo G\u00e9nova que era el representante.<\/p>\n\n\n\n<p>WQ: S\u00ed, s\u00ed, me acuerdo de G\u00e9nova.<\/p>\n\n\n\n<p>EM: En su \u00e9poca ten\u00eda a Polifemo, una buena \u00e9poca de m\u00fasica. Yo tengo grabado el disco de ese recital. Me acuerdo que met\u00ed en un bolso hippie que ten\u00eda, uno de esos grabadores grandes de teclas y de casualidad me lo encuentro a Tito Lectoure, le digo: qu\u00e9 bueno que abri\u00f3 el Luna Park, y me contesta: \u201cMira, al primer quilombo llamo a la polic\u00eda y meto a todos en cana porque a m\u00ed el rock no me gusta para nada, en la misma grabaci\u00f3n del recital tengo las palabras de Lectoure hablando mierda del rock.<\/p>\n\n\n\n<p>WQ: Evidentemente a \u00e9l no le gustaba el rock, pero \u00e9l era m\u00e1s que nada un comerciante haciendo negocios. Despu\u00e9s de lo que pas\u00f3 con Pappo y el \u201crompan todo\u201d, todo &nbsp;el mundo ten\u00eda miedo del rock.<\/p>\n\n\n\n<p>EM: Contame que est\u00e1s haciendo de tu vida hoy.<\/p>\n\n\n\n<p>WQ: Hago la vida de un ser normal, voy a ensayar dos o tres veces por semana, hacemos recitales, despu\u00e9s me dedico a las tareas de la casa: impuestos, bancos, etc.<\/p>\n\n\n\n<p>En mi habitaci\u00f3n tengo los instrumentos: teclado, computadoras y escribo. Aprend\u00ed de Facundo Cabral a llevar la \u201clibretita\u201d. Y f\u00edjate que Cabral ten\u00eda letras muy importantes.<\/p>\n\n\n\n<p>EM: \u00bfC\u00f3mo es la integraci\u00f3n actual de la banda?<\/p>\n\n\n\n<p>WQ: Esta mi hijo Sim\u00f3n, que es un musicazo,&nbsp; adem\u00e1s de hacer todos los arreglos de la banda; es multi-instrumentista, toca guitarra, bajo, bater\u00eda y teclado y en la banda es nuestro baterista. Arias, es nuestro tecladista, suena y toca muy bien. El segundo guitarrista es el hijo de un amigo m\u00edo y es una maravilla el pibe; la verdad es que tengo una banda de m\u00fasicos importantes y todos dicen que suena bien. Yo me voy a quedar con este concepto y voy a tratar de mejorarlo.<\/p>\n\n\n\n<p>EM: Hasta \u00faltimo momento Willy Quiroga respiro m\u00fasica, vivi\u00f3 para ella. Se fue su cuerpo, pero su legado quedo intacto para las futuras generaciones.<\/p>\n\n\n\n<p>Presente<\/p>\n\n\n\n<p>Todo concluye al fin, nada puede escapar<br>Todo tiene un final, todo termina<br>Tengo que comprender, no es eterna la vida<br>El llanto en la risa, all\u00ed termina<\/p>\n\n\n\n<p>Cre\u00eda que el amor no ten\u00eda medida<br>Oh, dejas de querer, tal vez, otra mujer<\/p>\n\n\n\n<p>Y olvid\u00e9 aquello que una vez pensaba<br>Que nunca acabar\u00eda, nunca acabar\u00eda<br>Pero, sin embargo, termin\u00f3<\/p>\n\n\n\n<p>Todo me demuestra que al final de cuentas<br>Termino cada d\u00eda, empiezo cada d\u00eda<br>Creyendo en ma\u00f1ana, fracaso hoy<\/p>\n\n\n\n<p>No puedo yo entender si es as\u00ed la verdad<br>\u00bfDe qu\u00e9 vale ganar si despu\u00e9s perder\u00e9?<br>In\u00fatil es pelear, no puedo detenerlo<br>Lo que hoy empec\u00e9 no ser\u00e1 eterno<\/p>\n\n\n\n<p>Cre\u00eda que el amor no ten\u00eda medida<br>Oh, dejas de querer, tal vez, otra mujer<\/p>\n\n\n\n<p>Y olvid\u00e9 aquello que una vez pensaba<br>Que nunca acabar\u00eda, nunca acabar\u00eda<br>Pero, sin embargo, termin\u00f3<\/p>\n\n\n\n<p>Todo me demuestra que al final de cuentas<br>Termino cada d\u00eda, empiezo cada d\u00eda<br>Creyendo en ma\u00f1ana, fracaso hoy<\/p>\n\n\n\n<p>Cu\u00e1nta verdad (\u00a1Cu\u00e1nta verdad!) hay en vivir (Uh-uh-uh)<br>Solamente (Solamente) el momento en que est\u00e1s<br>S\u00ed, el presente (Eh-eh-eh)<br>El presente y nada m\u00e1s<\/p>\n\n\n\n<p>Todo me demuestra que al final de cuentas<br>Termino cada d\u00eda, empiezo cada d\u00eda<br>Creyendo en ma\u00f1ana, fracaso hoy<\/p>\n\n\n\n<p>Todo me demuestra que al final de cuentas<br>Termino cada d\u00eda, empiezo cada d\u00eda<br>Creyendo en ma\u00f1ana, fracaso hoy<\/p>\n\n\n\n<p>Todo me demuestra que al final de cuentas<br>Termino cada d\u00eda, empiezo cada d\u00eda<br>Creyendo en ma\u00f1ana, fracaso hoy<\/p>\n\n\n\n<p>&nbsp;Autor: Ricardo Soule.<\/p>\n\n\n\n<p>Nota grabada el jueves 19 de septiembre de 2024 y emitida el 20 de septiembre de 2024 en &#8220;Hora Cero&#8230;a puro Rock&#8221; en AM830 Radio del Pueblo y en Punto3 Fm 105.3 Luj\u00e1n. <\/p>\n","protected":false},"excerpt":{"rendered":"<p>Por Edgardo Miller. &#8211; El 19 de septiembre pasado a las 4 de la tarde&#8230;<\/p>\n","protected":false},"author":1,"featured_media":1222,"comment_status":"open","ping_status":"open","sticky":false,"template":"","format":"standard","meta":{"footnotes":""},"categories":[31,41],"tags":[],"class_list":["post-1221","post","type-post","status-publish","format-standard","has-post-thumbnail","hentry","category-la-nota-de-la-semana","category-rock"],"yoast_head":"<!-- This site is optimized with the Yoast SEO plugin v27.2 - https:\/\/yoast.com\/product\/yoast-seo-wordpress\/ -->\n<title>Willy Quiroga \/ \u00daltima entrevista: La m\u00fasica me dio todo lo que yo esperaba y mucho m\u00e1s | Patagonia Rebelde<\/title>\n<meta name=\"robots\" content=\"index, follow, max-snippet:-1, max-image-preview:large, max-video-preview:-1\" \/>\n<link rel=\"canonical\" href=\"https:\/\/patagoniarebeldeweb.com.ar\/?p=1221\" \/>\n<meta property=\"og:locale\" content=\"es_ES\" \/>\n<meta property=\"og:type\" content=\"article\" \/>\n<meta property=\"og:title\" content=\"Willy Quiroga \/ \u00daltima entrevista: La m\u00fasica me dio todo lo que yo esperaba y mucho m\u00e1s | Patagonia Rebelde\" \/>\n<meta property=\"og:description\" content=\"Por Edgardo Miller. &#8211; El 19 de septiembre pasado a las 4 de la tarde...\" \/>\n<meta property=\"og:url\" content=\"https:\/\/patagoniarebeldeweb.com.ar\/?p=1221\" \/>\n<meta property=\"og:site_name\" content=\"Patagonia Rebelde\" \/>\n<meta property=\"article:publisher\" content=\"https:\/\/www.facebook.com\/patagoniarebeldeweb\/\" \/>\n<meta property=\"article:published_time\" content=\"2024-12-14T01:20:59+00:00\" \/>\n<meta property=\"article:modified_time\" content=\"2024-12-14T01:21:01+00:00\" \/>\n<meta property=\"og:image\" content=\"https:\/\/patagoniarebeldeweb.com.ar\/wp-content\/uploads\/2024\/12\/IMG-3846-800x445-1-1.jpg\" \/>\n\t<meta property=\"og:image:width\" content=\"800\" \/>\n\t<meta property=\"og:image:height\" content=\"445\" \/>\n\t<meta property=\"og:image:type\" content=\"image\/jpeg\" \/>\n<meta name=\"author\" content=\"admin\" \/>\n<meta name=\"twitter:card\" content=\"summary_large_image\" \/>\n<meta name=\"twitter:label1\" content=\"Escrito por\" \/>\n\t<meta name=\"twitter:data1\" content=\"admin\" \/>\n\t<meta name=\"twitter:label2\" content=\"Tiempo de lectura\" \/>\n\t<meta name=\"twitter:data2\" content=\"17 minutos\" \/>\n<script type=\"application\/ld+json\" class=\"yoast-schema-graph\">{\"@context\":\"https:\/\/schema.org\",\"@graph\":[{\"@type\":\"Article\",\"@id\":\"https:\/\/patagoniarebeldeweb.com.ar\/?p=1221#article\",\"isPartOf\":{\"@id\":\"https:\/\/patagoniarebeldeweb.com.ar\/?p=1221\"},\"author\":{\"name\":\"admin\",\"@id\":\"https:\/\/patagoniarebeldeweb.com.ar\/#\/schema\/person\/e293fd079db65aaa1c67b010d4a45452\"},\"headline\":\"Willy Quiroga \/ \u00daltima entrevista: La m\u00fasica me dio todo lo que yo esperaba y mucho m\u00e1s\",\"datePublished\":\"2024-12-14T01:20:59+00:00\",\"dateModified\":\"2024-12-14T01:21:01+00:00\",\"mainEntityOfPage\":{\"@id\":\"https:\/\/patagoniarebeldeweb.com.ar\/?p=1221\"},\"wordCount\":3802,\"commentCount\":0,\"publisher\":{\"@id\":\"https:\/\/patagoniarebeldeweb.com.ar\/#organization\"},\"image\":{\"@id\":\"https:\/\/patagoniarebeldeweb.com.ar\/?p=1221#primaryimage\"},\"thumbnailUrl\":\"https:\/\/patagoniarebeldeweb.com.ar\/wp-content\/uploads\/2024\/12\/IMG-3846-800x445-1-1.jpg\",\"articleSection\":[\"La Nota de la Semana\",\"ROCK\"],\"inLanguage\":\"es-AR\",\"potentialAction\":[{\"@type\":\"CommentAction\",\"name\":\"Comment\",\"target\":[\"https:\/\/patagoniarebeldeweb.com.ar\/?p=1221#respond\"]}]},{\"@type\":\"WebPage\",\"@id\":\"https:\/\/patagoniarebeldeweb.com.ar\/?p=1221\",\"url\":\"https:\/\/patagoniarebeldeweb.com.ar\/?p=1221\",\"name\":\"Willy Quiroga \/ \u00daltima entrevista: La m\u00fasica me dio todo lo que yo esperaba y mucho m\u00e1s | Patagonia Rebelde\",\"isPartOf\":{\"@id\":\"https:\/\/patagoniarebeldeweb.com.ar\/#website\"},\"primaryImageOfPage\":{\"@id\":\"https:\/\/patagoniarebeldeweb.com.ar\/?p=1221#primaryimage\"},\"image\":{\"@id\":\"https:\/\/patagoniarebeldeweb.com.ar\/?p=1221#primaryimage\"},\"thumbnailUrl\":\"https:\/\/patagoniarebeldeweb.com.ar\/wp-content\/uploads\/2024\/12\/IMG-3846-800x445-1-1.jpg\",\"datePublished\":\"2024-12-14T01:20:59+00:00\",\"dateModified\":\"2024-12-14T01:21:01+00:00\",\"breadcrumb\":{\"@id\":\"https:\/\/patagoniarebeldeweb.com.ar\/?p=1221#breadcrumb\"},\"inLanguage\":\"es-AR\",\"potentialAction\":[{\"@type\":\"ReadAction\",\"target\":[\"https:\/\/patagoniarebeldeweb.com.ar\/?p=1221\"]}]},{\"@type\":\"ImageObject\",\"inLanguage\":\"es-AR\",\"@id\":\"https:\/\/patagoniarebeldeweb.com.ar\/?p=1221#primaryimage\",\"url\":\"https:\/\/patagoniarebeldeweb.com.ar\/wp-content\/uploads\/2024\/12\/IMG-3846-800x445-1-1.jpg\",\"contentUrl\":\"https:\/\/patagoniarebeldeweb.com.ar\/wp-content\/uploads\/2024\/12\/IMG-3846-800x445-1-1.jpg\",\"width\":800,\"height\":445},{\"@type\":\"BreadcrumbList\",\"@id\":\"https:\/\/patagoniarebeldeweb.com.ar\/?p=1221#breadcrumb\",\"itemListElement\":[{\"@type\":\"ListItem\",\"position\":1,\"name\":\"Portada\",\"item\":\"https:\/\/patagoniarebeldeweb.com.ar\/\"},{\"@type\":\"ListItem\",\"position\":2,\"name\":\"Willy Quiroga \/ \u00daltima entrevista: La m\u00fasica me dio todo lo que yo esperaba y mucho m\u00e1s\"}]},{\"@type\":\"WebSite\",\"@id\":\"https:\/\/patagoniarebeldeweb.com.ar\/#website\",\"url\":\"https:\/\/patagoniarebeldeweb.com.ar\/\",\"name\":\"Patagonia Rebelde\",\"description\":\"Toda la info de General Rodr\u00edguez\",\"publisher\":{\"@id\":\"https:\/\/patagoniarebeldeweb.com.ar\/#organization\"},\"alternateName\":\"Patagonia Rebelde web\",\"potentialAction\":[{\"@type\":\"SearchAction\",\"target\":{\"@type\":\"EntryPoint\",\"urlTemplate\":\"https:\/\/patagoniarebeldeweb.com.ar\/?s={search_term_string}\"},\"query-input\":{\"@type\":\"PropertyValueSpecification\",\"valueRequired\":true,\"valueName\":\"search_term_string\"}}],\"inLanguage\":\"es-AR\"},{\"@type\":\"Organization\",\"@id\":\"https:\/\/patagoniarebeldeweb.com.ar\/#organization\",\"name\":\"Patagonia Rebelde\",\"alternateName\":\"Patagonia Rebelde web\",\"url\":\"https:\/\/patagoniarebeldeweb.com.ar\/\",\"logo\":{\"@type\":\"ImageObject\",\"inLanguage\":\"es-AR\",\"@id\":\"https:\/\/patagoniarebeldeweb.com.ar\/#\/schema\/logo\/image\/\",\"url\":\"https:\/\/patagoniarebeldeweb.com.ar\/wp-content\/uploads\/2024\/11\/logo-si.png\",\"contentUrl\":\"https:\/\/patagoniarebeldeweb.com.ar\/wp-content\/uploads\/2024\/11\/logo-si.png\",\"width\":460,\"height\":139,\"caption\":\"Patagonia Rebelde\"},\"image\":{\"@id\":\"https:\/\/patagoniarebeldeweb.com.ar\/#\/schema\/logo\/image\/\"},\"sameAs\":[\"https:\/\/www.facebook.com\/patagoniarebeldeweb\/\",\"https:\/\/www.youtube.com\/@edgardomiller\"]},{\"@type\":\"Person\",\"@id\":\"https:\/\/patagoniarebeldeweb.com.ar\/#\/schema\/person\/e293fd079db65aaa1c67b010d4a45452\",\"name\":\"admin\",\"image\":{\"@type\":\"ImageObject\",\"inLanguage\":\"es-AR\",\"@id\":\"https:\/\/secure.gravatar.com\/avatar\/aee4690e6ac4e427fd6efdc77149c35418ee5cc06426f4da7bc3ec412f507eb1?s=96&d=mm&r=g\",\"url\":\"https:\/\/secure.gravatar.com\/avatar\/aee4690e6ac4e427fd6efdc77149c35418ee5cc06426f4da7bc3ec412f507eb1?s=96&d=mm&r=g\",\"contentUrl\":\"https:\/\/secure.gravatar.com\/avatar\/aee4690e6ac4e427fd6efdc77149c35418ee5cc06426f4da7bc3ec412f507eb1?s=96&d=mm&r=g\",\"caption\":\"admin\"},\"sameAs\":[\"https:\/\/patagoniarebeldeweb.com.ar\"],\"url\":\"https:\/\/patagoniarebeldeweb.com.ar\/?author=1\"}]}<\/script>\n<!-- \/ Yoast SEO plugin. -->","yoast_head_json":{"title":"Willy Quiroga \/ \u00daltima entrevista: La m\u00fasica me dio todo lo que yo esperaba y mucho m\u00e1s | Patagonia Rebelde","robots":{"index":"index","follow":"follow","max-snippet":"max-snippet:-1","max-image-preview":"max-image-preview:large","max-video-preview":"max-video-preview:-1"},"canonical":"https:\/\/patagoniarebeldeweb.com.ar\/?p=1221","og_locale":"es_ES","og_type":"article","og_title":"Willy Quiroga \/ \u00daltima entrevista: La m\u00fasica me dio todo lo que yo esperaba y mucho m\u00e1s | Patagonia Rebelde","og_description":"Por Edgardo Miller. &#8211; El 19 de septiembre pasado a las 4 de la tarde...","og_url":"https:\/\/patagoniarebeldeweb.com.ar\/?p=1221","og_site_name":"Patagonia Rebelde","article_publisher":"https:\/\/www.facebook.com\/patagoniarebeldeweb\/","article_published_time":"2024-12-14T01:20:59+00:00","article_modified_time":"2024-12-14T01:21:01+00:00","og_image":[{"width":800,"height":445,"url":"https:\/\/patagoniarebeldeweb.com.ar\/wp-content\/uploads\/2024\/12\/IMG-3846-800x445-1-1.jpg","type":"image\/jpeg"}],"author":"admin","twitter_card":"summary_large_image","twitter_misc":{"Escrito por":"admin","Tiempo de lectura":"17 minutos"},"schema":{"@context":"https:\/\/schema.org","@graph":[{"@type":"Article","@id":"https:\/\/patagoniarebeldeweb.com.ar\/?p=1221#article","isPartOf":{"@id":"https:\/\/patagoniarebeldeweb.com.ar\/?p=1221"},"author":{"name":"admin","@id":"https:\/\/patagoniarebeldeweb.com.ar\/#\/schema\/person\/e293fd079db65aaa1c67b010d4a45452"},"headline":"Willy Quiroga \/ \u00daltima entrevista: La m\u00fasica me dio todo lo que yo esperaba y mucho m\u00e1s","datePublished":"2024-12-14T01:20:59+00:00","dateModified":"2024-12-14T01:21:01+00:00","mainEntityOfPage":{"@id":"https:\/\/patagoniarebeldeweb.com.ar\/?p=1221"},"wordCount":3802,"commentCount":0,"publisher":{"@id":"https:\/\/patagoniarebeldeweb.com.ar\/#organization"},"image":{"@id":"https:\/\/patagoniarebeldeweb.com.ar\/?p=1221#primaryimage"},"thumbnailUrl":"https:\/\/patagoniarebeldeweb.com.ar\/wp-content\/uploads\/2024\/12\/IMG-3846-800x445-1-1.jpg","articleSection":["La Nota de la Semana","ROCK"],"inLanguage":"es-AR","potentialAction":[{"@type":"CommentAction","name":"Comment","target":["https:\/\/patagoniarebeldeweb.com.ar\/?p=1221#respond"]}]},{"@type":"WebPage","@id":"https:\/\/patagoniarebeldeweb.com.ar\/?p=1221","url":"https:\/\/patagoniarebeldeweb.com.ar\/?p=1221","name":"Willy Quiroga \/ \u00daltima entrevista: La m\u00fasica me dio todo lo que yo esperaba y mucho m\u00e1s | Patagonia Rebelde","isPartOf":{"@id":"https:\/\/patagoniarebeldeweb.com.ar\/#website"},"primaryImageOfPage":{"@id":"https:\/\/patagoniarebeldeweb.com.ar\/?p=1221#primaryimage"},"image":{"@id":"https:\/\/patagoniarebeldeweb.com.ar\/?p=1221#primaryimage"},"thumbnailUrl":"https:\/\/patagoniarebeldeweb.com.ar\/wp-content\/uploads\/2024\/12\/IMG-3846-800x445-1-1.jpg","datePublished":"2024-12-14T01:20:59+00:00","dateModified":"2024-12-14T01:21:01+00:00","breadcrumb":{"@id":"https:\/\/patagoniarebeldeweb.com.ar\/?p=1221#breadcrumb"},"inLanguage":"es-AR","potentialAction":[{"@type":"ReadAction","target":["https:\/\/patagoniarebeldeweb.com.ar\/?p=1221"]}]},{"@type":"ImageObject","inLanguage":"es-AR","@id":"https:\/\/patagoniarebeldeweb.com.ar\/?p=1221#primaryimage","url":"https:\/\/patagoniarebeldeweb.com.ar\/wp-content\/uploads\/2024\/12\/IMG-3846-800x445-1-1.jpg","contentUrl":"https:\/\/patagoniarebeldeweb.com.ar\/wp-content\/uploads\/2024\/12\/IMG-3846-800x445-1-1.jpg","width":800,"height":445},{"@type":"BreadcrumbList","@id":"https:\/\/patagoniarebeldeweb.com.ar\/?p=1221#breadcrumb","itemListElement":[{"@type":"ListItem","position":1,"name":"Portada","item":"https:\/\/patagoniarebeldeweb.com.ar\/"},{"@type":"ListItem","position":2,"name":"Willy Quiroga \/ \u00daltima entrevista: La m\u00fasica me dio todo lo que yo esperaba y mucho m\u00e1s"}]},{"@type":"WebSite","@id":"https:\/\/patagoniarebeldeweb.com.ar\/#website","url":"https:\/\/patagoniarebeldeweb.com.ar\/","name":"Patagonia Rebelde","description":"Toda la info de General Rodr\u00edguez","publisher":{"@id":"https:\/\/patagoniarebeldeweb.com.ar\/#organization"},"alternateName":"Patagonia Rebelde web","potentialAction":[{"@type":"SearchAction","target":{"@type":"EntryPoint","urlTemplate":"https:\/\/patagoniarebeldeweb.com.ar\/?s={search_term_string}"},"query-input":{"@type":"PropertyValueSpecification","valueRequired":true,"valueName":"search_term_string"}}],"inLanguage":"es-AR"},{"@type":"Organization","@id":"https:\/\/patagoniarebeldeweb.com.ar\/#organization","name":"Patagonia Rebelde","alternateName":"Patagonia Rebelde web","url":"https:\/\/patagoniarebeldeweb.com.ar\/","logo":{"@type":"ImageObject","inLanguage":"es-AR","@id":"https:\/\/patagoniarebeldeweb.com.ar\/#\/schema\/logo\/image\/","url":"https:\/\/patagoniarebeldeweb.com.ar\/wp-content\/uploads\/2024\/11\/logo-si.png","contentUrl":"https:\/\/patagoniarebeldeweb.com.ar\/wp-content\/uploads\/2024\/11\/logo-si.png","width":460,"height":139,"caption":"Patagonia Rebelde"},"image":{"@id":"https:\/\/patagoniarebeldeweb.com.ar\/#\/schema\/logo\/image\/"},"sameAs":["https:\/\/www.facebook.com\/patagoniarebeldeweb\/","https:\/\/www.youtube.com\/@edgardomiller"]},{"@type":"Person","@id":"https:\/\/patagoniarebeldeweb.com.ar\/#\/schema\/person\/e293fd079db65aaa1c67b010d4a45452","name":"admin","image":{"@type":"ImageObject","inLanguage":"es-AR","@id":"https:\/\/secure.gravatar.com\/avatar\/aee4690e6ac4e427fd6efdc77149c35418ee5cc06426f4da7bc3ec412f507eb1?s=96&d=mm&r=g","url":"https:\/\/secure.gravatar.com\/avatar\/aee4690e6ac4e427fd6efdc77149c35418ee5cc06426f4da7bc3ec412f507eb1?s=96&d=mm&r=g","contentUrl":"https:\/\/secure.gravatar.com\/avatar\/aee4690e6ac4e427fd6efdc77149c35418ee5cc06426f4da7bc3ec412f507eb1?s=96&d=mm&r=g","caption":"admin"},"sameAs":["https:\/\/patagoniarebeldeweb.com.ar"],"url":"https:\/\/patagoniarebeldeweb.com.ar\/?author=1"}]}},"featured_image_urls":{"full":["https:\/\/patagoniarebeldeweb.com.ar\/wp-content\/uploads\/2024\/12\/IMG-3846-800x445-1-1.jpg",800,445,false],"thumbnail":["https:\/\/patagoniarebeldeweb.com.ar\/wp-content\/uploads\/2024\/12\/IMG-3846-800x445-1-1-150x150.jpg",150,150,true],"medium":["https:\/\/patagoniarebeldeweb.com.ar\/wp-content\/uploads\/2024\/12\/IMG-3846-800x445-1-1-300x167.jpg",300,167,true],"medium_large":["https:\/\/patagoniarebeldeweb.com.ar\/wp-content\/uploads\/2024\/12\/IMG-3846-800x445-1-1-768x427.jpg",640,356,true],"large":["https:\/\/patagoniarebeldeweb.com.ar\/wp-content\/uploads\/2024\/12\/IMG-3846-800x445-1-1.jpg",640,356,false],"1536x1536":["https:\/\/patagoniarebeldeweb.com.ar\/wp-content\/uploads\/2024\/12\/IMG-3846-800x445-1-1.jpg",800,445,false],"2048x2048":["https:\/\/patagoniarebeldeweb.com.ar\/wp-content\/uploads\/2024\/12\/IMG-3846-800x445-1-1.jpg",800,445,false],"enternews-slider-full":["https:\/\/patagoniarebeldeweb.com.ar\/wp-content\/uploads\/2024\/12\/IMG-3846-800x445-1-1.jpg",800,445,false],"enternews-featured":["https:\/\/patagoniarebeldeweb.com.ar\/wp-content\/uploads\/2024\/12\/IMG-3846-800x445-1-1.jpg",800,445,false],"enternews-medium":["https:\/\/patagoniarebeldeweb.com.ar\/wp-content\/uploads\/2024\/12\/IMG-3846-800x445-1-1-720x445.jpg",720,445,true]},"author_info":{"display_name":"admin","author_link":"https:\/\/patagoniarebeldeweb.com.ar\/?author=1"},"category_info":"<a href=\"https:\/\/patagoniarebeldeweb.com.ar\/?cat=31\" rel=\"category\">La Nota de la Semana<\/a> <a href=\"https:\/\/patagoniarebeldeweb.com.ar\/?cat=41\" rel=\"category\">ROCK<\/a>","tag_info":"ROCK","comment_count":"0","_links":{"self":[{"href":"https:\/\/patagoniarebeldeweb.com.ar\/index.php?rest_route=\/wp\/v2\/posts\/1221","targetHints":{"allow":["GET"]}}],"collection":[{"href":"https:\/\/patagoniarebeldeweb.com.ar\/index.php?rest_route=\/wp\/v2\/posts"}],"about":[{"href":"https:\/\/patagoniarebeldeweb.com.ar\/index.php?rest_route=\/wp\/v2\/types\/post"}],"author":[{"embeddable":true,"href":"https:\/\/patagoniarebeldeweb.com.ar\/index.php?rest_route=\/wp\/v2\/users\/1"}],"replies":[{"embeddable":true,"href":"https:\/\/patagoniarebeldeweb.com.ar\/index.php?rest_route=%2Fwp%2Fv2%2Fcomments&post=1221"}],"version-history":[{"count":1,"href":"https:\/\/patagoniarebeldeweb.com.ar\/index.php?rest_route=\/wp\/v2\/posts\/1221\/revisions"}],"predecessor-version":[{"id":1223,"href":"https:\/\/patagoniarebeldeweb.com.ar\/index.php?rest_route=\/wp\/v2\/posts\/1221\/revisions\/1223"}],"wp:featuredmedia":[{"embeddable":true,"href":"https:\/\/patagoniarebeldeweb.com.ar\/index.php?rest_route=\/wp\/v2\/media\/1222"}],"wp:attachment":[{"href":"https:\/\/patagoniarebeldeweb.com.ar\/index.php?rest_route=%2Fwp%2Fv2%2Fmedia&parent=1221"}],"wp:term":[{"taxonomy":"category","embeddable":true,"href":"https:\/\/patagoniarebeldeweb.com.ar\/index.php?rest_route=%2Fwp%2Fv2%2Fcategories&post=1221"},{"taxonomy":"post_tag","embeddable":true,"href":"https:\/\/patagoniarebeldeweb.com.ar\/index.php?rest_route=%2Fwp%2Fv2%2Ftags&post=1221"}],"curies":[{"name":"wp","href":"https:\/\/api.w.org\/{rel}","templated":true}]}}