{"id":1050,"date":"2024-11-29T23:01:02","date_gmt":"2024-11-29T23:01:02","guid":{"rendered":"https:\/\/patagoniarebeldeweb.com.ar\/?p=1050"},"modified":"2024-11-29T23:01:03","modified_gmt":"2024-11-29T23:01:03","slug":"que-negocio-cristina-kirchner-con-la-jueza-servini-de-cubria-para-bajar-la-lista-de-quintela-en-la-interna-del-pj","status":"publish","type":"post","link":"https:\/\/patagoniarebeldeweb.com.ar\/?p=1050","title":{"rendered":"Qu\u00e9 negoci\u00f3 Cristina Kirchner con la jueza Servini de Cubr\u00eda para bajar la lista de Quintela en la interna del PJ"},"content":{"rendered":"\n<h4 class=\"wp-block-heading\"><em>La magistrada exigi\u00f3 una serie de puntos para fallar a favor de la ex presidenta y hacerla zafar de tener que afrontar las primeras elecciones internas del peronismo en 70 a\u00f1os de historia.<\/em><\/h4>\n\n\n\n<p>Alberto Samid dixit: \u00abRicardo Quintela juega a no jugar\u00bb. Hace tres semanas, n\u00famero m\u00e1s n\u00famero menos, el 99% del peronismo, de otros partidos y analistas pol\u00edticos probablemente compart\u00edan la reflexi\u00f3n del carnicero matancero.<\/p>\n\n\n\n<p>El Gitano, como casi todo mundo llama a Quintela cuando \u00e9l no est\u00e1 presente, hizo lo que nadie pudo y casi nadie se anim\u00f3 a hacer: plantarse de manos al poder de Cristina Kirchner. Desafiarla y chicanearla en p\u00fablico, no atenderle el tel\u00e9fono y hasta lastimarla como ning\u00fan otro pol\u00edtico peronista pudo, quiz\u00e1s s\u00f3lo comparable con el voto no positivo de Julio Cobos.<\/p>\n\n\n\n<p>El gobernador del Noroeste puso primera pidiendo permiso a medio mundo, con el GPS apuntando a la presidencia de un PJ deformado por el desorden y la falta de liderazgo, una escenograf\u00eda que parece no cambiar\u00e1 demasiado tras la&nbsp;<strong>decisi\u00f3n de la jueza Mar\u00eda Servini de Cubr\u00eda de regalarle a Cristina la posibilidad de ser electa sin que los peronistas vivos y registrados la voten o rechacen.<\/strong><\/p>\n\n\n\n<p><strong>Lo que en realidad la jueza de 87 a\u00f1os hizo (el kirchnerismo le permiti\u00f3 convertirse en la m\u00e1s longeva del poder judicial argentino violando los l\u00edmites de edad impuestos por ley para casi todos sus colegas) fue zafar a Cristina<\/strong>&nbsp;de ser, en 70 a\u00f1os de historia peronista, la primera presidente del PJ sometida al voto de los afiliados por los rechazos internos.<\/p>\n\n\n\n<p>Una porci\u00f3n del PJ que podr\u00eda ser considerable no la reconoce como la l\u00edder que el partido necesita para controlar y disputarle el poder al Presidente Milei.<\/p>\n\n\n\n<p>Con un swing perfeccionado con casi 60 a\u00f1os de entrenamiento,&nbsp;<strong>Servini marc\u00f3 el ritmo de la negociaci\u00f3n durante casi tres semanas.<\/strong>&nbsp;Hubo aprietes, ofrecimientos varios y hasta alguna amenazas. En resumen,&nbsp;<strong>le exigi\u00f3 a los operadores judiciales de Wado de Pedro, que le limpiar\u00eda el camino de toda competencia a Cristina si nadie cuestionara su fallo.<\/strong><\/p>\n\n\n\n<p>\u00ab<strong>En esa reuni\u00f3n con el Gitano, la Chuchi se dio cuenta de que el riojano sab\u00eda que perder\u00eda la elecci\u00f3n,<\/strong>&nbsp;pero sent\u00eda que ya hab\u00eda ganado por el patetismo en el que est\u00e1 el peronismo. Adem\u00e1s, se ufanaba de ser el primero que logr\u00f3 descolar a Cristina, cosa que es absolutamente cierto\u00bb, le dice a&nbsp;<strong>Clar\u00edn<\/strong>&nbsp;un ex funcionario K de varias gestiones que habl\u00f3 con los protagonistas de ambos lados.<\/p>\n\n\n\n<p>Ese d\u00eda martes, Quintela hab\u00eda llegado a Buenos Aires con el avi\u00f3n privado de su provincia (en los \u00faltimos tres meses le hizo al aeroplano m\u00e1s horas de vuelo desde que fue comprado hace 5 a\u00f1os) para una reuni\u00f3n privada con varios intendentes del Conurbano. La tuvo que suspender por el llamado de la jueza.<\/p>\n\n\n\n<p><strong>Luego, el jueves a media tarde, como el periodista Pablo de Le\u00f3n describi\u00f3 en Clar\u00edn,<\/strong>&nbsp;Quintela termin\u00f3 de cerrar la negociaci\u00f3n con Jos\u00e9 Mayans. El \u00fanico senador del Frente de Todos que sigue llamando ex Presidente a Cristina (sin la a), anotici\u00f3 al gobernador el fallo de la Chuchi.<\/p>\n\n\n\n<p>Mayans habr\u00eda tenido la promesa de Quintela de que acatar\u00e1 el fallo de Servini, Pero s\u00ed mantendr\u00eda su oposici\u00f3n de no reconocer la lista de la ex presidenta. Se ver\u00e1, si como dicen, la semana que viene allegados al riojano se suman a la n\u00f3mina de la ex presidenta, como ella le habr\u00eda ofrecido ante de la guerra.<\/p>\n\n\n\n<p>\u00abPara que nos bajemos, nos propuso el oro y el moro. Primero, la vicepresidencia y el 25% de los cargos. Luego, el 50% de los cargos. El finde pasado, tambi\u00e9n le sumaron la presidencia de la Sindicatura General de la Naci\u00f3n\u00bb, detalla otro ex funcionario del \u00faltimo gobierno kirchnerista.<\/p>\n\n\n\n<p><strong>La lista de ofrecimiento llegaban de la boca del Juan Manuel Olmos,&nbsp;<\/strong>convertido como en manager del telemarketing cristinista, como antes lo fue de Alberto Fern\u00e1ndez.<\/p>\n\n\n\n<p>Incluso en La C\u00e1mpora, obvio sin levantar ning\u00fan tipo de perdiz, admiten que el desgaste que Quintela y los que la apoyan hicieron sobre la figura de la ex presidenta fue tremendo. Obvio, culpan a Axel Kicillof, pero tambi\u00e9n a muchos intendentes del GBA y otros gobernadores.<\/p>\n\n\n\n<p>Dato mata relato:<strong>&nbsp;toda la novela de las elecciones del PJ se emitieron sin que ni un gobernador peronista diga en p\u00fablico una sola palabra directa en apoyo a la candidatura de Cristina.<\/strong><\/p>\n\n\n\n<p>Cristina perdi\u00f3 ganando. En la pol\u00edtica y m\u00e1s en el peronismo, dicen los m\u00e1s curtidos, de eso no se vuelve. \u00abDecidi\u00f3 ampliar su maternidad a todo el grupete de M\u00e1ximo. Se convirti\u00f3 en la jefa de La C\u00e1mpora para dar la pelea interna, no para hablarle a la gente y sus problemas. Ofreci\u00f3 un show como protagonista que le dio rating a Milei. Muchos que la queremos y respetamos, estamos defraudados\u00bb; reconoce un alt\u00edsimo jefe peronista bonaerense que, como muchos otros, tiene fotos con la ex presidente en su despacho.<\/p>\n\n\n\n<p>Dato menor, pero no tan menor: Cristina siempre detest\u00f3 recibir a dirigentes para apuntalarlos, cosa que no para de hacer, pero ahora obligada para sostener su poder. \u00abHizo, al menos, una 20 reuniones en las \u00faltimos dos semanas. Todas con fotos y marketing. Yo estuve en una de ellas. Me extra\u00f1\u00f3 que quiera ser presidenta del peronismo sin que los afiliados votemos pero no tiene una sola foto del General en su impoluta oficina blanca\u00bb; indica un viejo dirigente con 25 a\u00f1os como congresal del Partido.<\/p>\n\n\n\n<p>Mariano Roa \/ Clar\u00edn<\/p>\n\n\n\n<p><\/p>\n","protected":false},"excerpt":{"rendered":"<p>La magistrada exigi\u00f3 una serie de puntos para fallar a favor de la ex presidenta&#8230;<\/p>\n","protected":false},"author":1,"featured_media":1051,"comment_status":"open","ping_status":"open","sticky":false,"template":"","format":"standard","meta":{"footnotes":""},"categories":[34],"tags":[],"class_list":["post-1050","post","type-post","status-publish","format-standard","has-post-thumbnail","hentry","category-politica"],"yoast_head":"<!-- This site is optimized with the Yoast SEO plugin v27.2 - https:\/\/yoast.com\/product\/yoast-seo-wordpress\/ -->\n<title>Qu\u00e9 negoci\u00f3 Cristina Kirchner con la jueza Servini de Cubr\u00eda para bajar la lista de Quintela en la interna del PJ | Patagonia Rebelde<\/title>\n<meta name=\"robots\" content=\"index, follow, max-snippet:-1, max-image-preview:large, max-video-preview:-1\" \/>\n<link rel=\"canonical\" href=\"https:\/\/patagoniarebeldeweb.com.ar\/?p=1050\" \/>\n<meta property=\"og:locale\" content=\"es_ES\" \/>\n<meta property=\"og:type\" content=\"article\" \/>\n<meta property=\"og:title\" content=\"Qu\u00e9 negoci\u00f3 Cristina Kirchner con la jueza Servini de Cubr\u00eda para bajar la lista de Quintela en la interna del PJ | Patagonia Rebelde\" \/>\n<meta property=\"og:description\" content=\"La magistrada exigi\u00f3 una serie de puntos para fallar a favor de la ex presidenta...\" \/>\n<meta property=\"og:url\" content=\"https:\/\/patagoniarebeldeweb.com.ar\/?p=1050\" \/>\n<meta property=\"og:site_name\" content=\"Patagonia Rebelde\" \/>\n<meta property=\"article:publisher\" content=\"https:\/\/www.facebook.com\/patagoniarebeldeweb\/\" \/>\n<meta property=\"article:published_time\" content=\"2024-11-29T23:01:02+00:00\" \/>\n<meta property=\"article:modified_time\" content=\"2024-11-29T23:01:03+00:00\" \/>\n<meta property=\"og:image\" content=\"https:\/\/patagoniarebeldeweb.com.ar\/wp-content\/uploads\/2024\/11\/vraJjv1Ob_1256x620__1.jpg\" \/>\n\t<meta property=\"og:image:width\" content=\"1256\" \/>\n\t<meta property=\"og:image:height\" content=\"620\" \/>\n\t<meta property=\"og:image:type\" content=\"image\/jpeg\" \/>\n<meta name=\"author\" content=\"admin\" \/>\n<meta name=\"twitter:card\" content=\"summary_large_image\" \/>\n<meta name=\"twitter:label1\" content=\"Escrito por\" \/>\n\t<meta name=\"twitter:data1\" content=\"admin\" \/>\n\t<meta name=\"twitter:label2\" content=\"Tiempo de lectura\" \/>\n\t<meta name=\"twitter:data2\" content=\"5 minutos\" \/>\n<script type=\"application\/ld+json\" class=\"yoast-schema-graph\">{\"@context\":\"https:\/\/schema.org\",\"@graph\":[{\"@type\":\"Article\",\"@id\":\"https:\/\/patagoniarebeldeweb.com.ar\/?p=1050#article\",\"isPartOf\":{\"@id\":\"https:\/\/patagoniarebeldeweb.com.ar\/?p=1050\"},\"author\":{\"name\":\"admin\",\"@id\":\"https:\/\/patagoniarebeldeweb.com.ar\/#\/schema\/person\/e293fd079db65aaa1c67b010d4a45452\"},\"headline\":\"Qu\u00e9 negoci\u00f3 Cristina Kirchner con la jueza Servini de Cubr\u00eda para bajar la lista de Quintela en la interna del PJ\",\"datePublished\":\"2024-11-29T23:01:02+00:00\",\"dateModified\":\"2024-11-29T23:01:03+00:00\",\"mainEntityOfPage\":{\"@id\":\"https:\/\/patagoniarebeldeweb.com.ar\/?p=1050\"},\"wordCount\":996,\"commentCount\":0,\"publisher\":{\"@id\":\"https:\/\/patagoniarebeldeweb.com.ar\/#organization\"},\"image\":{\"@id\":\"https:\/\/patagoniarebeldeweb.com.ar\/?p=1050#primaryimage\"},\"thumbnailUrl\":\"https:\/\/patagoniarebeldeweb.com.ar\/wp-content\/uploads\/2024\/11\/vraJjv1Ob_1256x620__1.jpg\",\"articleSection\":[\"POLITICA\"],\"inLanguage\":\"es-AR\",\"potentialAction\":[{\"@type\":\"CommentAction\",\"name\":\"Comment\",\"target\":[\"https:\/\/patagoniarebeldeweb.com.ar\/?p=1050#respond\"]}]},{\"@type\":\"WebPage\",\"@id\":\"https:\/\/patagoniarebeldeweb.com.ar\/?p=1050\",\"url\":\"https:\/\/patagoniarebeldeweb.com.ar\/?p=1050\",\"name\":\"Qu\u00e9 negoci\u00f3 Cristina Kirchner con la jueza Servini de Cubr\u00eda para bajar la lista de Quintela en la interna del PJ | Patagonia Rebelde\",\"isPartOf\":{\"@id\":\"https:\/\/patagoniarebeldeweb.com.ar\/#website\"},\"primaryImageOfPage\":{\"@id\":\"https:\/\/patagoniarebeldeweb.com.ar\/?p=1050#primaryimage\"},\"image\":{\"@id\":\"https:\/\/patagoniarebeldeweb.com.ar\/?p=1050#primaryimage\"},\"thumbnailUrl\":\"https:\/\/patagoniarebeldeweb.com.ar\/wp-content\/uploads\/2024\/11\/vraJjv1Ob_1256x620__1.jpg\",\"datePublished\":\"2024-11-29T23:01:02+00:00\",\"dateModified\":\"2024-11-29T23:01:03+00:00\",\"breadcrumb\":{\"@id\":\"https:\/\/patagoniarebeldeweb.com.ar\/?p=1050#breadcrumb\"},\"inLanguage\":\"es-AR\",\"potentialAction\":[{\"@type\":\"ReadAction\",\"target\":[\"https:\/\/patagoniarebeldeweb.com.ar\/?p=1050\"]}]},{\"@type\":\"ImageObject\",\"inLanguage\":\"es-AR\",\"@id\":\"https:\/\/patagoniarebeldeweb.com.ar\/?p=1050#primaryimage\",\"url\":\"https:\/\/patagoniarebeldeweb.com.ar\/wp-content\/uploads\/2024\/11\/vraJjv1Ob_1256x620__1.jpg\",\"contentUrl\":\"https:\/\/patagoniarebeldeweb.com.ar\/wp-content\/uploads\/2024\/11\/vraJjv1Ob_1256x620__1.jpg\",\"width\":1256,\"height\":620},{\"@type\":\"BreadcrumbList\",\"@id\":\"https:\/\/patagoniarebeldeweb.com.ar\/?p=1050#breadcrumb\",\"itemListElement\":[{\"@type\":\"ListItem\",\"position\":1,\"name\":\"Portada\",\"item\":\"https:\/\/patagoniarebeldeweb.com.ar\/\"},{\"@type\":\"ListItem\",\"position\":2,\"name\":\"Qu\u00e9 negoci\u00f3 Cristina Kirchner con la jueza Servini de Cubr\u00eda para bajar la lista de Quintela en la interna del PJ\"}]},{\"@type\":\"WebSite\",\"@id\":\"https:\/\/patagoniarebeldeweb.com.ar\/#website\",\"url\":\"https:\/\/patagoniarebeldeweb.com.ar\/\",\"name\":\"Patagonia Rebelde\",\"description\":\"Toda la info de General Rodr\u00edguez\",\"publisher\":{\"@id\":\"https:\/\/patagoniarebeldeweb.com.ar\/#organization\"},\"alternateName\":\"Patagonia Rebelde web\",\"potentialAction\":[{\"@type\":\"SearchAction\",\"target\":{\"@type\":\"EntryPoint\",\"urlTemplate\":\"https:\/\/patagoniarebeldeweb.com.ar\/?s={search_term_string}\"},\"query-input\":{\"@type\":\"PropertyValueSpecification\",\"valueRequired\":true,\"valueName\":\"search_term_string\"}}],\"inLanguage\":\"es-AR\"},{\"@type\":\"Organization\",\"@id\":\"https:\/\/patagoniarebeldeweb.com.ar\/#organization\",\"name\":\"Patagonia Rebelde\",\"alternateName\":\"Patagonia Rebelde web\",\"url\":\"https:\/\/patagoniarebeldeweb.com.ar\/\",\"logo\":{\"@type\":\"ImageObject\",\"inLanguage\":\"es-AR\",\"@id\":\"https:\/\/patagoniarebeldeweb.com.ar\/#\/schema\/logo\/image\/\",\"url\":\"https:\/\/patagoniarebeldeweb.com.ar\/wp-content\/uploads\/2024\/11\/logo-si.png\",\"contentUrl\":\"https:\/\/patagoniarebeldeweb.com.ar\/wp-content\/uploads\/2024\/11\/logo-si.png\",\"width\":460,\"height\":139,\"caption\":\"Patagonia Rebelde\"},\"image\":{\"@id\":\"https:\/\/patagoniarebeldeweb.com.ar\/#\/schema\/logo\/image\/\"},\"sameAs\":[\"https:\/\/www.facebook.com\/patagoniarebeldeweb\/\",\"https:\/\/www.youtube.com\/@edgardomiller\"]},{\"@type\":\"Person\",\"@id\":\"https:\/\/patagoniarebeldeweb.com.ar\/#\/schema\/person\/e293fd079db65aaa1c67b010d4a45452\",\"name\":\"admin\",\"image\":{\"@type\":\"ImageObject\",\"inLanguage\":\"es-AR\",\"@id\":\"https:\/\/secure.gravatar.com\/avatar\/aee4690e6ac4e427fd6efdc77149c35418ee5cc06426f4da7bc3ec412f507eb1?s=96&d=mm&r=g\",\"url\":\"https:\/\/secure.gravatar.com\/avatar\/aee4690e6ac4e427fd6efdc77149c35418ee5cc06426f4da7bc3ec412f507eb1?s=96&d=mm&r=g\",\"contentUrl\":\"https:\/\/secure.gravatar.com\/avatar\/aee4690e6ac4e427fd6efdc77149c35418ee5cc06426f4da7bc3ec412f507eb1?s=96&d=mm&r=g\",\"caption\":\"admin\"},\"sameAs\":[\"https:\/\/patagoniarebeldeweb.com.ar\"],\"url\":\"https:\/\/patagoniarebeldeweb.com.ar\/?author=1\"}]}<\/script>\n<!-- \/ Yoast SEO plugin. -->","yoast_head_json":{"title":"Qu\u00e9 negoci\u00f3 Cristina Kirchner con la jueza Servini de Cubr\u00eda para bajar la lista de Quintela en la interna del PJ | Patagonia Rebelde","robots":{"index":"index","follow":"follow","max-snippet":"max-snippet:-1","max-image-preview":"max-image-preview:large","max-video-preview":"max-video-preview:-1"},"canonical":"https:\/\/patagoniarebeldeweb.com.ar\/?p=1050","og_locale":"es_ES","og_type":"article","og_title":"Qu\u00e9 negoci\u00f3 Cristina Kirchner con la jueza Servini de Cubr\u00eda para bajar la lista de Quintela en la interna del PJ | Patagonia Rebelde","og_description":"La magistrada exigi\u00f3 una serie de puntos para fallar a favor de la ex presidenta...","og_url":"https:\/\/patagoniarebeldeweb.com.ar\/?p=1050","og_site_name":"Patagonia Rebelde","article_publisher":"https:\/\/www.facebook.com\/patagoniarebeldeweb\/","article_published_time":"2024-11-29T23:01:02+00:00","article_modified_time":"2024-11-29T23:01:03+00:00","og_image":[{"width":1256,"height":620,"url":"https:\/\/patagoniarebeldeweb.com.ar\/wp-content\/uploads\/2024\/11\/vraJjv1Ob_1256x620__1.jpg","type":"image\/jpeg"}],"author":"admin","twitter_card":"summary_large_image","twitter_misc":{"Escrito por":"admin","Tiempo de lectura":"5 minutos"},"schema":{"@context":"https:\/\/schema.org","@graph":[{"@type":"Article","@id":"https:\/\/patagoniarebeldeweb.com.ar\/?p=1050#article","isPartOf":{"@id":"https:\/\/patagoniarebeldeweb.com.ar\/?p=1050"},"author":{"name":"admin","@id":"https:\/\/patagoniarebeldeweb.com.ar\/#\/schema\/person\/e293fd079db65aaa1c67b010d4a45452"},"headline":"Qu\u00e9 negoci\u00f3 Cristina Kirchner con la jueza Servini de Cubr\u00eda para bajar la lista de Quintela en la interna del PJ","datePublished":"2024-11-29T23:01:02+00:00","dateModified":"2024-11-29T23:01:03+00:00","mainEntityOfPage":{"@id":"https:\/\/patagoniarebeldeweb.com.ar\/?p=1050"},"wordCount":996,"commentCount":0,"publisher":{"@id":"https:\/\/patagoniarebeldeweb.com.ar\/#organization"},"image":{"@id":"https:\/\/patagoniarebeldeweb.com.ar\/?p=1050#primaryimage"},"thumbnailUrl":"https:\/\/patagoniarebeldeweb.com.ar\/wp-content\/uploads\/2024\/11\/vraJjv1Ob_1256x620__1.jpg","articleSection":["POLITICA"],"inLanguage":"es-AR","potentialAction":[{"@type":"CommentAction","name":"Comment","target":["https:\/\/patagoniarebeldeweb.com.ar\/?p=1050#respond"]}]},{"@type":"WebPage","@id":"https:\/\/patagoniarebeldeweb.com.ar\/?p=1050","url":"https:\/\/patagoniarebeldeweb.com.ar\/?p=1050","name":"Qu\u00e9 negoci\u00f3 Cristina Kirchner con la jueza Servini de Cubr\u00eda para bajar la lista de Quintela en la interna del PJ | Patagonia Rebelde","isPartOf":{"@id":"https:\/\/patagoniarebeldeweb.com.ar\/#website"},"primaryImageOfPage":{"@id":"https:\/\/patagoniarebeldeweb.com.ar\/?p=1050#primaryimage"},"image":{"@id":"https:\/\/patagoniarebeldeweb.com.ar\/?p=1050#primaryimage"},"thumbnailUrl":"https:\/\/patagoniarebeldeweb.com.ar\/wp-content\/uploads\/2024\/11\/vraJjv1Ob_1256x620__1.jpg","datePublished":"2024-11-29T23:01:02+00:00","dateModified":"2024-11-29T23:01:03+00:00","breadcrumb":{"@id":"https:\/\/patagoniarebeldeweb.com.ar\/?p=1050#breadcrumb"},"inLanguage":"es-AR","potentialAction":[{"@type":"ReadAction","target":["https:\/\/patagoniarebeldeweb.com.ar\/?p=1050"]}]},{"@type":"ImageObject","inLanguage":"es-AR","@id":"https:\/\/patagoniarebeldeweb.com.ar\/?p=1050#primaryimage","url":"https:\/\/patagoniarebeldeweb.com.ar\/wp-content\/uploads\/2024\/11\/vraJjv1Ob_1256x620__1.jpg","contentUrl":"https:\/\/patagoniarebeldeweb.com.ar\/wp-content\/uploads\/2024\/11\/vraJjv1Ob_1256x620__1.jpg","width":1256,"height":620},{"@type":"BreadcrumbList","@id":"https:\/\/patagoniarebeldeweb.com.ar\/?p=1050#breadcrumb","itemListElement":[{"@type":"ListItem","position":1,"name":"Portada","item":"https:\/\/patagoniarebeldeweb.com.ar\/"},{"@type":"ListItem","position":2,"name":"Qu\u00e9 negoci\u00f3 Cristina Kirchner con la jueza Servini de Cubr\u00eda para bajar la lista de Quintela en la interna del PJ"}]},{"@type":"WebSite","@id":"https:\/\/patagoniarebeldeweb.com.ar\/#website","url":"https:\/\/patagoniarebeldeweb.com.ar\/","name":"Patagonia Rebelde","description":"Toda la info de General Rodr\u00edguez","publisher":{"@id":"https:\/\/patagoniarebeldeweb.com.ar\/#organization"},"alternateName":"Patagonia Rebelde web","potentialAction":[{"@type":"SearchAction","target":{"@type":"EntryPoint","urlTemplate":"https:\/\/patagoniarebeldeweb.com.ar\/?s={search_term_string}"},"query-input":{"@type":"PropertyValueSpecification","valueRequired":true,"valueName":"search_term_string"}}],"inLanguage":"es-AR"},{"@type":"Organization","@id":"https:\/\/patagoniarebeldeweb.com.ar\/#organization","name":"Patagonia Rebelde","alternateName":"Patagonia Rebelde web","url":"https:\/\/patagoniarebeldeweb.com.ar\/","logo":{"@type":"ImageObject","inLanguage":"es-AR","@id":"https:\/\/patagoniarebeldeweb.com.ar\/#\/schema\/logo\/image\/","url":"https:\/\/patagoniarebeldeweb.com.ar\/wp-content\/uploads\/2024\/11\/logo-si.png","contentUrl":"https:\/\/patagoniarebeldeweb.com.ar\/wp-content\/uploads\/2024\/11\/logo-si.png","width":460,"height":139,"caption":"Patagonia Rebelde"},"image":{"@id":"https:\/\/patagoniarebeldeweb.com.ar\/#\/schema\/logo\/image\/"},"sameAs":["https:\/\/www.facebook.com\/patagoniarebeldeweb\/","https:\/\/www.youtube.com\/@edgardomiller"]},{"@type":"Person","@id":"https:\/\/patagoniarebeldeweb.com.ar\/#\/schema\/person\/e293fd079db65aaa1c67b010d4a45452","name":"admin","image":{"@type":"ImageObject","inLanguage":"es-AR","@id":"https:\/\/secure.gravatar.com\/avatar\/aee4690e6ac4e427fd6efdc77149c35418ee5cc06426f4da7bc3ec412f507eb1?s=96&d=mm&r=g","url":"https:\/\/secure.gravatar.com\/avatar\/aee4690e6ac4e427fd6efdc77149c35418ee5cc06426f4da7bc3ec412f507eb1?s=96&d=mm&r=g","contentUrl":"https:\/\/secure.gravatar.com\/avatar\/aee4690e6ac4e427fd6efdc77149c35418ee5cc06426f4da7bc3ec412f507eb1?s=96&d=mm&r=g","caption":"admin"},"sameAs":["https:\/\/patagoniarebeldeweb.com.ar"],"url":"https:\/\/patagoniarebeldeweb.com.ar\/?author=1"}]}},"featured_image_urls":{"full":["https:\/\/patagoniarebeldeweb.com.ar\/wp-content\/uploads\/2024\/11\/vraJjv1Ob_1256x620__1.jpg",1256,620,false],"thumbnail":["https:\/\/patagoniarebeldeweb.com.ar\/wp-content\/uploads\/2024\/11\/vraJjv1Ob_1256x620__1-150x150.jpg",150,150,true],"medium":["https:\/\/patagoniarebeldeweb.com.ar\/wp-content\/uploads\/2024\/11\/vraJjv1Ob_1256x620__1-300x148.jpg",300,148,true],"medium_large":["https:\/\/patagoniarebeldeweb.com.ar\/wp-content\/uploads\/2024\/11\/vraJjv1Ob_1256x620__1-768x379.jpg",640,316,true],"large":["https:\/\/patagoniarebeldeweb.com.ar\/wp-content\/uploads\/2024\/11\/vraJjv1Ob_1256x620__1-1024x505.jpg",640,316,true],"1536x1536":["https:\/\/patagoniarebeldeweb.com.ar\/wp-content\/uploads\/2024\/11\/vraJjv1Ob_1256x620__1.jpg",1256,620,false],"2048x2048":["https:\/\/patagoniarebeldeweb.com.ar\/wp-content\/uploads\/2024\/11\/vraJjv1Ob_1256x620__1.jpg",1256,620,false],"enternews-slider-full":["https:\/\/patagoniarebeldeweb.com.ar\/wp-content\/uploads\/2024\/11\/vraJjv1Ob_1256x620__1.jpg",1256,620,false],"enternews-featured":["https:\/\/patagoniarebeldeweb.com.ar\/wp-content\/uploads\/2024\/11\/vraJjv1Ob_1256x620__1-1024x505.jpg",1024,505,true],"enternews-medium":["https:\/\/patagoniarebeldeweb.com.ar\/wp-content\/uploads\/2024\/11\/vraJjv1Ob_1256x620__1-720x475.jpg",720,475,true]},"author_info":{"display_name":"admin","author_link":"https:\/\/patagoniarebeldeweb.com.ar\/?author=1"},"category_info":"<a href=\"https:\/\/patagoniarebeldeweb.com.ar\/?cat=34\" rel=\"category\">POLITICA<\/a>","tag_info":"POLITICA","comment_count":"0","_links":{"self":[{"href":"https:\/\/patagoniarebeldeweb.com.ar\/index.php?rest_route=\/wp\/v2\/posts\/1050","targetHints":{"allow":["GET"]}}],"collection":[{"href":"https:\/\/patagoniarebeldeweb.com.ar\/index.php?rest_route=\/wp\/v2\/posts"}],"about":[{"href":"https:\/\/patagoniarebeldeweb.com.ar\/index.php?rest_route=\/wp\/v2\/types\/post"}],"author":[{"embeddable":true,"href":"https:\/\/patagoniarebeldeweb.com.ar\/index.php?rest_route=\/wp\/v2\/users\/1"}],"replies":[{"embeddable":true,"href":"https:\/\/patagoniarebeldeweb.com.ar\/index.php?rest_route=%2Fwp%2Fv2%2Fcomments&post=1050"}],"version-history":[{"count":1,"href":"https:\/\/patagoniarebeldeweb.com.ar\/index.php?rest_route=\/wp\/v2\/posts\/1050\/revisions"}],"predecessor-version":[{"id":1052,"href":"https:\/\/patagoniarebeldeweb.com.ar\/index.php?rest_route=\/wp\/v2\/posts\/1050\/revisions\/1052"}],"wp:featuredmedia":[{"embeddable":true,"href":"https:\/\/patagoniarebeldeweb.com.ar\/index.php?rest_route=\/wp\/v2\/media\/1051"}],"wp:attachment":[{"href":"https:\/\/patagoniarebeldeweb.com.ar\/index.php?rest_route=%2Fwp%2Fv2%2Fmedia&parent=1050"}],"wp:term":[{"taxonomy":"category","embeddable":true,"href":"https:\/\/patagoniarebeldeweb.com.ar\/index.php?rest_route=%2Fwp%2Fv2%2Fcategories&post=1050"},{"taxonomy":"post_tag","embeddable":true,"href":"https:\/\/patagoniarebeldeweb.com.ar\/index.php?rest_route=%2Fwp%2Fv2%2Ftags&post=1050"}],"curies":[{"name":"wp","href":"https:\/\/api.w.org\/{rel}","templated":true}]}}